{"id":8615,"date":"2011-11-18T09:56:54","date_gmt":"2011-11-18T12:56:54","guid":{"rendered":"http:\/\/www.blogdopilako.com.br\/wp\/?p=8615"},"modified":"2011-11-18T09:59:47","modified_gmt":"2011-11-18T12:59:47","slug":"postura","status":"publish","type":"post","link":"http:\/\/www.blogdopilako.com.br\/wp\/2011\/11\/18\/postura\/","title":{"rendered":"Postura"},"content":{"rendered":"\n\t\t\t\t<div class=\"mr_social_sharing_wrapper\">\n\t\t\t\t<!-- Social Sharing Toolkit v2.2 --><span class=\"mr_social_sharing_top\"><span style=\"display: inline-block; width: 55px; height: 62px; overflow: hidden;\"><div class=\"fb-like\" data-href=\"http:\/\/www.blogdopilako.com.br\/wp\/2011\/11\/18\/postura\/\" data-send=\"false\" data-layout=\"box_count\" data-width=\"55\" data-show-faces=\"false\"><\/div><\/span><\/span><span class=\"mr_social_sharing_top\"><fb:share-button type=\"box_count\" href=\"http:\/\/www.blogdopilako.com.br\/wp\/2011\/11\/18\/postura\/\"><\/fb:share-button><\/span><span class=\"mr_social_sharing\"><a rel=\"nofollow\" class=\"linksalpha_button linksalpha_link\" href=\"\/\/www.linksalpha.com\/social\/mobile\" data-url=\"http:\/\/www.blogdopilako.com.br\/wp\/2011\/11\/18\/postura\/\" data-text=\"Postura\" data-desc=\"O \u201cInformativo a Voz\u201d, \u00f3rg\u00e3o independente e informativo de novembro, publicado por membros da Igreja Assembleia de Deus, em seu editorial, comenta e analisa o C\u00f3digo de Postura Municipal. Sem desdouro, critica o ex-prefeito Jos\u00e9 Agla\u00edlson, com justi\u00e7a, por n\u00e3o ter respeitado o espa\u00e7o\" data-image=\"http:\/\/www.blogdopilako.com.br\/wp\/wp-content\/uploads\/avoz-106.jpg\" data-button=\"none\">\n\t\t\t\t\t<img src=\"\/\/www.linksalpha.com\/images\/social_share_button.png\" alt=\"Share\" class=\"linksalpha_image\" \/>\n\t\t\t\t\t<\/a><script type=\"text\/javascript\" src=\"\/\/www.linksalpha.com\/scripts\/loader_iconbox.js?v=2.4\"><\/script><\/span><\/div><p style=\"text-align: justify;\">\n<a href=\"http:\/\/www.blogdopilako.com.br\/wp\/wp-content\/uploads\/avoz-106.jpg\"><img loading=\"lazy\" class=\"aligncenter size-full wp-image-8431\" title=\"avoz-106\" src=\"http:\/\/www.blogdopilako.com.br\/wp\/wp-content\/uploads\/avoz-106.jpg\" alt=\"\" width=\"481\" height=\"693\" \/><\/a>O <em><strong>\u201cInformativo a Voz\u201d<\/strong><\/em>, \u00f3rg\u00e3o independente e informativo de <strong>novembro<\/strong>, publicado por membros da Igreja Assembleia de Deus, em seu editorial, comenta e analisa o C\u00f3digo de Postura Municipal. Sem desdouro, critica o ex-prefeito Jos\u00e9 Agla\u00edlson, com justi\u00e7a, por n\u00e3o ter respeitado o espa\u00e7o p\u00fablico, ter permitido invas\u00f5es de cal\u00e7adas, pra\u00e7as e at\u00e9 de ruas, <strong><em>como se o atual prefeito Elias Lira n\u00e3o tivesse tamb\u00e9m cometido os mesmos desatinos.<\/em><\/strong> Com brados de derris\u00e3o sentei-me \u00e0 beira da cal\u00e7ada e meditei\u00a0 horas a fio sobre a falta de imparcialidade. <strong><em>Votei em Elias, quem me conhece sabe disso, sou membro da equipe do seu governo, participei da elabora\u00e7\u00e3o do seu plano de trabalho e desdobrei-me na campanha, todavia n\u00e3o posso esconder que Elias e Agla\u00edlson s\u00e3o, administrativamente, irm\u00e3os g\u00eameos.<\/em><\/strong> Ao conspecto da posteridade os dois receber\u00e3o a mesma senten\u00e7a, para isto serve a imprensa livre e independente.<\/p>\n<p><em><strong>Pedro Ferrer<\/strong><\/em><\/p>\n\n\t\t\t\t<div class=\"mr_social_sharing_wrapper\">\n\t\t\t\t<!-- Social Sharing Toolkit v2.2 --><span class=\"mr_social_sharing_top\"><span style=\"display: inline-block; width: 55px; height: 62px; overflow: hidden;\"><div class=\"fb-like\" data-href=\"http:\/\/www.blogdopilako.com.br\/wp\/2011\/11\/18\/postura\/\" data-send=\"false\" data-layout=\"box_count\" data-width=\"55\" data-show-faces=\"false\"><\/div><\/span><\/span><span class=\"mr_social_sharing_top\"><fb:share-button type=\"box_count\" href=\"http:\/\/www.blogdopilako.com.br\/wp\/2011\/11\/18\/postura\/\"><\/fb:share-button><\/span><span class=\"mr_social_sharing\"><a rel=\"nofollow\" class=\"linksalpha_button linksalpha_link\" href=\"\/\/www.linksalpha.com\/social\/mobile\" data-url=\"http:\/\/www.blogdopilako.com.br\/wp\/2011\/11\/18\/postura\/\" data-text=\"Postura\" data-desc=\"O \u201cInformativo a Voz\u201d, \u00f3rg\u00e3o independente e informativo de novembro, publicado por membros da Igreja Assembleia de Deus, em seu editorial, comenta e analisa o C\u00f3digo de Postura Municipal. Sem desdouro, critica o ex-prefeito Jos\u00e9 Agla\u00edlson, com justi\u00e7a, por n\u00e3o ter respeitado o espa\u00e7o\" data-image=\"http:\/\/www.blogdopilako.com.br\/wp\/wp-content\/uploads\/avoz-106.jpg\" data-button=\"none\">\n\t\t\t\t\t<img src=\"\/\/www.linksalpha.com\/images\/social_share_button.png\" alt=\"Share\" class=\"linksalpha_image\" \/>\n\t\t\t\t\t<\/a><script type=\"text\/javascript\" src=\"\/\/www.linksalpha.com\/scripts\/loader_iconbox.js?v=2.4\"><\/script><\/span><\/div>","protected":false},"excerpt":{"rendered":"\n\t\t\t\t<div class=\"mr_social_sharing_wrapper\">\n\t\t\t\t<!-- Social Sharing Toolkit v2.2 --><span class=\"mr_social_sharing_top\"><span style=\"display: inline-block; width: 55px; height: 62px; overflow: hidden;\"><div class=\"fb-like\" data-href=\"http:\/\/www.blogdopilako.com.br\/wp\/2011\/11\/18\/postura\/\" data-send=\"false\" data-layout=\"box_count\" data-width=\"55\" data-show-faces=\"false\"><\/div><\/span><\/span><span class=\"mr_social_sharing_top\"><fb:share-button type=\"box_count\" href=\"http:\/\/www.blogdopilako.com.br\/wp\/2011\/11\/18\/postura\/\"><\/fb:share-button><\/span><span class=\"mr_social_sharing\"><a rel=\"nofollow\" class=\"linksalpha_button linksalpha_link\" href=\"\/\/www.linksalpha.com\/social\/mobile\" data-url=\"http:\/\/www.blogdopilako.com.br\/wp\/2011\/11\/18\/postura\/\" data-text=\"Postura\" data-desc=\"O \u201cInformativo a Voz\u201d, \u00f3rg\u00e3o independente e informativo de novembro, publicado por membros da Igreja Assembleia de Deus, em seu editorial, comenta e analisa o C\u00f3digo de Postura Municipal. Sem desdouro, critica o ex-prefeito Jos\u00e9 Agla\u00edlson, com justi\u00e7a, por n\u00e3o ter respeitado o espa\u00e7o\" data-image=\"\" data-button=\"none\">\n\t\t\t\t\t<img src=\"\/\/www.linksalpha.com\/images\/social_share_button.png\" alt=\"Share\" class=\"linksalpha_image\" \/>\n\t\t\t\t\t<\/a><script type=\"text\/javascript\" src=\"\/\/www.linksalpha.com\/scripts\/loader_iconbox.js?v=2.4\"><\/script><\/span><\/div><p>O \u201cInformativo a Voz\u201d, \u00f3rg\u00e3o independente e informativo de novembro, publicado por membros da Igreja Assembleia de Deus, em seu editorial, comenta e analisa o C\u00f3digo de Postura Municipal. Sem desdouro, critica o ex-prefeito Jos\u00e9 Agla\u00edlson, com justi\u00e7a, por n\u00e3o &hellip; <a href=\"http:\/\/www.blogdopilako.com.br\/wp\/2011\/11\/18\/postura\/\">Continue lendo <span class=\"meta-nav\">&rarr;<\/span><\/a><\/p>\n\n\t\t\t\t<div class=\"mr_social_sharing_wrapper\">\n\t\t\t\t<!-- Social Sharing Toolkit v2.2 --><span class=\"mr_social_sharing_top\"><span style=\"display: inline-block; width: 55px; height: 62px; overflow: hidden;\"><div class=\"fb-like\" data-href=\"http:\/\/www.blogdopilako.com.br\/wp\/2011\/11\/18\/postura\/\" data-send=\"false\" data-layout=\"box_count\" data-width=\"55\" data-show-faces=\"false\"><\/div><\/span><\/span><span class=\"mr_social_sharing_top\"><fb:share-button type=\"box_count\" href=\"http:\/\/www.blogdopilako.com.br\/wp\/2011\/11\/18\/postura\/\"><\/fb:share-button><\/span><span class=\"mr_social_sharing\"><a rel=\"nofollow\" class=\"linksalpha_button linksalpha_link\" href=\"\/\/www.linksalpha.com\/social\/mobile\" data-url=\"http:\/\/www.blogdopilako.com.br\/wp\/2011\/11\/18\/postura\/\" data-text=\"Postura\" data-desc=\"O \u201cInformativo a Voz\u201d, \u00f3rg\u00e3o independente e informativo de novembro, publicado por membros da Igreja Assembleia de Deus, em seu editorial, comenta e analisa o C\u00f3digo de Postura Municipal. Sem desdouro, critica o ex-prefeito Jos\u00e9 Agla\u00edlson, com justi\u00e7a, por n\u00e3o ter respeitado o espa\u00e7o\" data-image=\"\" data-button=\"none\">\n\t\t\t\t\t<img src=\"\/\/www.linksalpha.com\/images\/social_share_button.png\" alt=\"Share\" class=\"linksalpha_image\" \/>\n\t\t\t\t\t<\/a><script type=\"text\/javascript\" src=\"\/\/www.linksalpha.com\/scripts\/loader_iconbox.js?v=2.4\"><\/script><\/span><\/div>","protected":false},"author":4,"featured_media":0,"comment_status":"open","ping_status":"open","sticky":false,"template":"","format":"standard","meta":[],"categories":[22,18],"tags":[],"_links":{"self":[{"href":"http:\/\/www.blogdopilako.com.br\/wp\/wp-json\/wp\/v2\/posts\/8615"}],"collection":[{"href":"http:\/\/www.blogdopilako.com.br\/wp\/wp-json\/wp\/v2\/posts"}],"about":[{"href":"http:\/\/www.blogdopilako.com.br\/wp\/wp-json\/wp\/v2\/types\/post"}],"author":[{"embeddable":true,"href":"http:\/\/www.blogdopilako.com.br\/wp\/wp-json\/wp\/v2\/users\/4"}],"replies":[{"embeddable":true,"href":"http:\/\/www.blogdopilako.com.br\/wp\/wp-json\/wp\/v2\/comments?post=8615"}],"version-history":[{"count":3,"href":"http:\/\/www.blogdopilako.com.br\/wp\/wp-json\/wp\/v2\/posts\/8615\/revisions"}],"predecessor-version":[{"id":8621,"href":"http:\/\/www.blogdopilako.com.br\/wp\/wp-json\/wp\/v2\/posts\/8615\/revisions\/8621"}],"wp:attachment":[{"href":"http:\/\/www.blogdopilako.com.br\/wp\/wp-json\/wp\/v2\/media?parent=8615"}],"wp:term":[{"taxonomy":"category","embeddable":true,"href":"http:\/\/www.blogdopilako.com.br\/wp\/wp-json\/wp\/v2\/categories?post=8615"},{"taxonomy":"post_tag","embeddable":true,"href":"http:\/\/www.blogdopilako.com.br\/wp\/wp-json\/wp\/v2\/tags?post=8615"}],"curies":[{"name":"wp","href":"https:\/\/api.w.org\/{rel}","templated":true}]}}