{"id":829,"date":"2011-07-01T17:19:06","date_gmt":"2011-07-01T20:19:06","guid":{"rendered":"http:\/\/www.blogdopilako.com.br\/wp\/?p=829"},"modified":"2011-07-01T17:21:36","modified_gmt":"2011-07-01T20:21:36","slug":"clinica-de-fisioterapia-da-vitoria-evandro-couceiro","status":"publish","type":"post","link":"http:\/\/www.blogdopilako.com.br\/wp\/2011\/07\/01\/clinica-de-fisioterapia-da-vitoria-evandro-couceiro\/","title":{"rendered":"Cl\u00ednica de Fisioterapia da Vit\u00f3ria Evandro Couceiro"},"content":{"rendered":"\n\t\t\t\t<div class=\"mr_social_sharing_wrapper\">\n\t\t\t\t<!-- Social Sharing Toolkit v2.2 --><span class=\"mr_social_sharing_top\"><span style=\"display: inline-block; width: 55px; height: 62px; overflow: hidden;\"><div class=\"fb-like\" data-href=\"http:\/\/www.blogdopilako.com.br\/wp\/2011\/07\/01\/clinica-de-fisioterapia-da-vitoria-evandro-couceiro\/\" data-send=\"false\" data-layout=\"box_count\" data-width=\"55\" data-show-faces=\"false\"><\/div><\/span><\/span><span class=\"mr_social_sharing_top\"><fb:share-button type=\"box_count\" href=\"http:\/\/www.blogdopilako.com.br\/wp\/2011\/07\/01\/clinica-de-fisioterapia-da-vitoria-evandro-couceiro\/\"><\/fb:share-button><\/span><span class=\"mr_social_sharing\"><a rel=\"nofollow\" class=\"linksalpha_button linksalpha_link\" href=\"\/\/www.linksalpha.com\/social\/mobile\" data-url=\"http:\/\/www.blogdopilako.com.br\/wp\/2011\/07\/01\/clinica-de-fisioterapia-da-vitoria-evandro-couceiro\/\" data-text=\"Cl\u00ednica de Fisioterapia da Vit\u00f3ria Evandro Couceiro\" data-desc=\"\u00a0 Dando continuidade\u00a0\u00e0 s\u00e9rie de postagens das informa\u00e7\u00f5es sobre os Unidades de Sa\u00fade de nossa cidade, hoje publicamos a Cl\u00ednica de Fisioterapia da Vit\u00f3ria Evandro Couceiro. O Cl\u00ednica de Fisioterapia da Vit\u00f3ria Evandro Couceiro\u00a0fica localizada na Pra\u00e7a DOM Luis de Brito, 358 -\u00a0Matriz.\" data-image=\"http:\/\/2.bp.blogspot.com\/_eSECo7ufOWY\/S4w9mNJ7oKI\/AAAAAAAAAXo\/aEejJOTaKuk\/s400\/olho_grande_lupa.jpg\" data-button=\"none\">\n\t\t\t\t\t<img src=\"\/\/www.linksalpha.com\/images\/social_share_button.png\" alt=\"Share\" class=\"linksalpha_image\" \/>\n\t\t\t\t\t<\/a><script type=\"text\/javascript\" src=\"\/\/www.linksalpha.com\/scripts\/loader_iconbox.js?v=2.4\"><\/script><\/span><\/div><p>\u00a0<img loading=\"lazy\" class=\"aligncenter\" title=\"DeOlho\" src=\"http:\/\/2.bp.blogspot.com\/_eSECo7ufOWY\/S4w9mNJ7oKI\/AAAAAAAAAXo\/aEejJOTaKuk\/s400\/olho_grande_lupa.jpg\" alt=\"\" width=\"368\" height=\"400\" \/><\/p>\n<p style=\"text-align: justify;\">Dando continuidade\u00a0\u00e0 s\u00e9rie de postagens das informa\u00e7\u00f5es sobre os Unidades de Sa\u00fade de nossa cidade, hoje publicamos a <strong>Cl\u00ednica de Fisioterapia da Vit\u00f3ria Evandro <\/strong><strong>Couceiro.<\/strong><\/p>\n<p style=\"text-align: justify;\">O <strong>Cl\u00ednica de Fisioterapia da Vit\u00f3ria Evandro Couceiro\u00a0<\/strong>fica localizada na Pra\u00e7a DOM Luis de Brito, 358 &#8211;\u00a0Matriz.<\/p>\n<p style=\"text-align: justify;\">Segundo o Minist\u00e9rio da Sa\u00fade, a Clinica conta com <strong>08<\/strong> Fisioterapeutas, <strong>02 <\/strong>Fonoaudi\u00f3logos.<\/p>\n<p style=\"text-align: center;\"><strong>FISIOTERAPEUTAS<\/strong><\/p>\n<p>[table id=6 \/]<\/p>\n<p style=\"text-align: center;\"><strong>FONOAUDI\u00d3LOGOS<\/strong><\/p>\n<p>[table id=7 \/]<\/p>\n\n\t\t\t\t<div class=\"mr_social_sharing_wrapper\">\n\t\t\t\t<!-- Social Sharing Toolkit v2.2 --><span class=\"mr_social_sharing_top\"><span style=\"display: inline-block; width: 55px; height: 62px; overflow: hidden;\"><div class=\"fb-like\" data-href=\"http:\/\/www.blogdopilako.com.br\/wp\/2011\/07\/01\/clinica-de-fisioterapia-da-vitoria-evandro-couceiro\/\" data-send=\"false\" data-layout=\"box_count\" data-width=\"55\" data-show-faces=\"false\"><\/div><\/span><\/span><span class=\"mr_social_sharing_top\"><fb:share-button type=\"box_count\" href=\"http:\/\/www.blogdopilako.com.br\/wp\/2011\/07\/01\/clinica-de-fisioterapia-da-vitoria-evandro-couceiro\/\"><\/fb:share-button><\/span><span class=\"mr_social_sharing\"><a rel=\"nofollow\" class=\"linksalpha_button linksalpha_link\" href=\"\/\/www.linksalpha.com\/social\/mobile\" data-url=\"http:\/\/www.blogdopilako.com.br\/wp\/2011\/07\/01\/clinica-de-fisioterapia-da-vitoria-evandro-couceiro\/\" data-text=\"Cl\u00ednica de Fisioterapia da Vit\u00f3ria Evandro Couceiro\" data-desc=\"\u00a0 Dando continuidade\u00a0\u00e0 s\u00e9rie de postagens das informa\u00e7\u00f5es sobre os Unidades de Sa\u00fade de nossa cidade, hoje publicamos a Cl\u00ednica de Fisioterapia da Vit\u00f3ria Evandro Couceiro. O Cl\u00ednica de Fisioterapia da Vit\u00f3ria Evandro Couceiro\u00a0fica localizada na Pra\u00e7a DOM Luis de Brito, 358 -\u00a0Matriz.\" data-image=\"http:\/\/2.bp.blogspot.com\/_eSECo7ufOWY\/S4w9mNJ7oKI\/AAAAAAAAAXo\/aEejJOTaKuk\/s400\/olho_grande_lupa.jpg\" data-button=\"none\">\n\t\t\t\t\t<img src=\"\/\/www.linksalpha.com\/images\/social_share_button.png\" alt=\"Share\" class=\"linksalpha_image\" \/>\n\t\t\t\t\t<\/a><script type=\"text\/javascript\" src=\"\/\/www.linksalpha.com\/scripts\/loader_iconbox.js?v=2.4\"><\/script><\/span><\/div>","protected":false},"excerpt":{"rendered":"\n\t\t\t\t<div class=\"mr_social_sharing_wrapper\">\n\t\t\t\t<!-- Social Sharing Toolkit v2.2 --><span class=\"mr_social_sharing_top\"><span style=\"display: inline-block; width: 55px; height: 62px; overflow: hidden;\"><div class=\"fb-like\" data-href=\"http:\/\/www.blogdopilako.com.br\/wp\/2011\/07\/01\/clinica-de-fisioterapia-da-vitoria-evandro-couceiro\/\" data-send=\"false\" data-layout=\"box_count\" data-width=\"55\" data-show-faces=\"false\"><\/div><\/span><\/span><span class=\"mr_social_sharing_top\"><fb:share-button type=\"box_count\" href=\"http:\/\/www.blogdopilako.com.br\/wp\/2011\/07\/01\/clinica-de-fisioterapia-da-vitoria-evandro-couceiro\/\"><\/fb:share-button><\/span><span class=\"mr_social_sharing\"><a rel=\"nofollow\" class=\"linksalpha_button linksalpha_link\" href=\"\/\/www.linksalpha.com\/social\/mobile\" data-url=\"http:\/\/www.blogdopilako.com.br\/wp\/2011\/07\/01\/clinica-de-fisioterapia-da-vitoria-evandro-couceiro\/\" data-text=\"Cl\u00ednica de Fisioterapia da Vit\u00f3ria Evandro Couceiro\" data-desc=\"\u00a0 Dando continuidade\u00a0\u00e0 s\u00e9rie de postagens das informa\u00e7\u00f5es sobre os Unidades de Sa\u00fade de nossa cidade, hoje publicamos a Cl\u00ednica de Fisioterapia da Vit\u00f3ria Evandro Couceiro. O Cl\u00ednica de Fisioterapia da Vit\u00f3ria Evandro Couceiro\u00a0fica localizada na Pra\u00e7a DOM Luis de Brito, 358 -\u00a0Matriz.\" data-image=\"\" data-button=\"none\">\n\t\t\t\t\t<img src=\"\/\/www.linksalpha.com\/images\/social_share_button.png\" alt=\"Share\" class=\"linksalpha_image\" \/>\n\t\t\t\t\t<\/a><script type=\"text\/javascript\" src=\"\/\/www.linksalpha.com\/scripts\/loader_iconbox.js?v=2.4\"><\/script><\/span><\/div><p>\u00a0 Dando continuidade\u00a0\u00e0 s\u00e9rie de postagens das informa\u00e7\u00f5es sobre os Unidades de Sa\u00fade de nossa cidade, hoje publicamos a Cl\u00ednica de Fisioterapia da Vit\u00f3ria Evandro Couceiro. O Cl\u00ednica de Fisioterapia da Vit\u00f3ria Evandro Couceiro\u00a0fica localizada na Pra\u00e7a DOM Luis de &hellip; <a href=\"http:\/\/www.blogdopilako.com.br\/wp\/2011\/07\/01\/clinica-de-fisioterapia-da-vitoria-evandro-couceiro\/\">Continue lendo <span class=\"meta-nav\">&rarr;<\/span><\/a><\/p>\n\n\t\t\t\t<div class=\"mr_social_sharing_wrapper\">\n\t\t\t\t<!-- Social Sharing Toolkit v2.2 --><span class=\"mr_social_sharing_top\"><span style=\"display: inline-block; width: 55px; height: 62px; overflow: hidden;\"><div class=\"fb-like\" data-href=\"http:\/\/www.blogdopilako.com.br\/wp\/2011\/07\/01\/clinica-de-fisioterapia-da-vitoria-evandro-couceiro\/\" data-send=\"false\" data-layout=\"box_count\" data-width=\"55\" data-show-faces=\"false\"><\/div><\/span><\/span><span class=\"mr_social_sharing_top\"><fb:share-button type=\"box_count\" href=\"http:\/\/www.blogdopilako.com.br\/wp\/2011\/07\/01\/clinica-de-fisioterapia-da-vitoria-evandro-couceiro\/\"><\/fb:share-button><\/span><span class=\"mr_social_sharing\"><a rel=\"nofollow\" class=\"linksalpha_button linksalpha_link\" href=\"\/\/www.linksalpha.com\/social\/mobile\" data-url=\"http:\/\/www.blogdopilako.com.br\/wp\/2011\/07\/01\/clinica-de-fisioterapia-da-vitoria-evandro-couceiro\/\" data-text=\"Cl\u00ednica de Fisioterapia da Vit\u00f3ria Evandro Couceiro\" data-desc=\"\u00a0 Dando continuidade\u00a0\u00e0 s\u00e9rie de postagens das informa\u00e7\u00f5es sobre os Unidades de Sa\u00fade de nossa cidade, hoje publicamos a Cl\u00ednica de Fisioterapia da Vit\u00f3ria Evandro Couceiro. O Cl\u00ednica de Fisioterapia da Vit\u00f3ria Evandro Couceiro\u00a0fica localizada na Pra\u00e7a DOM Luis de Brito, 358 -\u00a0Matriz.\" data-image=\"\" data-button=\"none\">\n\t\t\t\t\t<img src=\"\/\/www.linksalpha.com\/images\/social_share_button.png\" alt=\"Share\" class=\"linksalpha_image\" \/>\n\t\t\t\t\t<\/a><script type=\"text\/javascript\" src=\"\/\/www.linksalpha.com\/scripts\/loader_iconbox.js?v=2.4\"><\/script><\/span><\/div>","protected":false},"author":4,"featured_media":0,"comment_status":"open","ping_status":"open","sticky":false,"template":"","format":"standard","meta":[],"categories":[57],"tags":[],"_links":{"self":[{"href":"http:\/\/www.blogdopilako.com.br\/wp\/wp-json\/wp\/v2\/posts\/829"}],"collection":[{"href":"http:\/\/www.blogdopilako.com.br\/wp\/wp-json\/wp\/v2\/posts"}],"about":[{"href":"http:\/\/www.blogdopilako.com.br\/wp\/wp-json\/wp\/v2\/types\/post"}],"author":[{"embeddable":true,"href":"http:\/\/www.blogdopilako.com.br\/wp\/wp-json\/wp\/v2\/users\/4"}],"replies":[{"embeddable":true,"href":"http:\/\/www.blogdopilako.com.br\/wp\/wp-json\/wp\/v2\/comments?post=829"}],"version-history":[{"count":9,"href":"http:\/\/www.blogdopilako.com.br\/wp\/wp-json\/wp\/v2\/posts\/829\/revisions"}],"predecessor-version":[{"id":839,"href":"http:\/\/www.blogdopilako.com.br\/wp\/wp-json\/wp\/v2\/posts\/829\/revisions\/839"}],"wp:attachment":[{"href":"http:\/\/www.blogdopilako.com.br\/wp\/wp-json\/wp\/v2\/media?parent=829"}],"wp:term":[{"taxonomy":"category","embeddable":true,"href":"http:\/\/www.blogdopilako.com.br\/wp\/wp-json\/wp\/v2\/categories?post=829"},{"taxonomy":"post_tag","embeddable":true,"href":"http:\/\/www.blogdopilako.com.br\/wp\/wp-json\/wp\/v2\/tags?post=829"}],"curies":[{"name":"wp","href":"https:\/\/api.w.org\/{rel}","templated":true}]}}