{"id":82724,"date":"2015-11-05T15:15:42","date_gmt":"2015-11-05T18:15:42","guid":{"rendered":"http:\/\/www.blogdopilako.com.br\/wp\/?p=82724"},"modified":"2015-11-05T15:24:05","modified_gmt":"2015-11-05T18:24:05","slug":"bilu-uma-criacao-de-italo-moura","status":"publish","type":"post","link":"http:\/\/www.blogdopilako.com.br\/wp\/2015\/11\/05\/bilu-uma-criacao-de-italo-moura\/","title":{"rendered":"BIL\u00da: uma cria\u00e7\u00e3o de \u00cdtalo Moura."},"content":{"rendered":"\n\t\t\t\t<div class=\"mr_social_sharing_wrapper\">\n\t\t\t\t<!-- Social Sharing Toolkit v2.2 --><span class=\"mr_social_sharing_top\"><span style=\"display: inline-block; width: 55px; height: 62px; overflow: hidden;\"><div class=\"fb-like\" data-href=\"http:\/\/www.blogdopilako.com.br\/wp\/2015\/11\/05\/bilu-uma-criacao-de-italo-moura\/\" data-send=\"false\" data-layout=\"box_count\" data-width=\"55\" data-show-faces=\"false\"><\/div><\/span><\/span><span class=\"mr_social_sharing_top\"><fb:share-button type=\"box_count\" href=\"http:\/\/www.blogdopilako.com.br\/wp\/2015\/11\/05\/bilu-uma-criacao-de-italo-moura\/\"><\/fb:share-button><\/span><span class=\"mr_social_sharing\"><a rel=\"nofollow\" class=\"linksalpha_button linksalpha_link\" href=\"\/\/www.linksalpha.com\/social\/mobile\" data-url=\"http:\/\/www.blogdopilako.com.br\/wp\/2015\/11\/05\/bilu-uma-criacao-de-italo-moura\/\" data-text=\"BIL\u00da: uma cria\u00e7\u00e3o de \u00cdtalo Moura.\" data-desc=\"Recentemente, fizemos um registro em v\u00eddeo, para destacar a participa\u00e7\u00e3o decisiva do amigo carnavalesco \u00cdtalo Moura na cria\u00e7\u00e3o do BIL\u00da. Para os menos informados, carnavalescamente falando, BIL\u00da foi o nome dado pelo pr\u00f3prio \u00cdtalo ao boneco que hoje serve como uma esp\u00e9cie de\" data-image=\"http:\/\/www.blogdopilako.com.br\/wp\/wp-content\/uploads\/IMG_6804.jpg\" data-button=\"none\">\n\t\t\t\t\t<img src=\"\/\/www.linksalpha.com\/images\/social_share_button.png\" alt=\"Share\" class=\"linksalpha_image\" \/>\n\t\t\t\t\t<\/a><script type=\"text\/javascript\" src=\"\/\/www.linksalpha.com\/scripts\/loader_iconbox.js?v=2.4\"><\/script><\/span><\/div><p style=\"text-align: justify;\"><img class=\" aligncenter\" src=\"http:\/\/www.blogdopilako.com.br\/wp\/wp-content\/uploads\/IMG_6804.jpg\" alt=\"http:\/\/www.blogdopilako.com.br\/wp\/wp-content\/uploads\/IMG_6804.jpg\" \/><\/p>\n<p style=\"text-align: justify;\">Recentemente, fizemos um registro em v\u00eddeo, para destacar a participa\u00e7\u00e3o decisiva do amigo carnavalesco <strong>\u00cdtalo Moura<\/strong> na cria\u00e7\u00e3o do <strong>BIL\u00da<\/strong>. Para os menos informados, carnavalescamente falando, BIL\u00da foi o nome dado pelo pr\u00f3prio \u00cdtalo ao boneco que hoje serve como uma esp\u00e9cie de \u201cabre-alas\u201d nos desfiles da <em><strong>Companhia do Monges em Folia<\/strong><\/em>. O \u201cmonge-Magro\u201d, <em><strong>Rivaldo Felipe<\/strong><\/em>, atuante diretor da tro\u00e7a fez quest\u00e3o de fazer esse registro para o \u00a0blog do Pilako. Veja o v\u00eddeo:<\/p>\n<p style=\"text-align: justify;\"><iframe loading=\"lazy\" src=\"https:\/\/www.youtube.com\/embed\/RGgOQEAWvcg\" width=\"600\" height=\"338\" frameborder=\"0\" allowfullscreen=\"allowfullscreen\"><\/iframe><\/p>\n\n\t\t\t\t<div class=\"mr_social_sharing_wrapper\">\n\t\t\t\t<!-- Social Sharing Toolkit v2.2 --><span class=\"mr_social_sharing_top\"><span style=\"display: inline-block; width: 55px; height: 62px; overflow: hidden;\"><div class=\"fb-like\" data-href=\"http:\/\/www.blogdopilako.com.br\/wp\/2015\/11\/05\/bilu-uma-criacao-de-italo-moura\/\" data-send=\"false\" data-layout=\"box_count\" data-width=\"55\" data-show-faces=\"false\"><\/div><\/span><\/span><span class=\"mr_social_sharing_top\"><fb:share-button type=\"box_count\" href=\"http:\/\/www.blogdopilako.com.br\/wp\/2015\/11\/05\/bilu-uma-criacao-de-italo-moura\/\"><\/fb:share-button><\/span><span class=\"mr_social_sharing\"><a rel=\"nofollow\" class=\"linksalpha_button linksalpha_link\" href=\"\/\/www.linksalpha.com\/social\/mobile\" data-url=\"http:\/\/www.blogdopilako.com.br\/wp\/2015\/11\/05\/bilu-uma-criacao-de-italo-moura\/\" data-text=\"BIL\u00da: uma cria\u00e7\u00e3o de \u00cdtalo Moura.\" data-desc=\"Recentemente, fizemos um registro em v\u00eddeo, para destacar a participa\u00e7\u00e3o decisiva do amigo carnavalesco \u00cdtalo Moura na cria\u00e7\u00e3o do BIL\u00da. Para os menos informados, carnavalescamente falando, BIL\u00da foi o nome dado pelo pr\u00f3prio \u00cdtalo ao boneco que hoje serve como uma esp\u00e9cie de\" data-image=\"http:\/\/www.blogdopilako.com.br\/wp\/wp-content\/uploads\/IMG_6804.jpg\" data-button=\"none\">\n\t\t\t\t\t<img src=\"\/\/www.linksalpha.com\/images\/social_share_button.png\" alt=\"Share\" class=\"linksalpha_image\" \/>\n\t\t\t\t\t<\/a><script type=\"text\/javascript\" src=\"\/\/www.linksalpha.com\/scripts\/loader_iconbox.js?v=2.4\"><\/script><\/span><\/div>","protected":false},"excerpt":{"rendered":"\n\t\t\t\t<div class=\"mr_social_sharing_wrapper\">\n\t\t\t\t<!-- Social Sharing Toolkit v2.2 --><span class=\"mr_social_sharing_top\"><span style=\"display: inline-block; width: 55px; height: 62px; overflow: hidden;\"><div class=\"fb-like\" data-href=\"http:\/\/www.blogdopilako.com.br\/wp\/2015\/11\/05\/bilu-uma-criacao-de-italo-moura\/\" data-send=\"false\" data-layout=\"box_count\" data-width=\"55\" data-show-faces=\"false\"><\/div><\/span><\/span><span class=\"mr_social_sharing_top\"><fb:share-button type=\"box_count\" href=\"http:\/\/www.blogdopilako.com.br\/wp\/2015\/11\/05\/bilu-uma-criacao-de-italo-moura\/\"><\/fb:share-button><\/span><span class=\"mr_social_sharing\"><a rel=\"nofollow\" class=\"linksalpha_button linksalpha_link\" href=\"\/\/www.linksalpha.com\/social\/mobile\" data-url=\"http:\/\/www.blogdopilako.com.br\/wp\/2015\/11\/05\/bilu-uma-criacao-de-italo-moura\/\" data-text=\"BIL\u00da: uma cria\u00e7\u00e3o de \u00cdtalo Moura.\" data-desc=\"Recentemente, fizemos um registro em v\u00eddeo, para destacar a participa\u00e7\u00e3o decisiva do amigo carnavalesco \u00cdtalo Moura na cria\u00e7\u00e3o do BIL\u00da. Para os menos informados, carnavalescamente falando, BIL\u00da foi o nome dado pelo pr\u00f3prio \u00cdtalo ao boneco que hoje serve como uma esp\u00e9cie de\" data-image=\"\" data-button=\"none\">\n\t\t\t\t\t<img src=\"\/\/www.linksalpha.com\/images\/social_share_button.png\" alt=\"Share\" class=\"linksalpha_image\" \/>\n\t\t\t\t\t<\/a><script type=\"text\/javascript\" src=\"\/\/www.linksalpha.com\/scripts\/loader_iconbox.js?v=2.4\"><\/script><\/span><\/div><p>Recentemente, fizemos um registro em v\u00eddeo, para destacar a participa\u00e7\u00e3o decisiva do amigo carnavalesco \u00cdtalo Moura na cria\u00e7\u00e3o do BIL\u00da. Para os menos informados, carnavalescamente falando, BIL\u00da foi o nome dado pelo pr\u00f3prio \u00cdtalo ao boneco que hoje serve como &hellip; <a href=\"http:\/\/www.blogdopilako.com.br\/wp\/2015\/11\/05\/bilu-uma-criacao-de-italo-moura\/\">Continue lendo <span class=\"meta-nav\">&rarr;<\/span><\/a><\/p>\n\n\t\t\t\t<div class=\"mr_social_sharing_wrapper\">\n\t\t\t\t<!-- Social Sharing Toolkit v2.2 --><span class=\"mr_social_sharing_top\"><span style=\"display: inline-block; width: 55px; height: 62px; overflow: hidden;\"><div class=\"fb-like\" data-href=\"http:\/\/www.blogdopilako.com.br\/wp\/2015\/11\/05\/bilu-uma-criacao-de-italo-moura\/\" data-send=\"false\" data-layout=\"box_count\" data-width=\"55\" data-show-faces=\"false\"><\/div><\/span><\/span><span class=\"mr_social_sharing_top\"><fb:share-button type=\"box_count\" href=\"http:\/\/www.blogdopilako.com.br\/wp\/2015\/11\/05\/bilu-uma-criacao-de-italo-moura\/\"><\/fb:share-button><\/span><span class=\"mr_social_sharing\"><a rel=\"nofollow\" class=\"linksalpha_button linksalpha_link\" href=\"\/\/www.linksalpha.com\/social\/mobile\" data-url=\"http:\/\/www.blogdopilako.com.br\/wp\/2015\/11\/05\/bilu-uma-criacao-de-italo-moura\/\" data-text=\"BIL\u00da: uma cria\u00e7\u00e3o de \u00cdtalo Moura.\" data-desc=\"Recentemente, fizemos um registro em v\u00eddeo, para destacar a participa\u00e7\u00e3o decisiva do amigo carnavalesco \u00cdtalo Moura na cria\u00e7\u00e3o do BIL\u00da. Para os menos informados, carnavalescamente falando, BIL\u00da foi o nome dado pelo pr\u00f3prio \u00cdtalo ao boneco que hoje serve como uma esp\u00e9cie de\" data-image=\"\" data-button=\"none\">\n\t\t\t\t\t<img src=\"\/\/www.linksalpha.com\/images\/social_share_button.png\" alt=\"Share\" class=\"linksalpha_image\" \/>\n\t\t\t\t\t<\/a><script type=\"text\/javascript\" src=\"\/\/www.linksalpha.com\/scripts\/loader_iconbox.js?v=2.4\"><\/script><\/span><\/div>","protected":false},"author":4,"featured_media":0,"comment_status":"open","ping_status":"open","sticky":false,"template":"","format":"standard","meta":[],"categories":[22],"tags":[],"_links":{"self":[{"href":"http:\/\/www.blogdopilako.com.br\/wp\/wp-json\/wp\/v2\/posts\/82724"}],"collection":[{"href":"http:\/\/www.blogdopilako.com.br\/wp\/wp-json\/wp\/v2\/posts"}],"about":[{"href":"http:\/\/www.blogdopilako.com.br\/wp\/wp-json\/wp\/v2\/types\/post"}],"author":[{"embeddable":true,"href":"http:\/\/www.blogdopilako.com.br\/wp\/wp-json\/wp\/v2\/users\/4"}],"replies":[{"embeddable":true,"href":"http:\/\/www.blogdopilako.com.br\/wp\/wp-json\/wp\/v2\/comments?post=82724"}],"version-history":[{"count":4,"href":"http:\/\/www.blogdopilako.com.br\/wp\/wp-json\/wp\/v2\/posts\/82724\/revisions"}],"predecessor-version":[{"id":82814,"href":"http:\/\/www.blogdopilako.com.br\/wp\/wp-json\/wp\/v2\/posts\/82724\/revisions\/82814"}],"wp:attachment":[{"href":"http:\/\/www.blogdopilako.com.br\/wp\/wp-json\/wp\/v2\/media?parent=82724"}],"wp:term":[{"taxonomy":"category","embeddable":true,"href":"http:\/\/www.blogdopilako.com.br\/wp\/wp-json\/wp\/v2\/categories?post=82724"},{"taxonomy":"post_tag","embeddable":true,"href":"http:\/\/www.blogdopilako.com.br\/wp\/wp-json\/wp\/v2\/tags?post=82724"}],"curies":[{"name":"wp","href":"https:\/\/api.w.org\/{rel}","templated":true}]}}