{"id":81467,"date":"2015-10-08T14:43:47","date_gmt":"2015-10-08T17:43:47","guid":{"rendered":"http:\/\/www.blogdopilako.com.br\/wp\/?p=81467"},"modified":"2015-10-19T10:41:25","modified_gmt":"2015-10-19T13:41:25","slug":"o-tempo-voa-escritora-adjane-dultra-sendo-homenageada-no-instituto-historico-2","status":"publish","type":"post","link":"http:\/\/www.blogdopilako.com.br\/wp\/2015\/10\/08\/o-tempo-voa-escritora-adjane-dultra-sendo-homenageada-no-instituto-historico-2\/","title":{"rendered":"O Tempo Voa: Escritora Adjane Dultra sendo homenageada no Instituto Hist\u00f3rico."},"content":{"rendered":"\n\t\t\t\t<div class=\"mr_social_sharing_wrapper\">\n\t\t\t\t<!-- Social Sharing Toolkit v2.2 --><span class=\"mr_social_sharing_top\"><span style=\"display: inline-block; width: 55px; height: 62px; overflow: hidden;\"><div class=\"fb-like\" data-href=\"http:\/\/www.blogdopilako.com.br\/wp\/2015\/10\/08\/o-tempo-voa-escritora-adjane-dultra-sendo-homenageada-no-instituto-historico-2\/\" data-send=\"false\" data-layout=\"box_count\" data-width=\"55\" data-show-faces=\"false\"><\/div><\/span><\/span><span class=\"mr_social_sharing_top\"><fb:share-button type=\"box_count\" href=\"http:\/\/www.blogdopilako.com.br\/wp\/2015\/10\/08\/o-tempo-voa-escritora-adjane-dultra-sendo-homenageada-no-instituto-historico-2\/\"><\/fb:share-button><\/span><span class=\"mr_social_sharing\"><a rel=\"nofollow\" class=\"linksalpha_button linksalpha_link\" href=\"\/\/www.linksalpha.com\/social\/mobile\" data-url=\"http:\/\/www.blogdopilako.com.br\/wp\/2015\/10\/08\/o-tempo-voa-escritora-adjane-dultra-sendo-homenageada-no-instituto-historico-2\/\" data-text=\"O Tempo Voa: Escritora Adjane Dultra sendo homenageada no Instituto Hist\u00f3rico.\" data-desc=\"Escritora Adjane Dultra sendo homenageada no Instituto Hist\u00f3rico. Ao fundo Ozias Valentim e o ex-prefeito Jos\u00e9 Augusto Ferrer, Elmo Campos, entre outros. Ano n\u00e3o registrado.\" data-image=\"http:\/\/www.blogdopilako.com.br\/wp\/wp-content\/uploads\/temp.jpg\" data-button=\"none\">\n\t\t\t\t\t<img src=\"\/\/www.linksalpha.com\/images\/social_share_button.png\" alt=\"Share\" class=\"linksalpha_image\" \/>\n\t\t\t\t\t<\/a><script type=\"text\/javascript\" src=\"\/\/www.linksalpha.com\/scripts\/loader_iconbox.js?v=2.4\"><\/script><\/span><\/div><p style=\"text-align: center;\"><a href=\"http:\/\/www.blogdopilako.com.br\/wp\/wp-content\/uploads\/temp.jpg\"><img loading=\"lazy\" class=\"aligncenter size-full wp-image-30969\" title=\"temp\" src=\"http:\/\/www.blogdopilako.com.br\/wp\/wp-content\/uploads\/temp.jpg\" alt=\"\" width=\"550\" height=\"361\" \/><\/a>Escritora Adjane Dultra sendo homenageada no Instituto Hist\u00f3rico. Ao fundo Ozias Valentim e o ex-prefeito Jos\u00e9 Augusto Ferrer, Elmo Campos, entre outros. Ano n\u00e3o registrado.<\/p>\n\n\t\t\t\t<div class=\"mr_social_sharing_wrapper\">\n\t\t\t\t<!-- Social Sharing Toolkit v2.2 --><span class=\"mr_social_sharing_top\"><span style=\"display: inline-block; width: 55px; height: 62px; overflow: hidden;\"><div class=\"fb-like\" data-href=\"http:\/\/www.blogdopilako.com.br\/wp\/2015\/10\/08\/o-tempo-voa-escritora-adjane-dultra-sendo-homenageada-no-instituto-historico-2\/\" data-send=\"false\" data-layout=\"box_count\" data-width=\"55\" data-show-faces=\"false\"><\/div><\/span><\/span><span class=\"mr_social_sharing_top\"><fb:share-button type=\"box_count\" href=\"http:\/\/www.blogdopilako.com.br\/wp\/2015\/10\/08\/o-tempo-voa-escritora-adjane-dultra-sendo-homenageada-no-instituto-historico-2\/\"><\/fb:share-button><\/span><span class=\"mr_social_sharing\"><a rel=\"nofollow\" class=\"linksalpha_button linksalpha_link\" href=\"\/\/www.linksalpha.com\/social\/mobile\" data-url=\"http:\/\/www.blogdopilako.com.br\/wp\/2015\/10\/08\/o-tempo-voa-escritora-adjane-dultra-sendo-homenageada-no-instituto-historico-2\/\" data-text=\"O Tempo Voa: Escritora Adjane Dultra sendo homenageada no Instituto Hist\u00f3rico.\" data-desc=\"Escritora Adjane Dultra sendo homenageada no Instituto Hist\u00f3rico. Ao fundo Ozias Valentim e o ex-prefeito Jos\u00e9 Augusto Ferrer, Elmo Campos, entre outros. Ano n\u00e3o registrado.\" data-image=\"http:\/\/www.blogdopilako.com.br\/wp\/wp-content\/uploads\/temp.jpg\" data-button=\"none\">\n\t\t\t\t\t<img src=\"\/\/www.linksalpha.com\/images\/social_share_button.png\" alt=\"Share\" class=\"linksalpha_image\" \/>\n\t\t\t\t\t<\/a><script type=\"text\/javascript\" src=\"\/\/www.linksalpha.com\/scripts\/loader_iconbox.js?v=2.4\"><\/script><\/span><\/div>","protected":false},"excerpt":{"rendered":"\n\t\t\t\t<div class=\"mr_social_sharing_wrapper\">\n\t\t\t\t<!-- Social Sharing Toolkit v2.2 --><span class=\"mr_social_sharing_top\"><span style=\"display: inline-block; width: 55px; height: 62px; overflow: hidden;\"><div class=\"fb-like\" data-href=\"http:\/\/www.blogdopilako.com.br\/wp\/2015\/10\/08\/o-tempo-voa-escritora-adjane-dultra-sendo-homenageada-no-instituto-historico-2\/\" data-send=\"false\" data-layout=\"box_count\" data-width=\"55\" data-show-faces=\"false\"><\/div><\/span><\/span><span class=\"mr_social_sharing_top\"><fb:share-button type=\"box_count\" href=\"http:\/\/www.blogdopilako.com.br\/wp\/2015\/10\/08\/o-tempo-voa-escritora-adjane-dultra-sendo-homenageada-no-instituto-historico-2\/\"><\/fb:share-button><\/span><span class=\"mr_social_sharing\"><a rel=\"nofollow\" class=\"linksalpha_button linksalpha_link\" href=\"\/\/www.linksalpha.com\/social\/mobile\" data-url=\"http:\/\/www.blogdopilako.com.br\/wp\/2015\/10\/08\/o-tempo-voa-escritora-adjane-dultra-sendo-homenageada-no-instituto-historico-2\/\" data-text=\"O Tempo Voa: Escritora Adjane Dultra sendo homenageada no Instituto Hist\u00f3rico.\" data-desc=\"Escritora Adjane Dultra sendo homenageada no Instituto Hist\u00f3rico. Ao fundo Ozias Valentim e o ex-prefeito Jos\u00e9 Augusto Ferrer, Elmo Campos, entre outros. Ano n\u00e3o registrado.\" data-image=\"\" data-button=\"none\">\n\t\t\t\t\t<img src=\"\/\/www.linksalpha.com\/images\/social_share_button.png\" alt=\"Share\" class=\"linksalpha_image\" \/>\n\t\t\t\t\t<\/a><script type=\"text\/javascript\" src=\"\/\/www.linksalpha.com\/scripts\/loader_iconbox.js?v=2.4\"><\/script><\/span><\/div><p>Escritora Adjane Dultra sendo homenageada no Instituto Hist\u00f3rico. Ao fundo Ozias Valentim e o ex-prefeito Jos\u00e9 Augusto Ferrer, Elmo Campos, entre outros. Ano n\u00e3o registrado.<\/p>\n\n\t\t\t\t<div class=\"mr_social_sharing_wrapper\">\n\t\t\t\t<!-- Social Sharing Toolkit v2.2 --><span class=\"mr_social_sharing_top\"><span style=\"display: inline-block; width: 55px; height: 62px; overflow: hidden;\"><div class=\"fb-like\" data-href=\"http:\/\/www.blogdopilako.com.br\/wp\/2015\/10\/08\/o-tempo-voa-escritora-adjane-dultra-sendo-homenageada-no-instituto-historico-2\/\" data-send=\"false\" data-layout=\"box_count\" data-width=\"55\" data-show-faces=\"false\"><\/div><\/span><\/span><span class=\"mr_social_sharing_top\"><fb:share-button type=\"box_count\" href=\"http:\/\/www.blogdopilako.com.br\/wp\/2015\/10\/08\/o-tempo-voa-escritora-adjane-dultra-sendo-homenageada-no-instituto-historico-2\/\"><\/fb:share-button><\/span><span class=\"mr_social_sharing\"><a rel=\"nofollow\" class=\"linksalpha_button linksalpha_link\" href=\"\/\/www.linksalpha.com\/social\/mobile\" data-url=\"http:\/\/www.blogdopilako.com.br\/wp\/2015\/10\/08\/o-tempo-voa-escritora-adjane-dultra-sendo-homenageada-no-instituto-historico-2\/\" data-text=\"O Tempo Voa: Escritora Adjane Dultra sendo homenageada no Instituto Hist\u00f3rico.\" data-desc=\"Escritora Adjane Dultra sendo homenageada no Instituto Hist\u00f3rico. Ao fundo Ozias Valentim e o ex-prefeito Jos\u00e9 Augusto Ferrer, Elmo Campos, entre outros. Ano n\u00e3o registrado.\" data-image=\"\" data-button=\"none\">\n\t\t\t\t\t<img src=\"\/\/www.linksalpha.com\/images\/social_share_button.png\" alt=\"Share\" class=\"linksalpha_image\" \/>\n\t\t\t\t\t<\/a><script type=\"text\/javascript\" src=\"\/\/www.linksalpha.com\/scripts\/loader_iconbox.js?v=2.4\"><\/script><\/span><\/div>","protected":false},"author":1,"featured_media":0,"comment_status":"open","ping_status":"open","sticky":false,"template":"","format":"standard","meta":[],"categories":[23],"tags":[],"_links":{"self":[{"href":"http:\/\/www.blogdopilako.com.br\/wp\/wp-json\/wp\/v2\/posts\/81467"}],"collection":[{"href":"http:\/\/www.blogdopilako.com.br\/wp\/wp-json\/wp\/v2\/posts"}],"about":[{"href":"http:\/\/www.blogdopilako.com.br\/wp\/wp-json\/wp\/v2\/types\/post"}],"author":[{"embeddable":true,"href":"http:\/\/www.blogdopilako.com.br\/wp\/wp-json\/wp\/v2\/users\/1"}],"replies":[{"embeddable":true,"href":"http:\/\/www.blogdopilako.com.br\/wp\/wp-json\/wp\/v2\/comments?post=81467"}],"version-history":[{"count":1,"href":"http:\/\/www.blogdopilako.com.br\/wp\/wp-json\/wp\/v2\/posts\/81467\/revisions"}],"predecessor-version":[{"id":81468,"href":"http:\/\/www.blogdopilako.com.br\/wp\/wp-json\/wp\/v2\/posts\/81467\/revisions\/81468"}],"wp:attachment":[{"href":"http:\/\/www.blogdopilako.com.br\/wp\/wp-json\/wp\/v2\/media?parent=81467"}],"wp:term":[{"taxonomy":"category","embeddable":true,"href":"http:\/\/www.blogdopilako.com.br\/wp\/wp-json\/wp\/v2\/categories?post=81467"},{"taxonomy":"post_tag","embeddable":true,"href":"http:\/\/www.blogdopilako.com.br\/wp\/wp-json\/wp\/v2\/tags?post=81467"}],"curies":[{"name":"wp","href":"https:\/\/api.w.org\/{rel}","templated":true}]}}