{"id":81093,"date":"2015-09-29T11:31:57","date_gmt":"2015-09-29T14:31:57","guid":{"rendered":"http:\/\/www.blogdopilako.com.br\/wp\/?p=81093"},"modified":"2015-09-29T11:31:57","modified_gmt":"2015-09-29T14:31:57","slug":"momento-grau-tecnico-vitoria-93","status":"publish","type":"post","link":"http:\/\/www.blogdopilako.com.br\/wp\/2015\/09\/29\/momento-grau-tecnico-vitoria-93\/","title":{"rendered":"Momento Grau T\u00e9cnico Vit\u00f3ria"},"content":{"rendered":"\n\t\t\t\t<div class=\"mr_social_sharing_wrapper\">\n\t\t\t\t<!-- Social Sharing Toolkit v2.2 --><span class=\"mr_social_sharing_top\"><span style=\"display: inline-block; width: 55px; height: 62px; overflow: hidden;\"><div class=\"fb-like\" data-href=\"http:\/\/www.blogdopilako.com.br\/wp\/2015\/09\/29\/momento-grau-tecnico-vitoria-93\/\" data-send=\"false\" data-layout=\"box_count\" data-width=\"55\" data-show-faces=\"false\"><\/div><\/span><\/span><span class=\"mr_social_sharing_top\"><fb:share-button type=\"box_count\" href=\"http:\/\/www.blogdopilako.com.br\/wp\/2015\/09\/29\/momento-grau-tecnico-vitoria-93\/\"><\/fb:share-button><\/span><span class=\"mr_social_sharing\"><a rel=\"nofollow\" class=\"linksalpha_button linksalpha_link\" href=\"\/\/www.linksalpha.com\/social\/mobile\" data-url=\"http:\/\/www.blogdopilako.com.br\/wp\/2015\/09\/29\/momento-grau-tecnico-vitoria-93\/\" data-text=\"Momento Grau T\u00e9cnico Vit\u00f3ria\" data-desc=\"A Mata Atl\u00e2ntica \u00e9 uma das \u00e1reas mais ricas em biodiversidade, e tamb\u00e9m, um dos biomas mais amea\u00e7ados do Brasil. A\u00e7\u00f5es predat\u00f3rias de extra\u00e7\u00e3o, desmatamento e queimadas s\u00e3o fatores que contribuem com essa devasta\u00e7\u00e3o. \u00c9 preciso preservar, antes que seja tarde.\u202a#\u200eGrauT\u00e9cnico\u202c\" data-image=\"http:\/\/www.blogdopilako.com.br\/wp\/wp-content\/uploads\/11313074_854028374645052_8731713017936298234_o.jpg\" data-button=\"none\">\n\t\t\t\t\t<img src=\"\/\/www.linksalpha.com\/images\/social_share_button.png\" alt=\"Share\" class=\"linksalpha_image\" \/>\n\t\t\t\t\t<\/a><script type=\"text\/javascript\" src=\"\/\/www.linksalpha.com\/scripts\/loader_iconbox.js?v=2.4\"><\/script><\/span><\/div><p><a href=\"http:\/\/www.blogdopilako.com.br\/wp\/wp-content\/uploads\/11313074_854028374645052_8731713017936298234_o.jpg\"><img loading=\"lazy\" class=\"aligncenter size-full wp-image-76277\" src=\"http:\/\/www.blogdopilako.com.br\/wp\/wp-content\/uploads\/11313074_854028374645052_8731713017936298234_o.jpg\" alt=\"11313074_854028374645052_8731713017936298234_o\" width=\"1038\" height=\"1038\" \/><\/a><br \/>\nA Mata Atl\u00e2ntica \u00e9 uma das \u00e1reas mais ricas em biodiversidade, e tamb\u00e9m, um dos biomas mais amea\u00e7ados do Brasil. A\u00e7\u00f5es predat\u00f3rias de extra\u00e7\u00e3o, desmatamento e queimadas s\u00e3o fatores que contribuem com essa devasta\u00e7\u00e3o. \u00c9 preciso preservar, antes que seja tarde.<a class=\"_58cn\" href=\"https:\/\/www.facebook.com\/hashtag\/graut%C3%A9cnico?source=feed_text&amp;story_id=854028374645052\" data-ft=\"{&quot;tn&quot;:&quot;*N&quot;,&quot;type&quot;:104}\"><span class=\"_58cl\">\u202a#\u200e<\/span><span class=\"_58cm\">GrauT\u00e9cnico\u202c<\/span><\/a> <a class=\"_58cn\" href=\"https:\/\/www.facebook.com\/hashtag\/mataatl%C3%A2ntica?source=feed_text&amp;story_id=854028374645052\" data-ft=\"{&quot;tn&quot;:&quot;*N&quot;,&quot;type&quot;:104}\"><span class=\"_58cl\">\u202a#\u200e<\/span><span class=\"_58cm\">MataAtl\u00e2ntica\u202c<\/span><\/a><\/p>\n<p><strong>SERVI\u00c7O<\/strong><br \/>\n<strong>Grau T\u00e9cnico Vit\u00f3ria<\/strong><br \/>\nRua Henrique de Holanda, 1210 &#8211; Centro<br \/>\nVit\u00f3ria de Santo Ant\u00e3o (Antiga BR232).<br \/>\nTEL: (81) 3526.4099<\/p>\n\n\t\t\t\t<div class=\"mr_social_sharing_wrapper\">\n\t\t\t\t<!-- Social Sharing Toolkit v2.2 --><span class=\"mr_social_sharing_top\"><span style=\"display: inline-block; width: 55px; height: 62px; overflow: hidden;\"><div class=\"fb-like\" data-href=\"http:\/\/www.blogdopilako.com.br\/wp\/2015\/09\/29\/momento-grau-tecnico-vitoria-93\/\" data-send=\"false\" data-layout=\"box_count\" data-width=\"55\" data-show-faces=\"false\"><\/div><\/span><\/span><span class=\"mr_social_sharing_top\"><fb:share-button type=\"box_count\" href=\"http:\/\/www.blogdopilako.com.br\/wp\/2015\/09\/29\/momento-grau-tecnico-vitoria-93\/\"><\/fb:share-button><\/span><span class=\"mr_social_sharing\"><a rel=\"nofollow\" class=\"linksalpha_button linksalpha_link\" href=\"\/\/www.linksalpha.com\/social\/mobile\" data-url=\"http:\/\/www.blogdopilako.com.br\/wp\/2015\/09\/29\/momento-grau-tecnico-vitoria-93\/\" data-text=\"Momento Grau T\u00e9cnico Vit\u00f3ria\" data-desc=\"A Mata Atl\u00e2ntica \u00e9 uma das \u00e1reas mais ricas em biodiversidade, e tamb\u00e9m, um dos biomas mais amea\u00e7ados do Brasil. A\u00e7\u00f5es predat\u00f3rias de extra\u00e7\u00e3o, desmatamento e queimadas s\u00e3o fatores que contribuem com essa devasta\u00e7\u00e3o. \u00c9 preciso preservar, antes que seja tarde.\u202a#\u200eGrauT\u00e9cnico\u202c\" data-image=\"http:\/\/www.blogdopilako.com.br\/wp\/wp-content\/uploads\/11313074_854028374645052_8731713017936298234_o.jpg\" data-button=\"none\">\n\t\t\t\t\t<img src=\"\/\/www.linksalpha.com\/images\/social_share_button.png\" alt=\"Share\" class=\"linksalpha_image\" \/>\n\t\t\t\t\t<\/a><script type=\"text\/javascript\" src=\"\/\/www.linksalpha.com\/scripts\/loader_iconbox.js?v=2.4\"><\/script><\/span><\/div>","protected":false},"excerpt":{"rendered":"\n\t\t\t\t<div class=\"mr_social_sharing_wrapper\">\n\t\t\t\t<!-- Social Sharing Toolkit v2.2 --><span class=\"mr_social_sharing_top\"><span style=\"display: inline-block; width: 55px; height: 62px; overflow: hidden;\"><div class=\"fb-like\" data-href=\"http:\/\/www.blogdopilako.com.br\/wp\/2015\/09\/29\/momento-grau-tecnico-vitoria-93\/\" data-send=\"false\" data-layout=\"box_count\" data-width=\"55\" data-show-faces=\"false\"><\/div><\/span><\/span><span class=\"mr_social_sharing_top\"><fb:share-button type=\"box_count\" href=\"http:\/\/www.blogdopilako.com.br\/wp\/2015\/09\/29\/momento-grau-tecnico-vitoria-93\/\"><\/fb:share-button><\/span><span class=\"mr_social_sharing\"><a rel=\"nofollow\" class=\"linksalpha_button linksalpha_link\" href=\"\/\/www.linksalpha.com\/social\/mobile\" data-url=\"http:\/\/www.blogdopilako.com.br\/wp\/2015\/09\/29\/momento-grau-tecnico-vitoria-93\/\" data-text=\"Momento Grau T\u00e9cnico Vit\u00f3ria\" data-desc=\"A Mata Atl\u00e2ntica \u00e9 uma das \u00e1reas mais ricas em biodiversidade, e tamb\u00e9m, um dos biomas mais amea\u00e7ados do Brasil. A\u00e7\u00f5es predat\u00f3rias de extra\u00e7\u00e3o, desmatamento e queimadas s\u00e3o fatores que contribuem com essa devasta\u00e7\u00e3o. \u00c9 preciso preservar, antes que seja tarde.\u202a#\u200eGrauT\u00e9cnico\u202c\" data-image=\"\" data-button=\"none\">\n\t\t\t\t\t<img src=\"\/\/www.linksalpha.com\/images\/social_share_button.png\" alt=\"Share\" class=\"linksalpha_image\" \/>\n\t\t\t\t\t<\/a><script type=\"text\/javascript\" src=\"\/\/www.linksalpha.com\/scripts\/loader_iconbox.js?v=2.4\"><\/script><\/span><\/div><p>A Mata Atl\u00e2ntica \u00e9 uma das \u00e1reas mais ricas em biodiversidade, e tamb\u00e9m, um dos biomas mais amea\u00e7ados do Brasil. A\u00e7\u00f5es predat\u00f3rias de extra\u00e7\u00e3o, desmatamento e queimadas s\u00e3o fatores que contribuem com essa devasta\u00e7\u00e3o. \u00c9 preciso preservar, antes que seja &hellip; <a href=\"http:\/\/www.blogdopilako.com.br\/wp\/2015\/09\/29\/momento-grau-tecnico-vitoria-93\/\">Continue lendo <span class=\"meta-nav\">&rarr;<\/span><\/a><\/p>\n\n\t\t\t\t<div class=\"mr_social_sharing_wrapper\">\n\t\t\t\t<!-- Social Sharing Toolkit v2.2 --><span class=\"mr_social_sharing_top\"><span style=\"display: inline-block; width: 55px; height: 62px; overflow: hidden;\"><div class=\"fb-like\" data-href=\"http:\/\/www.blogdopilako.com.br\/wp\/2015\/09\/29\/momento-grau-tecnico-vitoria-93\/\" data-send=\"false\" data-layout=\"box_count\" data-width=\"55\" data-show-faces=\"false\"><\/div><\/span><\/span><span class=\"mr_social_sharing_top\"><fb:share-button type=\"box_count\" href=\"http:\/\/www.blogdopilako.com.br\/wp\/2015\/09\/29\/momento-grau-tecnico-vitoria-93\/\"><\/fb:share-button><\/span><span class=\"mr_social_sharing\"><a rel=\"nofollow\" class=\"linksalpha_button linksalpha_link\" href=\"\/\/www.linksalpha.com\/social\/mobile\" data-url=\"http:\/\/www.blogdopilako.com.br\/wp\/2015\/09\/29\/momento-grau-tecnico-vitoria-93\/\" data-text=\"Momento Grau T\u00e9cnico Vit\u00f3ria\" data-desc=\"A Mata Atl\u00e2ntica \u00e9 uma das \u00e1reas mais ricas em biodiversidade, e tamb\u00e9m, um dos biomas mais amea\u00e7ados do Brasil. A\u00e7\u00f5es predat\u00f3rias de extra\u00e7\u00e3o, desmatamento e queimadas s\u00e3o fatores que contribuem com essa devasta\u00e7\u00e3o. \u00c9 preciso preservar, antes que seja tarde.\u202a#\u200eGrauT\u00e9cnico\u202c\" data-image=\"\" data-button=\"none\">\n\t\t\t\t\t<img src=\"\/\/www.linksalpha.com\/images\/social_share_button.png\" alt=\"Share\" class=\"linksalpha_image\" \/>\n\t\t\t\t\t<\/a><script type=\"text\/javascript\" src=\"\/\/www.linksalpha.com\/scripts\/loader_iconbox.js?v=2.4\"><\/script><\/span><\/div>","protected":false},"author":1,"featured_media":0,"comment_status":"open","ping_status":"open","sticky":false,"template":"","format":"standard","meta":[],"categories":[22],"tags":[],"_links":{"self":[{"href":"http:\/\/www.blogdopilako.com.br\/wp\/wp-json\/wp\/v2\/posts\/81093"}],"collection":[{"href":"http:\/\/www.blogdopilako.com.br\/wp\/wp-json\/wp\/v2\/posts"}],"about":[{"href":"http:\/\/www.blogdopilako.com.br\/wp\/wp-json\/wp\/v2\/types\/post"}],"author":[{"embeddable":true,"href":"http:\/\/www.blogdopilako.com.br\/wp\/wp-json\/wp\/v2\/users\/1"}],"replies":[{"embeddable":true,"href":"http:\/\/www.blogdopilako.com.br\/wp\/wp-json\/wp\/v2\/comments?post=81093"}],"version-history":[{"count":1,"href":"http:\/\/www.blogdopilako.com.br\/wp\/wp-json\/wp\/v2\/posts\/81093\/revisions"}],"predecessor-version":[{"id":81094,"href":"http:\/\/www.blogdopilako.com.br\/wp\/wp-json\/wp\/v2\/posts\/81093\/revisions\/81094"}],"wp:attachment":[{"href":"http:\/\/www.blogdopilako.com.br\/wp\/wp-json\/wp\/v2\/media?parent=81093"}],"wp:term":[{"taxonomy":"category","embeddable":true,"href":"http:\/\/www.blogdopilako.com.br\/wp\/wp-json\/wp\/v2\/categories?post=81093"},{"taxonomy":"post_tag","embeddable":true,"href":"http:\/\/www.blogdopilako.com.br\/wp\/wp-json\/wp\/v2\/tags?post=81093"}],"curies":[{"name":"wp","href":"https:\/\/api.w.org\/{rel}","templated":true}]}}