{"id":80791,"date":"2015-09-23T14:35:39","date_gmt":"2015-09-23T17:35:39","guid":{"rendered":"http:\/\/www.blogdopilako.com.br\/wp\/?p=80791"},"modified":"2015-09-23T13:44:43","modified_gmt":"2015-09-23T16:44:43","slug":"internauta-joao-bosco-do-carmo-comenta-no-blog-3","status":"publish","type":"post","link":"http:\/\/www.blogdopilako.com.br\/wp\/2015\/09\/23\/internauta-joao-bosco-do-carmo-comenta-no-blog-3\/","title":{"rendered":"Internauta Jo\u00e3o Bosco do Carmo comenta no blog"},"content":{"rendered":"\n\t\t\t\t<div class=\"mr_social_sharing_wrapper\">\n\t\t\t\t<!-- Social Sharing Toolkit v2.2 --><span class=\"mr_social_sharing_top\"><span style=\"display: inline-block; width: 55px; height: 62px; overflow: hidden;\"><div class=\"fb-like\" data-href=\"http:\/\/www.blogdopilako.com.br\/wp\/2015\/09\/23\/internauta-joao-bosco-do-carmo-comenta-no-blog-3\/\" data-send=\"false\" data-layout=\"box_count\" data-width=\"55\" data-show-faces=\"false\"><\/div><\/span><\/span><span class=\"mr_social_sharing_top\"><fb:share-button type=\"box_count\" href=\"http:\/\/www.blogdopilako.com.br\/wp\/2015\/09\/23\/internauta-joao-bosco-do-carmo-comenta-no-blog-3\/\"><\/fb:share-button><\/span><span class=\"mr_social_sharing\"><a rel=\"nofollow\" class=\"linksalpha_button linksalpha_link\" href=\"\/\/www.linksalpha.com\/social\/mobile\" data-url=\"http:\/\/www.blogdopilako.com.br\/wp\/2015\/09\/23\/internauta-joao-bosco-do-carmo-comenta-no-blog-3\/\" data-text=\"Internauta Jo\u00e3o Bosco do Carmo comenta no blog\" data-desc=\"Coment\u00e1rio postado na mat\u00e9ria \"\u201cBENEF\u00cdCIOS DA EDUCA\u00c7\u00c3O MUSICAL NA SOCIEDADE DO FUTURO\u201d \u2013 por Jo\u00e3o Bosco\". Ilma. Dra. Angela, obrigado! Conforme suas palavras, quando a m\u00fasica \u00e9 aplicada dentro do contexto educacional, cujo foco \u00e9 diferente, os frutos sociais ser\u00e3o outros. A\" data-image=\"\" data-button=\"none\">\n\t\t\t\t\t<img src=\"\/\/www.linksalpha.com\/images\/social_share_button.png\" alt=\"Share\" class=\"linksalpha_image\" \/>\n\t\t\t\t\t<\/a><script type=\"text\/javascript\" src=\"\/\/www.linksalpha.com\/scripts\/loader_iconbox.js?v=2.4\"><\/script><\/span><\/div><p>Coment\u00e1rio postado na mat\u00e9ria &#8220;<a href=\"http:\/\/www.blogdopilako.com.br\/wp\/2015\/07\/02\/beneficios-da-educacao-musical-na-sociedade-do-futuro-por-joao-bosco\/\" target=\"_blank\">\u201cBENEF\u00cdCIOS DA EDUCA\u00c7\u00c3O MUSICAL NA SOCIEDADE DO FUTURO\u201d \u2013 por Jo\u00e3o Bosco<\/a>&#8220;.<\/p>\n<blockquote>\n<p style=\"text-align: justify;\">Ilma. Dra. Angela, obrigado! Conforme suas palavras, quando a m\u00fasica \u00e9 aplicada dentro do contexto educacional, cujo foco \u00e9 diferente, os frutos sociais ser\u00e3o outros. A diferen\u00e7a ou o diferente e, a import\u00e2ncia da m\u00fasica na educa\u00e7\u00e3o, revelar\u00e3o no futuro, facilidades no aprendizado multidisciplinar. Quando a abordagem \u00e9 Educa\u00e7\u00e3o Musical e, a introdu\u00e7\u00e3o dentro das escolas e a forma\u00e7\u00e3o do Corpo Docente em m\u00fasica para ser lecionada, o mundo acad\u00eamico ser\u00e1 enriquecido nas diversas disciplinas, tais quais: Ci\u00eancias Exatas, Ci\u00eancias Humanas, Gram\u00e1tica e \u00e1reas afins. Por que dentro da m\u00fasica, teremos um pouco de cada uma dessas disciplinas apresentadas. Agrade\u00e7o a Deus e ao grande <strong>Maestro Aderaldo<\/strong> por seus ensinamentos. Um abra\u00e7o e sucessos, obrigado pela sua participa\u00e7\u00e3o.<\/p>\n<p style=\"text-align: justify;\"><strong>Jo\u00e3o Bosco do Carmo<\/strong><span class=\"akismet-user-comment-count\"><br \/>\n<\/span><\/p>\n<\/blockquote>\n<p>&nbsp;<\/p>\n\n\t\t\t\t<div class=\"mr_social_sharing_wrapper\">\n\t\t\t\t<!-- Social Sharing Toolkit v2.2 --><span class=\"mr_social_sharing_top\"><span style=\"display: inline-block; width: 55px; height: 62px; overflow: hidden;\"><div class=\"fb-like\" data-href=\"http:\/\/www.blogdopilako.com.br\/wp\/2015\/09\/23\/internauta-joao-bosco-do-carmo-comenta-no-blog-3\/\" data-send=\"false\" data-layout=\"box_count\" data-width=\"55\" data-show-faces=\"false\"><\/div><\/span><\/span><span class=\"mr_social_sharing_top\"><fb:share-button type=\"box_count\" href=\"http:\/\/www.blogdopilako.com.br\/wp\/2015\/09\/23\/internauta-joao-bosco-do-carmo-comenta-no-blog-3\/\"><\/fb:share-button><\/span><span class=\"mr_social_sharing\"><a rel=\"nofollow\" class=\"linksalpha_button linksalpha_link\" href=\"\/\/www.linksalpha.com\/social\/mobile\" data-url=\"http:\/\/www.blogdopilako.com.br\/wp\/2015\/09\/23\/internauta-joao-bosco-do-carmo-comenta-no-blog-3\/\" data-text=\"Internauta Jo\u00e3o Bosco do Carmo comenta no blog\" data-desc=\"Coment\u00e1rio postado na mat\u00e9ria \"\u201cBENEF\u00cdCIOS DA EDUCA\u00c7\u00c3O MUSICAL NA SOCIEDADE DO FUTURO\u201d \u2013 por Jo\u00e3o Bosco\". Ilma. Dra. Angela, obrigado! Conforme suas palavras, quando a m\u00fasica \u00e9 aplicada dentro do contexto educacional, cujo foco \u00e9 diferente, os frutos sociais ser\u00e3o outros. A\" data-image=\"\" data-button=\"none\">\n\t\t\t\t\t<img src=\"\/\/www.linksalpha.com\/images\/social_share_button.png\" alt=\"Share\" class=\"linksalpha_image\" \/>\n\t\t\t\t\t<\/a><script type=\"text\/javascript\" src=\"\/\/www.linksalpha.com\/scripts\/loader_iconbox.js?v=2.4\"><\/script><\/span><\/div>","protected":false},"excerpt":{"rendered":"\n\t\t\t\t<div class=\"mr_social_sharing_wrapper\">\n\t\t\t\t<!-- Social Sharing Toolkit v2.2 --><span class=\"mr_social_sharing_top\"><span style=\"display: inline-block; width: 55px; height: 62px; overflow: hidden;\"><div class=\"fb-like\" data-href=\"http:\/\/www.blogdopilako.com.br\/wp\/2015\/09\/23\/internauta-joao-bosco-do-carmo-comenta-no-blog-3\/\" data-send=\"false\" data-layout=\"box_count\" data-width=\"55\" data-show-faces=\"false\"><\/div><\/span><\/span><span class=\"mr_social_sharing_top\"><fb:share-button type=\"box_count\" href=\"http:\/\/www.blogdopilako.com.br\/wp\/2015\/09\/23\/internauta-joao-bosco-do-carmo-comenta-no-blog-3\/\"><\/fb:share-button><\/span><span class=\"mr_social_sharing\"><a rel=\"nofollow\" class=\"linksalpha_button linksalpha_link\" href=\"\/\/www.linksalpha.com\/social\/mobile\" data-url=\"http:\/\/www.blogdopilako.com.br\/wp\/2015\/09\/23\/internauta-joao-bosco-do-carmo-comenta-no-blog-3\/\" data-text=\"Internauta Jo\u00e3o Bosco do Carmo comenta no blog\" data-desc=\"Coment\u00e1rio postado na mat\u00e9ria \"\u201cBENEF\u00cdCIOS DA EDUCA\u00c7\u00c3O MUSICAL NA SOCIEDADE DO FUTURO\u201d \u2013 por Jo\u00e3o Bosco\". Ilma. Dra. Angela, obrigado! Conforme suas palavras, quando a m\u00fasica \u00e9 aplicada dentro do contexto educacional, cujo foco \u00e9 diferente, os frutos sociais ser\u00e3o outros. A\" data-image=\"\" data-button=\"none\">\n\t\t\t\t\t<img src=\"\/\/www.linksalpha.com\/images\/social_share_button.png\" alt=\"Share\" class=\"linksalpha_image\" \/>\n\t\t\t\t\t<\/a><script type=\"text\/javascript\" src=\"\/\/www.linksalpha.com\/scripts\/loader_iconbox.js?v=2.4\"><\/script><\/span><\/div><p>Coment\u00e1rio postado na mat\u00e9ria &#8220;\u201cBENEF\u00cdCIOS DA EDUCA\u00c7\u00c3O MUSICAL NA SOCIEDADE DO FUTURO\u201d \u2013 por Jo\u00e3o Bosco&#8220;. Ilma. Dra. Angela, obrigado! Conforme suas palavras, quando a m\u00fasica \u00e9 aplicada dentro do contexto educacional, cujo foco \u00e9 diferente, os frutos sociais ser\u00e3o &hellip; <a href=\"http:\/\/www.blogdopilako.com.br\/wp\/2015\/09\/23\/internauta-joao-bosco-do-carmo-comenta-no-blog-3\/\">Continue lendo <span class=\"meta-nav\">&rarr;<\/span><\/a><\/p>\n\n\t\t\t\t<div class=\"mr_social_sharing_wrapper\">\n\t\t\t\t<!-- Social Sharing Toolkit v2.2 --><span class=\"mr_social_sharing_top\"><span style=\"display: inline-block; width: 55px; height: 62px; overflow: hidden;\"><div class=\"fb-like\" data-href=\"http:\/\/www.blogdopilako.com.br\/wp\/2015\/09\/23\/internauta-joao-bosco-do-carmo-comenta-no-blog-3\/\" data-send=\"false\" data-layout=\"box_count\" data-width=\"55\" data-show-faces=\"false\"><\/div><\/span><\/span><span class=\"mr_social_sharing_top\"><fb:share-button type=\"box_count\" href=\"http:\/\/www.blogdopilako.com.br\/wp\/2015\/09\/23\/internauta-joao-bosco-do-carmo-comenta-no-blog-3\/\"><\/fb:share-button><\/span><span class=\"mr_social_sharing\"><a rel=\"nofollow\" class=\"linksalpha_button linksalpha_link\" href=\"\/\/www.linksalpha.com\/social\/mobile\" data-url=\"http:\/\/www.blogdopilako.com.br\/wp\/2015\/09\/23\/internauta-joao-bosco-do-carmo-comenta-no-blog-3\/\" data-text=\"Internauta Jo\u00e3o Bosco do Carmo comenta no blog\" data-desc=\"Coment\u00e1rio postado na mat\u00e9ria \"\u201cBENEF\u00cdCIOS DA EDUCA\u00c7\u00c3O MUSICAL NA SOCIEDADE DO FUTURO\u201d \u2013 por Jo\u00e3o Bosco\". Ilma. Dra. Angela, obrigado! Conforme suas palavras, quando a m\u00fasica \u00e9 aplicada dentro do contexto educacional, cujo foco \u00e9 diferente, os frutos sociais ser\u00e3o outros. A\" data-image=\"\" data-button=\"none\">\n\t\t\t\t\t<img src=\"\/\/www.linksalpha.com\/images\/social_share_button.png\" alt=\"Share\" class=\"linksalpha_image\" \/>\n\t\t\t\t\t<\/a><script type=\"text\/javascript\" src=\"\/\/www.linksalpha.com\/scripts\/loader_iconbox.js?v=2.4\"><\/script><\/span><\/div>","protected":false},"author":1,"featured_media":0,"comment_status":"open","ping_status":"open","sticky":false,"template":"","format":"standard","meta":[],"categories":[22],"tags":[],"_links":{"self":[{"href":"http:\/\/www.blogdopilako.com.br\/wp\/wp-json\/wp\/v2\/posts\/80791"}],"collection":[{"href":"http:\/\/www.blogdopilako.com.br\/wp\/wp-json\/wp\/v2\/posts"}],"about":[{"href":"http:\/\/www.blogdopilako.com.br\/wp\/wp-json\/wp\/v2\/types\/post"}],"author":[{"embeddable":true,"href":"http:\/\/www.blogdopilako.com.br\/wp\/wp-json\/wp\/v2\/users\/1"}],"replies":[{"embeddable":true,"href":"http:\/\/www.blogdopilako.com.br\/wp\/wp-json\/wp\/v2\/comments?post=80791"}],"version-history":[{"count":1,"href":"http:\/\/www.blogdopilako.com.br\/wp\/wp-json\/wp\/v2\/posts\/80791\/revisions"}],"predecessor-version":[{"id":80792,"href":"http:\/\/www.blogdopilako.com.br\/wp\/wp-json\/wp\/v2\/posts\/80791\/revisions\/80792"}],"wp:attachment":[{"href":"http:\/\/www.blogdopilako.com.br\/wp\/wp-json\/wp\/v2\/media?parent=80791"}],"wp:term":[{"taxonomy":"category","embeddable":true,"href":"http:\/\/www.blogdopilako.com.br\/wp\/wp-json\/wp\/v2\/categories?post=80791"},{"taxonomy":"post_tag","embeddable":true,"href":"http:\/\/www.blogdopilako.com.br\/wp\/wp-json\/wp\/v2\/tags?post=80791"}],"curies":[{"name":"wp","href":"https:\/\/api.w.org\/{rel}","templated":true}]}}