{"id":80611,"date":"2015-09-18T14:30:46","date_gmt":"2015-09-18T17:30:46","guid":{"rendered":"http:\/\/www.blogdopilako.com.br\/wp\/?p=80611"},"modified":"2015-09-18T11:29:49","modified_gmt":"2015-09-18T14:29:49","slug":"momento-cultural-velhice-por-aloisio-xavier-3","status":"publish","type":"post","link":"http:\/\/www.blogdopilako.com.br\/wp\/2015\/09\/18\/momento-cultural-velhice-por-aloisio-xavier-3\/","title":{"rendered":"Momento Cultural: Velhice &#8211; por Alo\u00edsio Xavier"},"content":{"rendered":"\n\t\t\t\t<div class=\"mr_social_sharing_wrapper\">\n\t\t\t\t<!-- Social Sharing Toolkit v2.2 --><span class=\"mr_social_sharing_top\"><span style=\"display: inline-block; width: 55px; height: 62px; overflow: hidden;\"><div class=\"fb-like\" data-href=\"http:\/\/www.blogdopilako.com.br\/wp\/2015\/09\/18\/momento-cultural-velhice-por-aloisio-xavier-3\/\" data-send=\"false\" data-layout=\"box_count\" data-width=\"55\" data-show-faces=\"false\"><\/div><\/span><\/span><span class=\"mr_social_sharing_top\"><fb:share-button type=\"box_count\" href=\"http:\/\/www.blogdopilako.com.br\/wp\/2015\/09\/18\/momento-cultural-velhice-por-aloisio-xavier-3\/\"><\/fb:share-button><\/span><span class=\"mr_social_sharing\"><a rel=\"nofollow\" class=\"linksalpha_button linksalpha_link\" href=\"\/\/www.linksalpha.com\/social\/mobile\" data-url=\"http:\/\/www.blogdopilako.com.br\/wp\/2015\/09\/18\/momento-cultural-velhice-por-aloisio-xavier-3\/\" data-text=\"Momento Cultural: Velhice \u2013 por Alo\u00edsio Xavier\" data-desc=\"Alo\u00edsio de Melo Xavier - Jornal da Vit\u00f3ria ANO XXIII - N\u00ba 153 - AGOSTO 2003 - p\u00e1g 19 Desafiei o tempo e triunfei. H\u00e1 mais e meio s\u00e9culo resisto. Sofrendo, embora, por aqui fiquei, da vida n\u00e3o me canso e n\u00e3o desisto. Espectro de gente me tornei. O padecer me faz quase outro Cristo.\" data-image=\"http:\/\/www.blogdopilako.com.br\/wp\/wp-content\/uploads\/Alo\u00edsio-de-Melo-Xavier-Jornal-da-Vit\u00f3ria-ANO-XXIII-N\u00ba-153-AGOSTO-2003-p\u00e1g-19.jpg\" data-button=\"none\">\n\t\t\t\t\t<img src=\"\/\/www.linksalpha.com\/images\/social_share_button.png\" alt=\"Share\" class=\"linksalpha_image\" \/>\n\t\t\t\t\t<\/a><script type=\"text\/javascript\" src=\"\/\/www.linksalpha.com\/scripts\/loader_iconbox.js?v=2.4\"><\/script><\/span><\/div><div id=\"attachment_48085\" style=\"width: 356px\" class=\"wp-caption aligncenter\"><a href=\"http:\/\/www.blogdopilako.com.br\/wp\/wp-content\/uploads\/Alo\u00edsio-de-Melo-Xavier-Jornal-da-Vit\u00f3ria-ANO-XXIII-N\u00ba-153-AGOSTO-2003-p\u00e1g-19.jpg\"><img aria-describedby=\"caption-attachment-48085\" loading=\"lazy\" class=\"size-full wp-image-48085\" src=\"http:\/\/www.blogdopilako.com.br\/wp\/wp-content\/uploads\/Alo\u00edsio-de-Melo-Xavier-Jornal-da-Vit\u00f3ria-ANO-XXIII-N\u00ba-153-AGOSTO-2003-p\u00e1g-19.jpg\" alt=\"Alo\u00edsio de Melo Xavier - Jornal da Vit\u00f3ria ANO XXIII - N\u00ba 153 - AGOSTO 2003 - p\u00e1g 19\" width=\"346\" height=\"306\" \/><\/a><p id=\"caption-attachment-48085\" class=\"wp-caption-text\">Alo\u00edsio de Melo Xavier &#8211; Jornal da Vit\u00f3ria ANO XXIII &#8211; N\u00ba 153 &#8211; AGOSTO 2003 &#8211; p\u00e1g 19<\/p><\/div>\n<p>Desafiei o tempo e triunfei.<br \/>\nH\u00e1 mais e meio s\u00e9culo resisto.<br \/>\nSofrendo, embora, por aqui fiquei,<br \/>\nda vida n\u00e3o me canso e n\u00e3o desisto.<\/p>\n<p>Espectro de gente me tornei.<br \/>\nO padecer me faz quase outro Cristo.<br \/>\nMorreram-me os entes que amei.<br \/>\nAo meu desmoronar eu mesmo assisto.<\/p>\n<p>Doente est\u00e1 meu corpo alquebrado<br \/>\nE esgotada tenho a pobre mente.<br \/>\n\u00c9 triste, muito triste hoje o meu fado.<\/p>\n<p>Meu ser, enfim, se encontra aniquilado.<br \/>\nPor\u00e9m de todas essas afli\u00e7\u00f5es<br \/>\nmais me afligem as recorda\u00e7\u00f5es.<\/p>\n<p style=\"text-align: justify;\"><strong>Alo\u00edsio de Melo Xavier<\/strong>, vitoriense nascido aos 6 de junho de 1918. Professor da Faculdade de Direito de Caruaru, da Universidade Cat\u00f3lica e da Faculdade de Direito da Universidade Federal. Juiz de Direito aposentado. Reside no Recife, por\u00e9m mant\u00e9m casa na Vit\u00f3ria, onde passa os fins de semana. Eterno enamorado, ele e a esposa, Prof\u00aa Eunice de Vasconcelos Xavier, da Vit\u00f3ria de Santo Ant\u00e3o.<\/p>\n\n\t\t\t\t<div class=\"mr_social_sharing_wrapper\">\n\t\t\t\t<!-- Social Sharing Toolkit v2.2 --><span class=\"mr_social_sharing_top\"><span style=\"display: inline-block; width: 55px; height: 62px; overflow: hidden;\"><div class=\"fb-like\" data-href=\"http:\/\/www.blogdopilako.com.br\/wp\/2015\/09\/18\/momento-cultural-velhice-por-aloisio-xavier-3\/\" data-send=\"false\" data-layout=\"box_count\" data-width=\"55\" data-show-faces=\"false\"><\/div><\/span><\/span><span class=\"mr_social_sharing_top\"><fb:share-button type=\"box_count\" href=\"http:\/\/www.blogdopilako.com.br\/wp\/2015\/09\/18\/momento-cultural-velhice-por-aloisio-xavier-3\/\"><\/fb:share-button><\/span><span class=\"mr_social_sharing\"><a rel=\"nofollow\" class=\"linksalpha_button linksalpha_link\" href=\"\/\/www.linksalpha.com\/social\/mobile\" data-url=\"http:\/\/www.blogdopilako.com.br\/wp\/2015\/09\/18\/momento-cultural-velhice-por-aloisio-xavier-3\/\" data-text=\"Momento Cultural: Velhice \u2013 por Alo\u00edsio Xavier\" data-desc=\"Alo\u00edsio de Melo Xavier - Jornal da Vit\u00f3ria ANO XXIII - N\u00ba 153 - AGOSTO 2003 - p\u00e1g 19 Desafiei o tempo e triunfei. H\u00e1 mais e meio s\u00e9culo resisto. Sofrendo, embora, por aqui fiquei, da vida n\u00e3o me canso e n\u00e3o desisto. Espectro de gente me tornei. O padecer me faz quase outro Cristo.\" data-image=\"http:\/\/www.blogdopilako.com.br\/wp\/wp-content\/uploads\/Alo\u00edsio-de-Melo-Xavier-Jornal-da-Vit\u00f3ria-ANO-XXIII-N\u00ba-153-AGOSTO-2003-p\u00e1g-19.jpg\" data-button=\"none\">\n\t\t\t\t\t<img src=\"\/\/www.linksalpha.com\/images\/social_share_button.png\" alt=\"Share\" class=\"linksalpha_image\" \/>\n\t\t\t\t\t<\/a><script type=\"text\/javascript\" src=\"\/\/www.linksalpha.com\/scripts\/loader_iconbox.js?v=2.4\"><\/script><\/span><\/div>","protected":false},"excerpt":{"rendered":"\n\t\t\t\t<div class=\"mr_social_sharing_wrapper\">\n\t\t\t\t<!-- Social Sharing Toolkit v2.2 --><span class=\"mr_social_sharing_top\"><span style=\"display: inline-block; width: 55px; height: 62px; overflow: hidden;\"><div class=\"fb-like\" data-href=\"http:\/\/www.blogdopilako.com.br\/wp\/2015\/09\/18\/momento-cultural-velhice-por-aloisio-xavier-3\/\" data-send=\"false\" data-layout=\"box_count\" data-width=\"55\" data-show-faces=\"false\"><\/div><\/span><\/span><span class=\"mr_social_sharing_top\"><fb:share-button type=\"box_count\" href=\"http:\/\/www.blogdopilako.com.br\/wp\/2015\/09\/18\/momento-cultural-velhice-por-aloisio-xavier-3\/\"><\/fb:share-button><\/span><span class=\"mr_social_sharing\"><a rel=\"nofollow\" class=\"linksalpha_button linksalpha_link\" href=\"\/\/www.linksalpha.com\/social\/mobile\" data-url=\"http:\/\/www.blogdopilako.com.br\/wp\/2015\/09\/18\/momento-cultural-velhice-por-aloisio-xavier-3\/\" data-text=\"Momento Cultural: Velhice \u2013 por Alo\u00edsio Xavier\" data-desc=\"Alo\u00edsio de Melo Xavier - Jornal da Vit\u00f3ria ANO XXIII - N\u00ba 153 - AGOSTO 2003 - p\u00e1g 19 Desafiei o tempo e triunfei. H\u00e1 mais e meio s\u00e9culo resisto. Sofrendo, embora, por aqui fiquei, da vida n\u00e3o me canso e n\u00e3o desisto. Espectro de gente me tornei. O padecer me faz quase outro Cristo.\" data-image=\"\" data-button=\"none\">\n\t\t\t\t\t<img src=\"\/\/www.linksalpha.com\/images\/social_share_button.png\" alt=\"Share\" class=\"linksalpha_image\" \/>\n\t\t\t\t\t<\/a><script type=\"text\/javascript\" src=\"\/\/www.linksalpha.com\/scripts\/loader_iconbox.js?v=2.4\"><\/script><\/span><\/div><p>Desafiei o tempo e triunfei. H\u00e1 mais e meio s\u00e9culo resisto. Sofrendo, embora, por aqui fiquei, da vida n\u00e3o me canso e n\u00e3o desisto. Espectro de gente me tornei. O padecer me faz quase outro Cristo. Morreram-me os entes que &hellip; <a href=\"http:\/\/www.blogdopilako.com.br\/wp\/2015\/09\/18\/momento-cultural-velhice-por-aloisio-xavier-3\/\">Continue lendo <span class=\"meta-nav\">&rarr;<\/span><\/a><\/p>\n\n\t\t\t\t<div class=\"mr_social_sharing_wrapper\">\n\t\t\t\t<!-- Social Sharing Toolkit v2.2 --><span class=\"mr_social_sharing_top\"><span style=\"display: inline-block; width: 55px; height: 62px; overflow: hidden;\"><div class=\"fb-like\" data-href=\"http:\/\/www.blogdopilako.com.br\/wp\/2015\/09\/18\/momento-cultural-velhice-por-aloisio-xavier-3\/\" data-send=\"false\" data-layout=\"box_count\" data-width=\"55\" data-show-faces=\"false\"><\/div><\/span><\/span><span class=\"mr_social_sharing_top\"><fb:share-button type=\"box_count\" href=\"http:\/\/www.blogdopilako.com.br\/wp\/2015\/09\/18\/momento-cultural-velhice-por-aloisio-xavier-3\/\"><\/fb:share-button><\/span><span class=\"mr_social_sharing\"><a rel=\"nofollow\" class=\"linksalpha_button linksalpha_link\" href=\"\/\/www.linksalpha.com\/social\/mobile\" data-url=\"http:\/\/www.blogdopilako.com.br\/wp\/2015\/09\/18\/momento-cultural-velhice-por-aloisio-xavier-3\/\" data-text=\"Momento Cultural: Velhice \u2013 por Alo\u00edsio Xavier\" data-desc=\"Alo\u00edsio de Melo Xavier - Jornal da Vit\u00f3ria ANO XXIII - N\u00ba 153 - AGOSTO 2003 - p\u00e1g 19 Desafiei o tempo e triunfei. H\u00e1 mais e meio s\u00e9culo resisto. Sofrendo, embora, por aqui fiquei, da vida n\u00e3o me canso e n\u00e3o desisto. Espectro de gente me tornei. O padecer me faz quase outro Cristo.\" data-image=\"\" data-button=\"none\">\n\t\t\t\t\t<img src=\"\/\/www.linksalpha.com\/images\/social_share_button.png\" alt=\"Share\" class=\"linksalpha_image\" \/>\n\t\t\t\t\t<\/a><script type=\"text\/javascript\" src=\"\/\/www.linksalpha.com\/scripts\/loader_iconbox.js?v=2.4\"><\/script><\/span><\/div>","protected":false},"author":1,"featured_media":0,"comment_status":"open","ping_status":"open","sticky":false,"template":"","format":"standard","meta":[],"categories":[114],"tags":[],"_links":{"self":[{"href":"http:\/\/www.blogdopilako.com.br\/wp\/wp-json\/wp\/v2\/posts\/80611"}],"collection":[{"href":"http:\/\/www.blogdopilako.com.br\/wp\/wp-json\/wp\/v2\/posts"}],"about":[{"href":"http:\/\/www.blogdopilako.com.br\/wp\/wp-json\/wp\/v2\/types\/post"}],"author":[{"embeddable":true,"href":"http:\/\/www.blogdopilako.com.br\/wp\/wp-json\/wp\/v2\/users\/1"}],"replies":[{"embeddable":true,"href":"http:\/\/www.blogdopilako.com.br\/wp\/wp-json\/wp\/v2\/comments?post=80611"}],"version-history":[{"count":1,"href":"http:\/\/www.blogdopilako.com.br\/wp\/wp-json\/wp\/v2\/posts\/80611\/revisions"}],"predecessor-version":[{"id":80613,"href":"http:\/\/www.blogdopilako.com.br\/wp\/wp-json\/wp\/v2\/posts\/80611\/revisions\/80613"}],"wp:attachment":[{"href":"http:\/\/www.blogdopilako.com.br\/wp\/wp-json\/wp\/v2\/media?parent=80611"}],"wp:term":[{"taxonomy":"category","embeddable":true,"href":"http:\/\/www.blogdopilako.com.br\/wp\/wp-json\/wp\/v2\/categories?post=80611"},{"taxonomy":"post_tag","embeddable":true,"href":"http:\/\/www.blogdopilako.com.br\/wp\/wp-json\/wp\/v2\/tags?post=80611"}],"curies":[{"name":"wp","href":"https:\/\/api.w.org\/{rel}","templated":true}]}}