{"id":7930,"date":"2011-11-03T09:47:29","date_gmt":"2011-11-03T12:47:29","guid":{"rendered":"http:\/\/www.blogdopilako.com.br\/wp\/?p=7930"},"modified":"2011-11-03T09:47:39","modified_gmt":"2011-11-03T12:47:39","slug":"ifpe-vitoria-abre-inscricoes-para-o-processo-seletivo-2012","status":"publish","type":"post","link":"http:\/\/www.blogdopilako.com.br\/wp\/2011\/11\/03\/ifpe-vitoria-abre-inscricoes-para-o-processo-seletivo-2012\/","title":{"rendered":"IFPE Vit\u00f3ria abre inscri\u00e7\u00f5es para o processo seletivo 2012"},"content":{"rendered":"\n\t\t\t\t<div class=\"mr_social_sharing_wrapper\">\n\t\t\t\t<!-- Social Sharing Toolkit v2.2 --><span class=\"mr_social_sharing_top\"><span style=\"display: inline-block; width: 55px; height: 62px; overflow: hidden;\"><div class=\"fb-like\" data-href=\"http:\/\/www.blogdopilako.com.br\/wp\/2011\/11\/03\/ifpe-vitoria-abre-inscricoes-para-o-processo-seletivo-2012\/\" data-send=\"false\" data-layout=\"box_count\" data-width=\"55\" data-show-faces=\"false\"><\/div><\/span><\/span><span class=\"mr_social_sharing_top\"><fb:share-button type=\"box_count\" href=\"http:\/\/www.blogdopilako.com.br\/wp\/2011\/11\/03\/ifpe-vitoria-abre-inscricoes-para-o-processo-seletivo-2012\/\"><\/fb:share-button><\/span><span class=\"mr_social_sharing\"><a rel=\"nofollow\" class=\"linksalpha_button linksalpha_link\" href=\"\/\/www.linksalpha.com\/social\/mobile\" data-url=\"http:\/\/www.blogdopilako.com.br\/wp\/2011\/11\/03\/ifpe-vitoria-abre-inscricoes-para-o-processo-seletivo-2012\/\" data-text=\"IFPE Vit\u00f3ria abre inscri\u00e7\u00f5es para o processo seletivo 2012\" data-desc=\"Come\u00e7a nesta quinta-feira (03) e segue at\u00e9 o dia 03 de dezembro, o per\u00edodo de inscri\u00e7\u00f5es para o processo de sele\u00e7\u00e3o de novos alunos do campus Vit\u00f3ria de Santo Ant\u00e3o do Instituto Federal de Educa\u00e7\u00e3o, Ci\u00eancia e Tecnologia de Pernambuco (IFPE). S\u00e3o oferecidas 315 vagas em cursos t\u00e9cnicos\" data-image=\"http:\/\/vitoria.ifpe.edu.br\/img\/selecao2012.jpg\" data-button=\"none\">\n\t\t\t\t\t<img src=\"\/\/www.linksalpha.com\/images\/social_share_button.png\" alt=\"Share\" class=\"linksalpha_image\" \/>\n\t\t\t\t\t<\/a><script type=\"text\/javascript\" src=\"\/\/www.linksalpha.com\/scripts\/loader_iconbox.js?v=2.4\"><\/script><\/span><\/div><p style=\"text-align: justify;\"><img loading=\"lazy\" class=\"aligncenter\" title=\"ifpe2012\" src=\"http:\/\/vitoria.ifpe.edu.br\/img\/selecao2012.jpg\" alt=\"\" width=\"598\" height=\"200\" \/><\/p>\n<p style=\"text-align: justify;\">Come\u00e7a nesta quinta-feira (03) e segue at\u00e9 o dia 03 de dezembro, o per\u00edodo de inscri\u00e7\u00f5es para o processo de sele\u00e7\u00e3o de novos alunos do campus Vit\u00f3ria de Santo Ant\u00e3o do Instituto Federal de Educa\u00e7\u00e3o, Ci\u00eancia e Tecnologia de Pernambuco (IFPE). S\u00e3o oferecidas 315 vagas em cursos t\u00e9cnicos integrados ao Ensino M\u00e9dio e subsequentes. As provas ser\u00e3o realizadas no dia 11 de dezembro.<\/p>\n<p style=\"text-align: justify;\">Para os cursos t\u00e9cnicos integrados ao Ensino M\u00e9dio s\u00e3o oferecidas 210 vagas, as op\u00e7\u00f5es s\u00e3o Agropecu\u00e1ria (105) e Agroind\u00fastria (105). Na modalidade subsequente, s\u00e3o 105 vagas: Agroind\u00fastria (35), Agropecu\u00e1ria (35) e Zootecnia (35). O edital do processo seletivo est\u00e1 dispon\u00edvel no site do campus.<\/p>\n<p style=\"text-align: justify;\">As inscri\u00e7\u00f5es podem ser feitas de segunda a sexta-feira, das 7h30 \u00e0s 10h30 e das 13h30 \u00e0s 16h30, no audit\u00f3rio do campus \u2013 localizado na Propriedade Terra Preta, s\/n, Zona Rural de Vit\u00f3ria de Santo Ant\u00e3o \u2013 ou nas escolas dos munic\u00edpios a serem visitados pela Comiss\u00e3o de Sele\u00e7\u00e3o. Para se inscrever, o candidato dever\u00e1 apresentar c\u00f3pia da Carteira de Identidade ou Registro de Nascimento; c\u00f3pia das tr\u00eas \u00faltimas contas de energia el\u00e9trica da resid\u00eancia onde mora; comprovante de resid\u00eancia em nome do pai ou respons\u00e1vel; formul\u00e1rio de Inscri\u00e7\u00e3o, sem rasuras ou emendas, devidamente preenchido e assinado; uma foto 3&#215;4, recente e colorida, al\u00e9m de doar um quilo de alimento n\u00e3o perec\u00edvel a ser doado para entidade filantr\u00f3pica da cidade.<\/p>\n<p style=\"text-align: justify;\">Os candidatos dever\u00e3o efetuar a inscri\u00e7\u00e3o pessoalmente a fim de responder ao question\u00e1rio sociocultural, que corresponde \u00e0 primeira etapa da sele\u00e7\u00e3o. A segunda \u00e9 composta por prova de reda\u00e7\u00e3o e interpreta\u00e7\u00e3o de textos. Para os estudantes que optarem pelo regime de resid\u00eancia no campus haver\u00e1 ainda uma terceira fase, em que ser\u00e3o realizadas entrevistas com candidatos e pais ou respons\u00e1veis.<\/p>\n<p style=\"text-align: justify;\">A lista final com os aprovados para todos os cursos e regimes ser\u00e1 divulgada no dia 10 de janeiro de 2012, no Setor de Registros Escolares, pelo telefone (81) 3523.1130 e no site <a href=\"http:\/\/www.vitoria.ifpe.edu.br\" target=\"_blank\">www.vitoria.ifpe.edu.br<\/a>. As matr\u00edculas dos selecionados ser\u00e3o nos dias 12, 13 e 16 de janeiro. O in\u00edcio do ano letivo est\u00e1 previsto para o dia 06 de fevereiro.<\/p>\n<p style=\"text-align: justify;\"><em><strong>SERVI\u00c7O:<\/strong><\/em><br \/>\nIFPE campus Vit\u00f3ria (antiga Escola Agrot\u00e9cnica Federal)<br \/>\nEndere\u00e7o: Propriedade Terra Preta, s\/n, Vit\u00f3ria de Santo Ant\u00e3o<br \/>\nFone: (81) 3523-1130<br \/>\n<a href=\"http:\/\/www.vitoria.ifpe.edu.br\" target=\"_blank\"> www.vitoria.ifpe.edu.br<\/a><br \/>\nwww.twitter.com\/ifpe_vitoria<\/p>\n\n\t\t\t\t<div class=\"mr_social_sharing_wrapper\">\n\t\t\t\t<!-- Social Sharing Toolkit v2.2 --><span class=\"mr_social_sharing_top\"><span style=\"display: inline-block; width: 55px; height: 62px; overflow: hidden;\"><div class=\"fb-like\" data-href=\"http:\/\/www.blogdopilako.com.br\/wp\/2011\/11\/03\/ifpe-vitoria-abre-inscricoes-para-o-processo-seletivo-2012\/\" data-send=\"false\" data-layout=\"box_count\" data-width=\"55\" data-show-faces=\"false\"><\/div><\/span><\/span><span class=\"mr_social_sharing_top\"><fb:share-button type=\"box_count\" href=\"http:\/\/www.blogdopilako.com.br\/wp\/2011\/11\/03\/ifpe-vitoria-abre-inscricoes-para-o-processo-seletivo-2012\/\"><\/fb:share-button><\/span><span class=\"mr_social_sharing\"><a rel=\"nofollow\" class=\"linksalpha_button linksalpha_link\" href=\"\/\/www.linksalpha.com\/social\/mobile\" data-url=\"http:\/\/www.blogdopilako.com.br\/wp\/2011\/11\/03\/ifpe-vitoria-abre-inscricoes-para-o-processo-seletivo-2012\/\" data-text=\"IFPE Vit\u00f3ria abre inscri\u00e7\u00f5es para o processo seletivo 2012\" data-desc=\"Come\u00e7a nesta quinta-feira (03) e segue at\u00e9 o dia 03 de dezembro, o per\u00edodo de inscri\u00e7\u00f5es para o processo de sele\u00e7\u00e3o de novos alunos do campus Vit\u00f3ria de Santo Ant\u00e3o do Instituto Federal de Educa\u00e7\u00e3o, Ci\u00eancia e Tecnologia de Pernambuco (IFPE). S\u00e3o oferecidas 315 vagas em cursos t\u00e9cnicos\" data-image=\"http:\/\/vitoria.ifpe.edu.br\/img\/selecao2012.jpg\" data-button=\"none\">\n\t\t\t\t\t<img src=\"\/\/www.linksalpha.com\/images\/social_share_button.png\" alt=\"Share\" class=\"linksalpha_image\" \/>\n\t\t\t\t\t<\/a><script type=\"text\/javascript\" src=\"\/\/www.linksalpha.com\/scripts\/loader_iconbox.js?v=2.4\"><\/script><\/span><\/div>","protected":false},"excerpt":{"rendered":"\n\t\t\t\t<div class=\"mr_social_sharing_wrapper\">\n\t\t\t\t<!-- Social Sharing Toolkit v2.2 --><span class=\"mr_social_sharing_top\"><span style=\"display: inline-block; width: 55px; height: 62px; overflow: hidden;\"><div class=\"fb-like\" data-href=\"http:\/\/www.blogdopilako.com.br\/wp\/2011\/11\/03\/ifpe-vitoria-abre-inscricoes-para-o-processo-seletivo-2012\/\" data-send=\"false\" data-layout=\"box_count\" data-width=\"55\" data-show-faces=\"false\"><\/div><\/span><\/span><span class=\"mr_social_sharing_top\"><fb:share-button type=\"box_count\" href=\"http:\/\/www.blogdopilako.com.br\/wp\/2011\/11\/03\/ifpe-vitoria-abre-inscricoes-para-o-processo-seletivo-2012\/\"><\/fb:share-button><\/span><span class=\"mr_social_sharing\"><a rel=\"nofollow\" class=\"linksalpha_button linksalpha_link\" href=\"\/\/www.linksalpha.com\/social\/mobile\" data-url=\"http:\/\/www.blogdopilako.com.br\/wp\/2011\/11\/03\/ifpe-vitoria-abre-inscricoes-para-o-processo-seletivo-2012\/\" data-text=\"IFPE Vit\u00f3ria abre inscri\u00e7\u00f5es para o processo seletivo 2012\" data-desc=\"Come\u00e7a nesta quinta-feira (03) e segue at\u00e9 o dia 03 de dezembro, o per\u00edodo de inscri\u00e7\u00f5es para o processo de sele\u00e7\u00e3o de novos alunos do campus Vit\u00f3ria de Santo Ant\u00e3o do Instituto Federal de Educa\u00e7\u00e3o, Ci\u00eancia e Tecnologia de Pernambuco (IFPE). S\u00e3o oferecidas 315 vagas em cursos t\u00e9cnicos\" data-image=\"\" data-button=\"none\">\n\t\t\t\t\t<img src=\"\/\/www.linksalpha.com\/images\/social_share_button.png\" alt=\"Share\" class=\"linksalpha_image\" \/>\n\t\t\t\t\t<\/a><script type=\"text\/javascript\" src=\"\/\/www.linksalpha.com\/scripts\/loader_iconbox.js?v=2.4\"><\/script><\/span><\/div><p>Come\u00e7a nesta quinta-feira (03) e segue at\u00e9 o dia 03 de dezembro, o per\u00edodo de inscri\u00e7\u00f5es para o processo de sele\u00e7\u00e3o de novos alunos do campus Vit\u00f3ria de Santo Ant\u00e3o do Instituto Federal de Educa\u00e7\u00e3o, Ci\u00eancia e Tecnologia de Pernambuco &hellip; <a href=\"http:\/\/www.blogdopilako.com.br\/wp\/2011\/11\/03\/ifpe-vitoria-abre-inscricoes-para-o-processo-seletivo-2012\/\">Continue lendo <span class=\"meta-nav\">&rarr;<\/span><\/a><\/p>\n\n\t\t\t\t<div class=\"mr_social_sharing_wrapper\">\n\t\t\t\t<!-- Social Sharing Toolkit v2.2 --><span class=\"mr_social_sharing_top\"><span style=\"display: inline-block; width: 55px; height: 62px; overflow: hidden;\"><div class=\"fb-like\" data-href=\"http:\/\/www.blogdopilako.com.br\/wp\/2011\/11\/03\/ifpe-vitoria-abre-inscricoes-para-o-processo-seletivo-2012\/\" data-send=\"false\" data-layout=\"box_count\" data-width=\"55\" data-show-faces=\"false\"><\/div><\/span><\/span><span class=\"mr_social_sharing_top\"><fb:share-button type=\"box_count\" href=\"http:\/\/www.blogdopilako.com.br\/wp\/2011\/11\/03\/ifpe-vitoria-abre-inscricoes-para-o-processo-seletivo-2012\/\"><\/fb:share-button><\/span><span class=\"mr_social_sharing\"><a rel=\"nofollow\" class=\"linksalpha_button linksalpha_link\" href=\"\/\/www.linksalpha.com\/social\/mobile\" data-url=\"http:\/\/www.blogdopilako.com.br\/wp\/2011\/11\/03\/ifpe-vitoria-abre-inscricoes-para-o-processo-seletivo-2012\/\" data-text=\"IFPE Vit\u00f3ria abre inscri\u00e7\u00f5es para o processo seletivo 2012\" data-desc=\"Come\u00e7a nesta quinta-feira (03) e segue at\u00e9 o dia 03 de dezembro, o per\u00edodo de inscri\u00e7\u00f5es para o processo de sele\u00e7\u00e3o de novos alunos do campus Vit\u00f3ria de Santo Ant\u00e3o do Instituto Federal de Educa\u00e7\u00e3o, Ci\u00eancia e Tecnologia de Pernambuco (IFPE). S\u00e3o oferecidas 315 vagas em cursos t\u00e9cnicos\" data-image=\"\" data-button=\"none\">\n\t\t\t\t\t<img src=\"\/\/www.linksalpha.com\/images\/social_share_button.png\" alt=\"Share\" class=\"linksalpha_image\" \/>\n\t\t\t\t\t<\/a><script type=\"text\/javascript\" src=\"\/\/www.linksalpha.com\/scripts\/loader_iconbox.js?v=2.4\"><\/script><\/span><\/div>","protected":false},"author":4,"featured_media":0,"comment_status":"open","ping_status":"open","sticky":false,"template":"","format":"standard","meta":[],"categories":[22],"tags":[],"_links":{"self":[{"href":"http:\/\/www.blogdopilako.com.br\/wp\/wp-json\/wp\/v2\/posts\/7930"}],"collection":[{"href":"http:\/\/www.blogdopilako.com.br\/wp\/wp-json\/wp\/v2\/posts"}],"about":[{"href":"http:\/\/www.blogdopilako.com.br\/wp\/wp-json\/wp\/v2\/types\/post"}],"author":[{"embeddable":true,"href":"http:\/\/www.blogdopilako.com.br\/wp\/wp-json\/wp\/v2\/users\/4"}],"replies":[{"embeddable":true,"href":"http:\/\/www.blogdopilako.com.br\/wp\/wp-json\/wp\/v2\/comments?post=7930"}],"version-history":[{"count":3,"href":"http:\/\/www.blogdopilako.com.br\/wp\/wp-json\/wp\/v2\/posts\/7930\/revisions"}],"predecessor-version":[{"id":7943,"href":"http:\/\/www.blogdopilako.com.br\/wp\/wp-json\/wp\/v2\/posts\/7930\/revisions\/7943"}],"wp:attachment":[{"href":"http:\/\/www.blogdopilako.com.br\/wp\/wp-json\/wp\/v2\/media?parent=7930"}],"wp:term":[{"taxonomy":"category","embeddable":true,"href":"http:\/\/www.blogdopilako.com.br\/wp\/wp-json\/wp\/v2\/categories?post=7930"},{"taxonomy":"post_tag","embeddable":true,"href":"http:\/\/www.blogdopilako.com.br\/wp\/wp-json\/wp\/v2\/tags?post=7930"}],"curies":[{"name":"wp","href":"https:\/\/api.w.org\/{rel}","templated":true}]}}