{"id":77662,"date":"2015-07-10T14:57:53","date_gmt":"2015-07-10T17:57:53","guid":{"rendered":"http:\/\/www.blogdopilako.com.br\/wp\/?p=77662"},"modified":"2015-07-10T15:36:52","modified_gmt":"2015-07-10T18:36:52","slug":"seu-biu-pescocinho-a-comunidade-musical-da-vitoria-esta-de-luto","status":"publish","type":"post","link":"http:\/\/www.blogdopilako.com.br\/wp\/2015\/07\/10\/seu-biu-pescocinho-a-comunidade-musical-da-vitoria-esta-de-luto\/","title":{"rendered":"Seu Biu Pescocinho: a comunidade musical da Vit\u00f3ria est\u00e1 de luto."},"content":{"rendered":"\n\t\t\t\t<div class=\"mr_social_sharing_wrapper\">\n\t\t\t\t<!-- Social Sharing Toolkit v2.2 --><span class=\"mr_social_sharing_top\"><span style=\"display: inline-block; width: 55px; height: 62px; overflow: hidden;\"><div class=\"fb-like\" data-href=\"http:\/\/www.blogdopilako.com.br\/wp\/2015\/07\/10\/seu-biu-pescocinho-a-comunidade-musical-da-vitoria-esta-de-luto\/\" data-send=\"false\" data-layout=\"box_count\" data-width=\"55\" data-show-faces=\"false\"><\/div><\/span><\/span><span class=\"mr_social_sharing_top\"><fb:share-button type=\"box_count\" href=\"http:\/\/www.blogdopilako.com.br\/wp\/2015\/07\/10\/seu-biu-pescocinho-a-comunidade-musical-da-vitoria-esta-de-luto\/\"><\/fb:share-button><\/span><span class=\"mr_social_sharing\"><a rel=\"nofollow\" class=\"linksalpha_button linksalpha_link\" href=\"\/\/www.linksalpha.com\/social\/mobile\" data-url=\"http:\/\/www.blogdopilako.com.br\/wp\/2015\/07\/10\/seu-biu-pescocinho-a-comunidade-musical-da-vitoria-esta-de-luto\/\" data-text=\"Seu Biu Pescocinho: a comunidade musical da Vit\u00f3ria est\u00e1 de luto.\" data-desc=\"Tomei conhecimento na noite de ontem (09), atrav\u00e9s das redes sociais, do falecimento de Seu Biu (conhecido por Biu Pescocinho). Seu Biu foi v\u00edtima de um acidente de tr\u00e2nsito, ocorrido no \u00faltimo domingo, aqui em Vit\u00f3ria. Ainda me lembro da primeira vez que tive contato direto com seu Biu. Isso\" data-image=\"http:\/\/www.blogdopilako.com.br\/wp\/wp-content\/uploads\/pescocinho.jpg\" data-button=\"none\">\n\t\t\t\t\t<img src=\"\/\/www.linksalpha.com\/images\/social_share_button.png\" alt=\"Share\" class=\"linksalpha_image\" \/>\n\t\t\t\t\t<\/a><script type=\"text\/javascript\" src=\"\/\/www.linksalpha.com\/scripts\/loader_iconbox.js?v=2.4\"><\/script><\/span><\/div><p style=\"text-align: justify;\"><a href=\"http:\/\/www.blogdopilako.com.br\/wp\/wp-content\/uploads\/pescocinho.jpg\"><img loading=\"lazy\" class=\"aligncenter size-full wp-image-77678\" src=\"http:\/\/www.blogdopilako.com.br\/wp\/wp-content\/uploads\/pescocinho.jpg\" alt=\"pescocinho\" width=\"265\" height=\"394\" \/><\/a><\/p>\n<p style=\"text-align: justify;\">Tomei conhecimento na noite de ontem (09), atrav\u00e9s das redes sociais, do falecimento de <strong>Seu Biu<\/strong> (conhecido por <strong>Biu Pescocinho<\/strong>). Seu Biu foi v\u00edtima de um acidente de tr\u00e2nsito, ocorrido no \u00faltimo domingo, aqui em Vit\u00f3ria.<\/p>\n<p style=\"text-align: justify;\">Ainda me lembro da primeira vez que tive contato direto com seu Biu. Isso ocorreu h\u00e1\u00a0 mais ou menos vinte anos. Eu estava com papai (que lhe conhecia bem) justamente para viabilizar uma apresenta\u00e7\u00e3o do <strong>Clube de Fado Taboquinhas<\/strong> em uma festa que o <strong>Bloco da Saudade<\/strong> estava \u00e0 promover no <strong>Clube Abanadores \u201cO LE\u00c3O\u201d<\/strong>.<\/p>\n<p style=\"text-align: justify;\">Pois bem, nas minhas andan\u00e7as pelos bares da vida \u00a0sempre o encontrava nas rodas da boemia. Como bom\u00a0 violonista que \u00a0foi, era figura querida e festejada sempre. Animado e entusiasmado pela m\u00fasica \u00a0n\u00e3o dispensava uma apresenta\u00e7\u00e3o. Na \u00faltima vez em que estive com ele e com Seu <strong>Jairo Caj\u00fa<\/strong>, no Restaurante do amigo <strong>Tadeu Souza<\/strong> (v\u00eddeo abaixo), eles \u00a0j\u00e1 estavam de sa\u00edda em fun\u00e7\u00e3o de um compromisso, mas, \u00a0quando foram convidados a subir no palco &#8220;esqueceram&#8221; do compromisso e fizeram a festa. Veja o v\u00eddeo:<\/p>\n<p style=\"text-align: justify;\"><iframe loading=\"lazy\" src=\"https:\/\/www.youtube.com\/embed\/GbNy-kod6hY\" width=\"560\" height=\"315\" frameborder=\"0\" allowfullscreen=\"allowfullscreen\"><\/iframe><\/p>\n<p style=\"text-align: justify;\">Portanto, Vit\u00f3ria \u00a0de Santo Ant\u00e3o perde um filho querido e a comunidade musical da nossa cidade deve registrar a partida de um dos mais ass\u00edduos \u00a0componentes das boas rodas da boemia. Com a chegada de Seu Biu, hoje, no c\u00e9u, \u00a0a festa vai rolar.<\/p>\n<p style=\"text-align: justify;\"><a href=\"http:\/\/www.blogdopilako.com.br\/wp\/wp-content\/uploads\/11703032_10205138371359777_2740644863327019602_n.jpg\"><img loading=\"lazy\" class=\"aligncenter size-full wp-image-77679\" src=\"http:\/\/www.blogdopilako.com.br\/wp\/wp-content\/uploads\/11703032_10205138371359777_2740644863327019602_n.jpg\" alt=\"11703032_10205138371359777_2740644863327019602_n\" width=\"597\" height=\"446\" \/><\/a><\/p>\n\n\t\t\t\t<div class=\"mr_social_sharing_wrapper\">\n\t\t\t\t<!-- Social Sharing Toolkit v2.2 --><span class=\"mr_social_sharing_top\"><span style=\"display: inline-block; width: 55px; height: 62px; overflow: hidden;\"><div class=\"fb-like\" data-href=\"http:\/\/www.blogdopilako.com.br\/wp\/2015\/07\/10\/seu-biu-pescocinho-a-comunidade-musical-da-vitoria-esta-de-luto\/\" data-send=\"false\" data-layout=\"box_count\" data-width=\"55\" data-show-faces=\"false\"><\/div><\/span><\/span><span class=\"mr_social_sharing_top\"><fb:share-button type=\"box_count\" href=\"http:\/\/www.blogdopilako.com.br\/wp\/2015\/07\/10\/seu-biu-pescocinho-a-comunidade-musical-da-vitoria-esta-de-luto\/\"><\/fb:share-button><\/span><span class=\"mr_social_sharing\"><a rel=\"nofollow\" class=\"linksalpha_button linksalpha_link\" href=\"\/\/www.linksalpha.com\/social\/mobile\" data-url=\"http:\/\/www.blogdopilako.com.br\/wp\/2015\/07\/10\/seu-biu-pescocinho-a-comunidade-musical-da-vitoria-esta-de-luto\/\" data-text=\"Seu Biu Pescocinho: a comunidade musical da Vit\u00f3ria est\u00e1 de luto.\" data-desc=\"Tomei conhecimento na noite de ontem (09), atrav\u00e9s das redes sociais, do falecimento de Seu Biu (conhecido por Biu Pescocinho). Seu Biu foi v\u00edtima de um acidente de tr\u00e2nsito, ocorrido no \u00faltimo domingo, aqui em Vit\u00f3ria. Ainda me lembro da primeira vez que tive contato direto com seu Biu. Isso\" data-image=\"http:\/\/www.blogdopilako.com.br\/wp\/wp-content\/uploads\/pescocinho.jpg\" data-button=\"none\">\n\t\t\t\t\t<img src=\"\/\/www.linksalpha.com\/images\/social_share_button.png\" alt=\"Share\" class=\"linksalpha_image\" \/>\n\t\t\t\t\t<\/a><script type=\"text\/javascript\" src=\"\/\/www.linksalpha.com\/scripts\/loader_iconbox.js?v=2.4\"><\/script><\/span><\/div>","protected":false},"excerpt":{"rendered":"\n\t\t\t\t<div class=\"mr_social_sharing_wrapper\">\n\t\t\t\t<!-- Social Sharing Toolkit v2.2 --><span class=\"mr_social_sharing_top\"><span style=\"display: inline-block; width: 55px; height: 62px; overflow: hidden;\"><div class=\"fb-like\" data-href=\"http:\/\/www.blogdopilako.com.br\/wp\/2015\/07\/10\/seu-biu-pescocinho-a-comunidade-musical-da-vitoria-esta-de-luto\/\" data-send=\"false\" data-layout=\"box_count\" data-width=\"55\" data-show-faces=\"false\"><\/div><\/span><\/span><span class=\"mr_social_sharing_top\"><fb:share-button type=\"box_count\" href=\"http:\/\/www.blogdopilako.com.br\/wp\/2015\/07\/10\/seu-biu-pescocinho-a-comunidade-musical-da-vitoria-esta-de-luto\/\"><\/fb:share-button><\/span><span class=\"mr_social_sharing\"><a rel=\"nofollow\" class=\"linksalpha_button linksalpha_link\" href=\"\/\/www.linksalpha.com\/social\/mobile\" data-url=\"http:\/\/www.blogdopilako.com.br\/wp\/2015\/07\/10\/seu-biu-pescocinho-a-comunidade-musical-da-vitoria-esta-de-luto\/\" data-text=\"Seu Biu Pescocinho: a comunidade musical da Vit\u00f3ria est\u00e1 de luto.\" data-desc=\"Tomei conhecimento na noite de ontem (09), atrav\u00e9s das redes sociais, do falecimento de Seu Biu (conhecido por Biu Pescocinho). Seu Biu foi v\u00edtima de um acidente de tr\u00e2nsito, ocorrido no \u00faltimo domingo, aqui em Vit\u00f3ria. Ainda me lembro da primeira vez que tive contato direto com seu Biu. Isso\" data-image=\"\" data-button=\"none\">\n\t\t\t\t\t<img src=\"\/\/www.linksalpha.com\/images\/social_share_button.png\" alt=\"Share\" class=\"linksalpha_image\" \/>\n\t\t\t\t\t<\/a><script type=\"text\/javascript\" src=\"\/\/www.linksalpha.com\/scripts\/loader_iconbox.js?v=2.4\"><\/script><\/span><\/div><p>Tomei conhecimento na noite de ontem (09), atrav\u00e9s das redes sociais, do falecimento de Seu Biu (conhecido por Biu Pescocinho). Seu Biu foi v\u00edtima de um acidente de tr\u00e2nsito, ocorrido no \u00faltimo domingo, aqui em Vit\u00f3ria. Ainda me lembro da &hellip; <a href=\"http:\/\/www.blogdopilako.com.br\/wp\/2015\/07\/10\/seu-biu-pescocinho-a-comunidade-musical-da-vitoria-esta-de-luto\/\">Continue lendo <span class=\"meta-nav\">&rarr;<\/span><\/a><\/p>\n\n\t\t\t\t<div class=\"mr_social_sharing_wrapper\">\n\t\t\t\t<!-- Social Sharing Toolkit v2.2 --><span class=\"mr_social_sharing_top\"><span style=\"display: inline-block; width: 55px; height: 62px; overflow: hidden;\"><div class=\"fb-like\" data-href=\"http:\/\/www.blogdopilako.com.br\/wp\/2015\/07\/10\/seu-biu-pescocinho-a-comunidade-musical-da-vitoria-esta-de-luto\/\" data-send=\"false\" data-layout=\"box_count\" data-width=\"55\" data-show-faces=\"false\"><\/div><\/span><\/span><span class=\"mr_social_sharing_top\"><fb:share-button type=\"box_count\" href=\"http:\/\/www.blogdopilako.com.br\/wp\/2015\/07\/10\/seu-biu-pescocinho-a-comunidade-musical-da-vitoria-esta-de-luto\/\"><\/fb:share-button><\/span><span class=\"mr_social_sharing\"><a rel=\"nofollow\" class=\"linksalpha_button linksalpha_link\" href=\"\/\/www.linksalpha.com\/social\/mobile\" data-url=\"http:\/\/www.blogdopilako.com.br\/wp\/2015\/07\/10\/seu-biu-pescocinho-a-comunidade-musical-da-vitoria-esta-de-luto\/\" data-text=\"Seu Biu Pescocinho: a comunidade musical da Vit\u00f3ria est\u00e1 de luto.\" data-desc=\"Tomei conhecimento na noite de ontem (09), atrav\u00e9s das redes sociais, do falecimento de Seu Biu (conhecido por Biu Pescocinho). Seu Biu foi v\u00edtima de um acidente de tr\u00e2nsito, ocorrido no \u00faltimo domingo, aqui em Vit\u00f3ria. Ainda me lembro da primeira vez que tive contato direto com seu Biu. Isso\" data-image=\"\" data-button=\"none\">\n\t\t\t\t\t<img src=\"\/\/www.linksalpha.com\/images\/social_share_button.png\" alt=\"Share\" class=\"linksalpha_image\" \/>\n\t\t\t\t\t<\/a><script type=\"text\/javascript\" src=\"\/\/www.linksalpha.com\/scripts\/loader_iconbox.js?v=2.4\"><\/script><\/span><\/div>","protected":false},"author":4,"featured_media":0,"comment_status":"open","ping_status":"open","sticky":false,"template":"","format":"standard","meta":[],"categories":[22],"tags":[],"_links":{"self":[{"href":"http:\/\/www.blogdopilako.com.br\/wp\/wp-json\/wp\/v2\/posts\/77662"}],"collection":[{"href":"http:\/\/www.blogdopilako.com.br\/wp\/wp-json\/wp\/v2\/posts"}],"about":[{"href":"http:\/\/www.blogdopilako.com.br\/wp\/wp-json\/wp\/v2\/types\/post"}],"author":[{"embeddable":true,"href":"http:\/\/www.blogdopilako.com.br\/wp\/wp-json\/wp\/v2\/users\/4"}],"replies":[{"embeddable":true,"href":"http:\/\/www.blogdopilako.com.br\/wp\/wp-json\/wp\/v2\/comments?post=77662"}],"version-history":[{"count":9,"href":"http:\/\/www.blogdopilako.com.br\/wp\/wp-json\/wp\/v2\/posts\/77662\/revisions"}],"predecessor-version":[{"id":77691,"href":"http:\/\/www.blogdopilako.com.br\/wp\/wp-json\/wp\/v2\/posts\/77662\/revisions\/77691"}],"wp:attachment":[{"href":"http:\/\/www.blogdopilako.com.br\/wp\/wp-json\/wp\/v2\/media?parent=77662"}],"wp:term":[{"taxonomy":"category","embeddable":true,"href":"http:\/\/www.blogdopilako.com.br\/wp\/wp-json\/wp\/v2\/categories?post=77662"},{"taxonomy":"post_tag","embeddable":true,"href":"http:\/\/www.blogdopilako.com.br\/wp\/wp-json\/wp\/v2\/tags?post=77662"}],"curies":[{"name":"wp","href":"https:\/\/api.w.org\/{rel}","templated":true}]}}