{"id":77660,"date":"2015-07-10T14:31:28","date_gmt":"2015-07-10T17:31:28","guid":{"rendered":"http:\/\/www.blogdopilako.com.br\/wp\/?p=77660"},"modified":"2015-07-10T14:31:28","modified_gmt":"2015-07-10T17:31:28","slug":"a-invasao-das-motos-em-vitoria-de-santo-antao","status":"publish","type":"post","link":"http:\/\/www.blogdopilako.com.br\/wp\/2015\/07\/10\/a-invasao-das-motos-em-vitoria-de-santo-antao\/","title":{"rendered":"A invas\u00e3o das motos em Vit\u00f3ria de Santo Ant\u00e3o"},"content":{"rendered":"\n\t\t\t\t<div class=\"mr_social_sharing_wrapper\">\n\t\t\t\t<!-- Social Sharing Toolkit v2.2 --><span class=\"mr_social_sharing_top\"><span style=\"display: inline-block; width: 55px; height: 62px; overflow: hidden;\"><div class=\"fb-like\" data-href=\"http:\/\/www.blogdopilako.com.br\/wp\/2015\/07\/10\/a-invasao-das-motos-em-vitoria-de-santo-antao\/\" data-send=\"false\" data-layout=\"box_count\" data-width=\"55\" data-show-faces=\"false\"><\/div><\/span><\/span><span class=\"mr_social_sharing_top\"><fb:share-button type=\"box_count\" href=\"http:\/\/www.blogdopilako.com.br\/wp\/2015\/07\/10\/a-invasao-das-motos-em-vitoria-de-santo-antao\/\"><\/fb:share-button><\/span><span class=\"mr_social_sharing\"><a rel=\"nofollow\" class=\"linksalpha_button linksalpha_link\" href=\"\/\/www.linksalpha.com\/social\/mobile\" data-url=\"http:\/\/www.blogdopilako.com.br\/wp\/2015\/07\/10\/a-invasao-das-motos-em-vitoria-de-santo-antao\/\" data-text=\"A invas\u00e3o das motos em Vit\u00f3ria de Santo Ant\u00e3o\" data-desc=\"Quem anda pelas ruas da cidade de Vit\u00f3ria observa um quantitativo muito grande de motocicletas. Como tamb\u00e9m \u00e9 comum ouvir falar sobre os acidentes envolvendo motoqueiros\/motociclistas, do excesso de velocidade. Esses dias, depois de escutar um relato de acidente, seguido de morte, que aconteceu\" data-image=\"http:\/\/www.blogdopilako.com.br\/wp\/wp-content\/uploads\/crian_as_em_moto_cinquentinha.jpg\" data-button=\"none\">\n\t\t\t\t\t<img src=\"\/\/www.linksalpha.com\/images\/social_share_button.png\" alt=\"Share\" class=\"linksalpha_image\" \/>\n\t\t\t\t\t<\/a><script type=\"text\/javascript\" src=\"\/\/www.linksalpha.com\/scripts\/loader_iconbox.js?v=2.4\"><\/script><\/span><\/div><p style=\"text-align: justify;\"><img class=\" aligncenter\" src=\"http:\/\/www.blogdopilako.com.br\/wp\/wp-content\/uploads\/crian_as_em_moto_cinquentinha.jpg\" alt=\"\" \/><\/p>\n<p style=\"text-align: justify;\">Quem anda pelas ruas da cidade de Vit\u00f3ria observa um quantitativo muito grande de motocicletas. Como tamb\u00e9m \u00e9 comum ouvir falar sobre os acidentes envolvendo motoqueiros\/motociclistas, do excesso de velocidade. Esses dias, depois de escutar um relato de acidente, seguido de morte, que aconteceu no bairro de L\u00eddia Queiroz, passei a observar melhor esse fen\u00f4meno em Vit\u00f3ria.<\/p>\n<p style=\"text-align: justify;\">S\u00e3o muitas motocicletas, pilotadas, majoritariamente, por homens jovens. Deixaram de ser um objeto apenas de prazer e de acessibilidade restrita pelos pre\u00e7os altos, como era quando surgiram no Brasil na d\u00e9cada de 60, para ser um meio de transporte bastante utilizado, principalmente pela sua praticidade. Em 2011 o Instituto de Pesquisa Econ\u00f4mica Aplicada (IPEA) apontou que a moto era usada por 5,5% da popula\u00e7\u00e3o que vivia nas capitais e por 15% nas demais cidades. O Instituto Brasileiro de Geografia e Estat\u00edstica (IBGE) divulgou em 2012 que as motocicletas estavam presentes em 20% das casas, com 12,6 milh\u00f5es de unidades. Os dados indicam que n\u00e3o \u00e9 um fen\u00f4meno presente em Vit\u00f3ria, mas em todo Brasil.<\/p>\n<p style=\"text-align: justify;\">Percebo que no caso de nossa cidade, tamb\u00e9m \u00e9 um meio de conseguir recursos materiais para sobreviver, ou seja, \u00e9 usada para o transporte de passageiros. At\u00e9 aqui n\u00e3o tem nenhum problema a equacionar. Mas o que me inquietou \u00e9 que tenho observado diversas irregularidades no uso da motocicleta. Em Vit\u00f3ria \u00e9 comum ver crian\u00e7as sendo carregadas entre o piloto e a m\u00e3e; motoqueiros carregando tr\u00eas pessoas, fazendo ultrapassagens perigosas&#8230; \u00c9 v\u00e1lido salientar que existem pessoas que pilotam de forma respons\u00e1vel, mas um quantitativo significativo comete irregularidades e irregularidades p\u00f5em em risco a vida das pessoas. E para al\u00e9m da banaliza\u00e7\u00e3o da vida, ela continua sendo o maior bem que temos.<\/p>\n<p style=\"text-align: justify;\">Ent\u00e3o, eu gostaria que pens\u00e1ssemos rapidamente na vida como um bem de valor imensur\u00e1vel. A vida como um presente do Criador para ser vivida com alegria, sa\u00fade, amor, f\u00e9, respeito, responsabilidade, dentre outras coisas. Sabe, \u00e0s vezes parece que as pessoas n\u00e3o entenderam que o que \u00e9 valioso precisa ser bem cuidado. Colocar sua vida em risco e a de outras pessoas \u00e9 uma den\u00fancia n\u00e3o vocalizada desse n\u00e3o entendimento.<\/p>\n<p style=\"text-align: justify;\">Outra coisa que devemos pensar \u00e9 que existem normas e estas est\u00e3o sendo desobedecidas por absoluta falta de fiscaliza\u00e7\u00e3o.\u00a0 Inicialmente as normas existem n\u00e3o para punir as pessoas, mas para orientar a conviv\u00eancia social, ou seja, elas s\u00e3o necess\u00e1rias socialmente. \u00c9 evidente que precisamos estar atentos a normas com conte\u00fado opressor, capaz de cercear a nossa liberdade, mas a constru\u00e7\u00e3o de normas que contribuam para uma boa conviv\u00eancia entre pedestres e os usu\u00e1rios dos meios de transporte, no caso em quest\u00e3o as motocicletas, s\u00e3o importantes, pois nesse caso o que est\u00e1 em quest\u00e3o \u00e9 a vida. E plagiando o comercial da TV: a vida n\u00e3o tem pre\u00e7o! Ou ser\u00e1 que tem? Ent\u00e3o, quanto vale a vida? Na can\u00e7\u00e3o de Engenheiros do Hava\u00ed diz que <em>\u201cs\u00e3o segredos que a gente n\u00e3o conta, contas que a gente n\u00e3o faz, quem souber quanto vale, fale em alto e bom som<\/em>\u201d.<\/p>\n<p style=\"text-align: justify;\">Ent\u00e3o eu grito: A vida vale muito!<\/p>\n<p style=\"text-align: justify;\">Cuidemos dela.<\/p>\n<p style=\"text-align: justify;\">At\u00e9 a pr\u00f3xima.<\/p>\n<p style=\"text-align: justify;\"><a href=\"http:\/\/www.blogdopilako.com.br\/wp\/wp-content\/uploads\/val1.jpg\"><img loading=\"lazy\" class=\"  wp-image-74738 alignleft\" src=\"http:\/\/www.blogdopilako.com.br\/wp\/wp-content\/uploads\/val1.jpg\" alt=\"val\" width=\"248\" height=\"373\" \/><\/a><\/p>\n<p style=\"text-align: left;\"><strong>Valdenice Jos\u00e9 Raimundo<\/strong><br \/>\nDoutora em Servi\u00e7o Social<br \/>\nDocente na Universidade Cat\u00f3lica de Pernambuco<br \/>\nL\u00edder do Grupo de Estudos \u00a0em Ra\u00e7a, G\u00eanero e Pol\u00edticas P\u00fablicas \u2013 UNICAP<br \/>\nCoordenadora do Projeto Vidas Inteligentes sem Drogas e \u00c1lcool \u2013 VIDA.<br \/>\nEndere\u00e7o para acessar este CV:<\/p>\n\n\t\t\t\t<div class=\"mr_social_sharing_wrapper\">\n\t\t\t\t<!-- Social Sharing Toolkit v2.2 --><span class=\"mr_social_sharing_top\"><span style=\"display: inline-block; width: 55px; height: 62px; overflow: hidden;\"><div class=\"fb-like\" data-href=\"http:\/\/www.blogdopilako.com.br\/wp\/2015\/07\/10\/a-invasao-das-motos-em-vitoria-de-santo-antao\/\" data-send=\"false\" data-layout=\"box_count\" data-width=\"55\" data-show-faces=\"false\"><\/div><\/span><\/span><span class=\"mr_social_sharing_top\"><fb:share-button type=\"box_count\" href=\"http:\/\/www.blogdopilako.com.br\/wp\/2015\/07\/10\/a-invasao-das-motos-em-vitoria-de-santo-antao\/\"><\/fb:share-button><\/span><span class=\"mr_social_sharing\"><a rel=\"nofollow\" class=\"linksalpha_button linksalpha_link\" href=\"\/\/www.linksalpha.com\/social\/mobile\" data-url=\"http:\/\/www.blogdopilako.com.br\/wp\/2015\/07\/10\/a-invasao-das-motos-em-vitoria-de-santo-antao\/\" data-text=\"A invas\u00e3o das motos em Vit\u00f3ria de Santo Ant\u00e3o\" data-desc=\"Quem anda pelas ruas da cidade de Vit\u00f3ria observa um quantitativo muito grande de motocicletas. Como tamb\u00e9m \u00e9 comum ouvir falar sobre os acidentes envolvendo motoqueiros\/motociclistas, do excesso de velocidade. Esses dias, depois de escutar um relato de acidente, seguido de morte, que aconteceu\" data-image=\"http:\/\/www.blogdopilako.com.br\/wp\/wp-content\/uploads\/crian_as_em_moto_cinquentinha.jpg\" data-button=\"none\">\n\t\t\t\t\t<img src=\"\/\/www.linksalpha.com\/images\/social_share_button.png\" alt=\"Share\" class=\"linksalpha_image\" \/>\n\t\t\t\t\t<\/a><script type=\"text\/javascript\" src=\"\/\/www.linksalpha.com\/scripts\/loader_iconbox.js?v=2.4\"><\/script><\/span><\/div>","protected":false},"excerpt":{"rendered":"\n\t\t\t\t<div class=\"mr_social_sharing_wrapper\">\n\t\t\t\t<!-- Social Sharing Toolkit v2.2 --><span class=\"mr_social_sharing_top\"><span style=\"display: inline-block; width: 55px; height: 62px; overflow: hidden;\"><div class=\"fb-like\" data-href=\"http:\/\/www.blogdopilako.com.br\/wp\/2015\/07\/10\/a-invasao-das-motos-em-vitoria-de-santo-antao\/\" data-send=\"false\" data-layout=\"box_count\" data-width=\"55\" data-show-faces=\"false\"><\/div><\/span><\/span><span class=\"mr_social_sharing_top\"><fb:share-button type=\"box_count\" href=\"http:\/\/www.blogdopilako.com.br\/wp\/2015\/07\/10\/a-invasao-das-motos-em-vitoria-de-santo-antao\/\"><\/fb:share-button><\/span><span class=\"mr_social_sharing\"><a rel=\"nofollow\" class=\"linksalpha_button linksalpha_link\" href=\"\/\/www.linksalpha.com\/social\/mobile\" data-url=\"http:\/\/www.blogdopilako.com.br\/wp\/2015\/07\/10\/a-invasao-das-motos-em-vitoria-de-santo-antao\/\" data-text=\"A invas\u00e3o das motos em Vit\u00f3ria de Santo Ant\u00e3o\" data-desc=\"Quem anda pelas ruas da cidade de Vit\u00f3ria observa um quantitativo muito grande de motocicletas. Como tamb\u00e9m \u00e9 comum ouvir falar sobre os acidentes envolvendo motoqueiros\/motociclistas, do excesso de velocidade. Esses dias, depois de escutar um relato de acidente, seguido de morte, que aconteceu\" data-image=\"\" data-button=\"none\">\n\t\t\t\t\t<img src=\"\/\/www.linksalpha.com\/images\/social_share_button.png\" alt=\"Share\" class=\"linksalpha_image\" \/>\n\t\t\t\t\t<\/a><script type=\"text\/javascript\" src=\"\/\/www.linksalpha.com\/scripts\/loader_iconbox.js?v=2.4\"><\/script><\/span><\/div><p>Quem anda pelas ruas da cidade de Vit\u00f3ria observa um quantitativo muito grande de motocicletas. Como tamb\u00e9m \u00e9 comum ouvir falar sobre os acidentes envolvendo motoqueiros\/motociclistas, do excesso de velocidade. Esses dias, depois de escutar um relato de acidente, seguido &hellip; <a href=\"http:\/\/www.blogdopilako.com.br\/wp\/2015\/07\/10\/a-invasao-das-motos-em-vitoria-de-santo-antao\/\">Continue lendo <span class=\"meta-nav\">&rarr;<\/span><\/a><\/p>\n\n\t\t\t\t<div class=\"mr_social_sharing_wrapper\">\n\t\t\t\t<!-- Social Sharing Toolkit v2.2 --><span class=\"mr_social_sharing_top\"><span style=\"display: inline-block; width: 55px; height: 62px; overflow: hidden;\"><div class=\"fb-like\" data-href=\"http:\/\/www.blogdopilako.com.br\/wp\/2015\/07\/10\/a-invasao-das-motos-em-vitoria-de-santo-antao\/\" data-send=\"false\" data-layout=\"box_count\" data-width=\"55\" data-show-faces=\"false\"><\/div><\/span><\/span><span class=\"mr_social_sharing_top\"><fb:share-button type=\"box_count\" href=\"http:\/\/www.blogdopilako.com.br\/wp\/2015\/07\/10\/a-invasao-das-motos-em-vitoria-de-santo-antao\/\"><\/fb:share-button><\/span><span class=\"mr_social_sharing\"><a rel=\"nofollow\" class=\"linksalpha_button linksalpha_link\" href=\"\/\/www.linksalpha.com\/social\/mobile\" data-url=\"http:\/\/www.blogdopilako.com.br\/wp\/2015\/07\/10\/a-invasao-das-motos-em-vitoria-de-santo-antao\/\" data-text=\"A invas\u00e3o das motos em Vit\u00f3ria de Santo Ant\u00e3o\" data-desc=\"Quem anda pelas ruas da cidade de Vit\u00f3ria observa um quantitativo muito grande de motocicletas. Como tamb\u00e9m \u00e9 comum ouvir falar sobre os acidentes envolvendo motoqueiros\/motociclistas, do excesso de velocidade. Esses dias, depois de escutar um relato de acidente, seguido de morte, que aconteceu\" data-image=\"\" data-button=\"none\">\n\t\t\t\t\t<img src=\"\/\/www.linksalpha.com\/images\/social_share_button.png\" alt=\"Share\" class=\"linksalpha_image\" \/>\n\t\t\t\t\t<\/a><script type=\"text\/javascript\" src=\"\/\/www.linksalpha.com\/scripts\/loader_iconbox.js?v=2.4\"><\/script><\/span><\/div>","protected":false},"author":1,"featured_media":0,"comment_status":"open","ping_status":"open","sticky":false,"template":"","format":"standard","meta":[],"categories":[22],"tags":[],"_links":{"self":[{"href":"http:\/\/www.blogdopilako.com.br\/wp\/wp-json\/wp\/v2\/posts\/77660"}],"collection":[{"href":"http:\/\/www.blogdopilako.com.br\/wp\/wp-json\/wp\/v2\/posts"}],"about":[{"href":"http:\/\/www.blogdopilako.com.br\/wp\/wp-json\/wp\/v2\/types\/post"}],"author":[{"embeddable":true,"href":"http:\/\/www.blogdopilako.com.br\/wp\/wp-json\/wp\/v2\/users\/1"}],"replies":[{"embeddable":true,"href":"http:\/\/www.blogdopilako.com.br\/wp\/wp-json\/wp\/v2\/comments?post=77660"}],"version-history":[{"count":1,"href":"http:\/\/www.blogdopilako.com.br\/wp\/wp-json\/wp\/v2\/posts\/77660\/revisions"}],"predecessor-version":[{"id":77668,"href":"http:\/\/www.blogdopilako.com.br\/wp\/wp-json\/wp\/v2\/posts\/77660\/revisions\/77668"}],"wp:attachment":[{"href":"http:\/\/www.blogdopilako.com.br\/wp\/wp-json\/wp\/v2\/media?parent=77660"}],"wp:term":[{"taxonomy":"category","embeddable":true,"href":"http:\/\/www.blogdopilako.com.br\/wp\/wp-json\/wp\/v2\/categories?post=77660"},{"taxonomy":"post_tag","embeddable":true,"href":"http:\/\/www.blogdopilako.com.br\/wp\/wp-json\/wp\/v2\/tags?post=77660"}],"curies":[{"name":"wp","href":"https:\/\/api.w.org\/{rel}","templated":true}]}}