{"id":77559,"date":"2015-07-08T10:05:12","date_gmt":"2015-07-08T13:05:12","guid":{"rendered":"http:\/\/www.blogdopilako.com.br\/wp\/?p=77559"},"modified":"2015-07-07T17:14:43","modified_gmt":"2015-07-07T20:14:43","slug":"recordar-e-viver-7","status":"publish","type":"post","link":"http:\/\/www.blogdopilako.com.br\/wp\/2015\/07\/08\/recordar-e-viver-7\/","title":{"rendered":"Recordar \u00e9 Viver"},"content":{"rendered":"\n\t\t\t\t<div class=\"mr_social_sharing_wrapper\">\n\t\t\t\t<!-- Social Sharing Toolkit v2.2 --><span class=\"mr_social_sharing_top\"><span style=\"display: inline-block; width: 55px; height: 62px; overflow: hidden;\"><div class=\"fb-like\" data-href=\"http:\/\/www.blogdopilako.com.br\/wp\/2015\/07\/08\/recordar-e-viver-7\/\" data-send=\"false\" data-layout=\"box_count\" data-width=\"55\" data-show-faces=\"false\"><\/div><\/span><\/span><span class=\"mr_social_sharing_top\"><fb:share-button type=\"box_count\" href=\"http:\/\/www.blogdopilako.com.br\/wp\/2015\/07\/08\/recordar-e-viver-7\/\"><\/fb:share-button><\/span><span class=\"mr_social_sharing\"><a rel=\"nofollow\" class=\"linksalpha_button linksalpha_link\" href=\"\/\/www.linksalpha.com\/social\/mobile\" data-url=\"http:\/\/www.blogdopilako.com.br\/wp\/2015\/07\/08\/recordar-e-viver-7\/\" data-text=\"Recordar \u00e9 Viver\" data-desc=\"Eu quero dedicar esse ba\u00fa de lembran\u00e7as \u00e0s meninas que est\u00e3o me aperreando por fotografias do tempo da brilhantina. Eu estudei no\u00a0Col\u00e9gio Municipal 3 de Agosto, na d\u00e9cada de 60. Fiz Curso de Admiss\u00e3o e fui o orador, por ocasi\u00e3o da entrega dos Diplomas do Curso Ginasial. No Curso de\" data-image=\"http:\/\/www.blogdopilako.com.br\/wp\/wp-content\/uploads\/sosigenes-.jpg\" data-button=\"none\">\n\t\t\t\t\t<img src=\"\/\/www.linksalpha.com\/images\/social_share_button.png\" alt=\"Share\" class=\"linksalpha_image\" \/>\n\t\t\t\t\t<\/a><script type=\"text\/javascript\" src=\"\/\/www.linksalpha.com\/scripts\/loader_iconbox.js?v=2.4\"><\/script><\/span><\/div><p><a href=\"http:\/\/www.blogdopilako.com.br\/wp\/wp-content\/uploads\/sosigenes-.jpg\"><img loading=\"lazy\" class=\"aligncenter size-full wp-image-38751\" src=\"http:\/\/www.blogdopilako.com.br\/wp\/wp-content\/uploads\/sosigenes-.jpg\" alt=\"sosigenes-\" width=\"514\" height=\"699\" \/><\/a><\/p>\n<p style=\"text-align: justify;\">Eu quero dedicar esse ba\u00fa de lembran\u00e7as \u00e0s meninas que est\u00e3o me aperreando por fotografias do tempo da brilhantina.<\/p>\n<p style=\"text-align: justify;\">Eu estudei no\u00a0Col\u00e9gio Municipal 3 de Agosto, na d\u00e9cada de 60. Fiz Curso de Admiss\u00e3o e fui o orador, por ocasi\u00e3o da entrega dos Diplomas do Curso Ginasial.<\/p>\n<p style=\"text-align: justify;\">No Curso de Admiss\u00e3o, fui aluno das professoras\u00a0Antonieta de Barros Lima,\u00a0Zez\u00e9 Lacerda,\u00a0Glorinha Tavares\u00a0e\u00a0Carminha Monteiro. Eu parecia &#8220;gente&#8221;, estudioso e falante, tagarelava mais do que o Homem da Cobra. Tinha um medo do Bacharel\u00a0M\u00e1rio Bezerra da Silva\u00a0que me pelava. Isso foi quando o Boletim Escolar era assinado em casa, e o Diretor podia botar menino de castigo, cheirando a parede, detr\u00e1s da porta.<br \/>\n<b><\/b><\/p>\n<p style=\"text-align: justify;\"><b>Sos\u00edgenes Bittencourt<\/b><\/p>\n\n\t\t\t\t<div class=\"mr_social_sharing_wrapper\">\n\t\t\t\t<!-- Social Sharing Toolkit v2.2 --><span class=\"mr_social_sharing_top\"><span style=\"display: inline-block; width: 55px; height: 62px; overflow: hidden;\"><div class=\"fb-like\" data-href=\"http:\/\/www.blogdopilako.com.br\/wp\/2015\/07\/08\/recordar-e-viver-7\/\" data-send=\"false\" data-layout=\"box_count\" data-width=\"55\" data-show-faces=\"false\"><\/div><\/span><\/span><span class=\"mr_social_sharing_top\"><fb:share-button type=\"box_count\" href=\"http:\/\/www.blogdopilako.com.br\/wp\/2015\/07\/08\/recordar-e-viver-7\/\"><\/fb:share-button><\/span><span class=\"mr_social_sharing\"><a rel=\"nofollow\" class=\"linksalpha_button linksalpha_link\" href=\"\/\/www.linksalpha.com\/social\/mobile\" data-url=\"http:\/\/www.blogdopilako.com.br\/wp\/2015\/07\/08\/recordar-e-viver-7\/\" data-text=\"Recordar \u00e9 Viver\" data-desc=\"Eu quero dedicar esse ba\u00fa de lembran\u00e7as \u00e0s meninas que est\u00e3o me aperreando por fotografias do tempo da brilhantina. Eu estudei no\u00a0Col\u00e9gio Municipal 3 de Agosto, na d\u00e9cada de 60. Fiz Curso de Admiss\u00e3o e fui o orador, por ocasi\u00e3o da entrega dos Diplomas do Curso Ginasial. No Curso de\" data-image=\"http:\/\/www.blogdopilako.com.br\/wp\/wp-content\/uploads\/sosigenes-.jpg\" data-button=\"none\">\n\t\t\t\t\t<img src=\"\/\/www.linksalpha.com\/images\/social_share_button.png\" alt=\"Share\" class=\"linksalpha_image\" \/>\n\t\t\t\t\t<\/a><script type=\"text\/javascript\" src=\"\/\/www.linksalpha.com\/scripts\/loader_iconbox.js?v=2.4\"><\/script><\/span><\/div>","protected":false},"excerpt":{"rendered":"\n\t\t\t\t<div class=\"mr_social_sharing_wrapper\">\n\t\t\t\t<!-- Social Sharing Toolkit v2.2 --><span class=\"mr_social_sharing_top\"><span style=\"display: inline-block; width: 55px; height: 62px; overflow: hidden;\"><div class=\"fb-like\" data-href=\"http:\/\/www.blogdopilako.com.br\/wp\/2015\/07\/08\/recordar-e-viver-7\/\" data-send=\"false\" data-layout=\"box_count\" data-width=\"55\" data-show-faces=\"false\"><\/div><\/span><\/span><span class=\"mr_social_sharing_top\"><fb:share-button type=\"box_count\" href=\"http:\/\/www.blogdopilako.com.br\/wp\/2015\/07\/08\/recordar-e-viver-7\/\"><\/fb:share-button><\/span><span class=\"mr_social_sharing\"><a rel=\"nofollow\" class=\"linksalpha_button linksalpha_link\" href=\"\/\/www.linksalpha.com\/social\/mobile\" data-url=\"http:\/\/www.blogdopilako.com.br\/wp\/2015\/07\/08\/recordar-e-viver-7\/\" data-text=\"Recordar \u00e9 Viver\" data-desc=\"Eu quero dedicar esse ba\u00fa de lembran\u00e7as \u00e0s meninas que est\u00e3o me aperreando por fotografias do tempo da brilhantina. Eu estudei no\u00a0Col\u00e9gio Municipal 3 de Agosto, na d\u00e9cada de 60. Fiz Curso de Admiss\u00e3o e fui o orador, por ocasi\u00e3o da entrega dos Diplomas do Curso Ginasial. No Curso de\" data-image=\"\" data-button=\"none\">\n\t\t\t\t\t<img src=\"\/\/www.linksalpha.com\/images\/social_share_button.png\" alt=\"Share\" class=\"linksalpha_image\" \/>\n\t\t\t\t\t<\/a><script type=\"text\/javascript\" src=\"\/\/www.linksalpha.com\/scripts\/loader_iconbox.js?v=2.4\"><\/script><\/span><\/div><p>Eu quero dedicar esse ba\u00fa de lembran\u00e7as \u00e0s meninas que est\u00e3o me aperreando por fotografias do tempo da brilhantina. Eu estudei no\u00a0Col\u00e9gio Municipal 3 de Agosto, na d\u00e9cada de 60. Fiz Curso de Admiss\u00e3o e fui o orador, por ocasi\u00e3o &hellip; <a href=\"http:\/\/www.blogdopilako.com.br\/wp\/2015\/07\/08\/recordar-e-viver-7\/\">Continue lendo <span class=\"meta-nav\">&rarr;<\/span><\/a><\/p>\n\n\t\t\t\t<div class=\"mr_social_sharing_wrapper\">\n\t\t\t\t<!-- Social Sharing Toolkit v2.2 --><span class=\"mr_social_sharing_top\"><span style=\"display: inline-block; width: 55px; height: 62px; overflow: hidden;\"><div class=\"fb-like\" data-href=\"http:\/\/www.blogdopilako.com.br\/wp\/2015\/07\/08\/recordar-e-viver-7\/\" data-send=\"false\" data-layout=\"box_count\" data-width=\"55\" data-show-faces=\"false\"><\/div><\/span><\/span><span class=\"mr_social_sharing_top\"><fb:share-button type=\"box_count\" href=\"http:\/\/www.blogdopilako.com.br\/wp\/2015\/07\/08\/recordar-e-viver-7\/\"><\/fb:share-button><\/span><span class=\"mr_social_sharing\"><a rel=\"nofollow\" class=\"linksalpha_button linksalpha_link\" href=\"\/\/www.linksalpha.com\/social\/mobile\" data-url=\"http:\/\/www.blogdopilako.com.br\/wp\/2015\/07\/08\/recordar-e-viver-7\/\" data-text=\"Recordar \u00e9 Viver\" data-desc=\"Eu quero dedicar esse ba\u00fa de lembran\u00e7as \u00e0s meninas que est\u00e3o me aperreando por fotografias do tempo da brilhantina. Eu estudei no\u00a0Col\u00e9gio Municipal 3 de Agosto, na d\u00e9cada de 60. Fiz Curso de Admiss\u00e3o e fui o orador, por ocasi\u00e3o da entrega dos Diplomas do Curso Ginasial. No Curso de\" data-image=\"\" data-button=\"none\">\n\t\t\t\t\t<img src=\"\/\/www.linksalpha.com\/images\/social_share_button.png\" alt=\"Share\" class=\"linksalpha_image\" \/>\n\t\t\t\t\t<\/a><script type=\"text\/javascript\" src=\"\/\/www.linksalpha.com\/scripts\/loader_iconbox.js?v=2.4\"><\/script><\/span><\/div>","protected":false},"author":1,"featured_media":0,"comment_status":"open","ping_status":"open","sticky":false,"template":"","format":"standard","meta":[],"categories":[20],"tags":[],"_links":{"self":[{"href":"http:\/\/www.blogdopilako.com.br\/wp\/wp-json\/wp\/v2\/posts\/77559"}],"collection":[{"href":"http:\/\/www.blogdopilako.com.br\/wp\/wp-json\/wp\/v2\/posts"}],"about":[{"href":"http:\/\/www.blogdopilako.com.br\/wp\/wp-json\/wp\/v2\/types\/post"}],"author":[{"embeddable":true,"href":"http:\/\/www.blogdopilako.com.br\/wp\/wp-json\/wp\/v2\/users\/1"}],"replies":[{"embeddable":true,"href":"http:\/\/www.blogdopilako.com.br\/wp\/wp-json\/wp\/v2\/comments?post=77559"}],"version-history":[{"count":1,"href":"http:\/\/www.blogdopilako.com.br\/wp\/wp-json\/wp\/v2\/posts\/77559\/revisions"}],"predecessor-version":[{"id":77560,"href":"http:\/\/www.blogdopilako.com.br\/wp\/wp-json\/wp\/v2\/posts\/77559\/revisions\/77560"}],"wp:attachment":[{"href":"http:\/\/www.blogdopilako.com.br\/wp\/wp-json\/wp\/v2\/media?parent=77559"}],"wp:term":[{"taxonomy":"category","embeddable":true,"href":"http:\/\/www.blogdopilako.com.br\/wp\/wp-json\/wp\/v2\/categories?post=77559"},{"taxonomy":"post_tag","embeddable":true,"href":"http:\/\/www.blogdopilako.com.br\/wp\/wp-json\/wp\/v2\/tags?post=77559"}],"curies":[{"name":"wp","href":"https:\/\/api.w.org\/{rel}","templated":true}]}}