{"id":77242,"date":"2015-06-30T14:47:24","date_gmt":"2015-06-30T17:47:24","guid":{"rendered":"http:\/\/www.blogdopilako.com.br\/wp\/?p=77242"},"modified":"2015-06-30T14:49:46","modified_gmt":"2015-06-30T17:49:46","slug":"internauta-comenta-em-materia-do-aposente","status":"publish","type":"post","link":"http:\/\/www.blogdopilako.com.br\/wp\/2015\/06\/30\/internauta-comenta-em-materia-do-aposente\/","title":{"rendered":"Internauta comenta na mat\u00e9ria do Aposente"},"content":{"rendered":"\n\t\t\t\t<div class=\"mr_social_sharing_wrapper\">\n\t\t\t\t<!-- Social Sharing Toolkit v2.2 --><span class=\"mr_social_sharing_top\"><span style=\"display: inline-block; width: 55px; height: 62px; overflow: hidden;\"><div class=\"fb-like\" data-href=\"http:\/\/www.blogdopilako.com.br\/wp\/2015\/06\/30\/internauta-comenta-em-materia-do-aposente\/\" data-send=\"false\" data-layout=\"box_count\" data-width=\"55\" data-show-faces=\"false\"><\/div><\/span><\/span><span class=\"mr_social_sharing_top\"><fb:share-button type=\"box_count\" href=\"http:\/\/www.blogdopilako.com.br\/wp\/2015\/06\/30\/internauta-comenta-em-materia-do-aposente\/\"><\/fb:share-button><\/span><span class=\"mr_social_sharing\"><a rel=\"nofollow\" class=\"linksalpha_button linksalpha_link\" href=\"\/\/www.linksalpha.com\/social\/mobile\" data-url=\"http:\/\/www.blogdopilako.com.br\/wp\/2015\/06\/30\/internauta-comenta-em-materia-do-aposente\/\" data-text=\"Internauta comenta na mat\u00e9ria do Aposente\" data-desc=\"Coment\u00e1rio postado na mat\u00e9ria \"Tem um assunto que n\u00f3s do Aposente tratamos com muita import\u00e2ncia\". \"ola meu nome e fabio kachorrao morro no bairro de reden\u00e7ao e tambem acompanho as reunioes na camara de veriadores e o pessoal do aposente so sabem criticar as classes que vao em busca de seus\" data-image=\"\" data-button=\"none\">\n\t\t\t\t\t<img src=\"\/\/www.linksalpha.com\/images\/social_share_button.png\" alt=\"Share\" class=\"linksalpha_image\" \/>\n\t\t\t\t\t<\/a><script type=\"text\/javascript\" src=\"\/\/www.linksalpha.com\/scripts\/loader_iconbox.js?v=2.4\"><\/script><\/span><\/div><p>Coment\u00e1rio postado na mat\u00e9ria &#8220;<a href=\"http:\/\/www.blogdopilako.com.br\/wp\/2015\/06\/25\/tem-um-assunto-que-nos-do-aposente-tratamos-com-muita-importancia\/\" target=\"_blank\">Tem um assunto que n\u00f3s do Aposente tratamos com muita import\u00e2ncia<\/a>&#8220;.<\/p>\n<blockquote>\n<p style=\"text-align: justify;\">&#8220;ola meu nome e fabio kachorrao morro no bairro de reden\u00e7ao e tambem acompanho as reunioes na camara de veriadores e o pessoal do aposente so sabem criticar as classes que vao em busca de seus enteresses e vao embora os utimos forao os professores, mas eles do aposente liderados pelo sr. andre carvalho que tambem compos amesa da camara lotou a plenaria com um monte de estudantes filhos de papai para esculaxar o onibus sedido pela prefeitura para o transporte para recife. so que mas ridiculos que os professores que vo\u00e7es nao respeitam sao vo\u00e7es que falaram os cambaus para os vereadores e quando os mesmos foram falar enclusiveis alguns foram defender os direitos que vo\u00e7es acham que tem a plenaria estava vazia pois os ridiculos que vo\u00e7es levaram tinhan todos ido embora entao quem sao vo\u00e7es para criticar as pessoas que vao e nao esperam terminar a sessao vo\u00e7es querem aparecer bota uma melan\u00e7ia na cabe\u00e7a e desfila na cidade. meu nome e kachorrao.&#8221;<\/p>\n<\/blockquote>\n\n\t\t\t\t<div class=\"mr_social_sharing_wrapper\">\n\t\t\t\t<!-- Social Sharing Toolkit v2.2 --><span class=\"mr_social_sharing_top\"><span style=\"display: inline-block; width: 55px; height: 62px; overflow: hidden;\"><div class=\"fb-like\" data-href=\"http:\/\/www.blogdopilako.com.br\/wp\/2015\/06\/30\/internauta-comenta-em-materia-do-aposente\/\" data-send=\"false\" data-layout=\"box_count\" data-width=\"55\" data-show-faces=\"false\"><\/div><\/span><\/span><span class=\"mr_social_sharing_top\"><fb:share-button type=\"box_count\" href=\"http:\/\/www.blogdopilako.com.br\/wp\/2015\/06\/30\/internauta-comenta-em-materia-do-aposente\/\"><\/fb:share-button><\/span><span class=\"mr_social_sharing\"><a rel=\"nofollow\" class=\"linksalpha_button linksalpha_link\" href=\"\/\/www.linksalpha.com\/social\/mobile\" data-url=\"http:\/\/www.blogdopilako.com.br\/wp\/2015\/06\/30\/internauta-comenta-em-materia-do-aposente\/\" data-text=\"Internauta comenta na mat\u00e9ria do Aposente\" data-desc=\"Coment\u00e1rio postado na mat\u00e9ria \"Tem um assunto que n\u00f3s do Aposente tratamos com muita import\u00e2ncia\". \"ola meu nome e fabio kachorrao morro no bairro de reden\u00e7ao e tambem acompanho as reunioes na camara de veriadores e o pessoal do aposente so sabem criticar as classes que vao em busca de seus\" data-image=\"\" data-button=\"none\">\n\t\t\t\t\t<img src=\"\/\/www.linksalpha.com\/images\/social_share_button.png\" alt=\"Share\" class=\"linksalpha_image\" \/>\n\t\t\t\t\t<\/a><script type=\"text\/javascript\" src=\"\/\/www.linksalpha.com\/scripts\/loader_iconbox.js?v=2.4\"><\/script><\/span><\/div>","protected":false},"excerpt":{"rendered":"\n\t\t\t\t<div class=\"mr_social_sharing_wrapper\">\n\t\t\t\t<!-- Social Sharing Toolkit v2.2 --><span class=\"mr_social_sharing_top\"><span style=\"display: inline-block; width: 55px; height: 62px; overflow: hidden;\"><div class=\"fb-like\" data-href=\"http:\/\/www.blogdopilako.com.br\/wp\/2015\/06\/30\/internauta-comenta-em-materia-do-aposente\/\" data-send=\"false\" data-layout=\"box_count\" data-width=\"55\" data-show-faces=\"false\"><\/div><\/span><\/span><span class=\"mr_social_sharing_top\"><fb:share-button type=\"box_count\" href=\"http:\/\/www.blogdopilako.com.br\/wp\/2015\/06\/30\/internauta-comenta-em-materia-do-aposente\/\"><\/fb:share-button><\/span><span class=\"mr_social_sharing\"><a rel=\"nofollow\" class=\"linksalpha_button linksalpha_link\" href=\"\/\/www.linksalpha.com\/social\/mobile\" data-url=\"http:\/\/www.blogdopilako.com.br\/wp\/2015\/06\/30\/internauta-comenta-em-materia-do-aposente\/\" data-text=\"Internauta comenta na mat\u00e9ria do Aposente\" data-desc=\"Coment\u00e1rio postado na mat\u00e9ria \"Tem um assunto que n\u00f3s do Aposente tratamos com muita import\u00e2ncia\". \"ola meu nome e fabio kachorrao morro no bairro de reden\u00e7ao e tambem acompanho as reunioes na camara de veriadores e o pessoal do aposente so sabem criticar as classes que vao em busca de seus\" data-image=\"\" data-button=\"none\">\n\t\t\t\t\t<img src=\"\/\/www.linksalpha.com\/images\/social_share_button.png\" alt=\"Share\" class=\"linksalpha_image\" \/>\n\t\t\t\t\t<\/a><script type=\"text\/javascript\" src=\"\/\/www.linksalpha.com\/scripts\/loader_iconbox.js?v=2.4\"><\/script><\/span><\/div>\n\t\t\t\t<div class=\"mr_social_sharing_wrapper\">\n\t\t\t\t<!-- Social Sharing Toolkit v2.2 --><span class=\"mr_social_sharing_top\"><span style=\"display: inline-block; width: 55px; height: 62px; overflow: hidden;\"><div class=\"fb-like\" data-href=\"http:\/\/www.blogdopilako.com.br\/wp\/2015\/06\/30\/internauta-comenta-em-materia-do-aposente\/\" data-send=\"false\" data-layout=\"box_count\" data-width=\"55\" data-show-faces=\"false\"><\/div><\/span><\/span><span class=\"mr_social_sharing_top\"><fb:share-button type=\"box_count\" href=\"http:\/\/www.blogdopilako.com.br\/wp\/2015\/06\/30\/internauta-comenta-em-materia-do-aposente\/\"><\/fb:share-button><\/span><span class=\"mr_social_sharing\"><a rel=\"nofollow\" class=\"linksalpha_button linksalpha_link\" href=\"\/\/www.linksalpha.com\/social\/mobile\" data-url=\"http:\/\/www.blogdopilako.com.br\/wp\/2015\/06\/30\/internauta-comenta-em-materia-do-aposente\/\" data-text=\"Internauta comenta na mat\u00e9ria do Aposente\" data-desc=\"Coment\u00e1rio postado na mat\u00e9ria \"Tem um assunto que n\u00f3s do Aposente tratamos com muita import\u00e2ncia\". \"ola meu nome e fabio kachorrao morro no bairro de reden\u00e7ao e tambem acompanho as reunioes na camara de veriadores e o pessoal do aposente so sabem criticar as classes que vao em busca de seus\" data-image=\"\" data-button=\"none\">\n\t\t\t\t\t<img src=\"\/\/www.linksalpha.com\/images\/social_share_button.png\" alt=\"Share\" class=\"linksalpha_image\" \/>\n\t\t\t\t\t<\/a><script type=\"text\/javascript\" src=\"\/\/www.linksalpha.com\/scripts\/loader_iconbox.js?v=2.4\"><\/script><\/span><\/div>","protected":false},"author":1,"featured_media":0,"comment_status":"open","ping_status":"open","sticky":false,"template":"","format":"standard","meta":[],"categories":[21,22],"tags":[],"_links":{"self":[{"href":"http:\/\/www.blogdopilako.com.br\/wp\/wp-json\/wp\/v2\/posts\/77242"}],"collection":[{"href":"http:\/\/www.blogdopilako.com.br\/wp\/wp-json\/wp\/v2\/posts"}],"about":[{"href":"http:\/\/www.blogdopilako.com.br\/wp\/wp-json\/wp\/v2\/types\/post"}],"author":[{"embeddable":true,"href":"http:\/\/www.blogdopilako.com.br\/wp\/wp-json\/wp\/v2\/users\/1"}],"replies":[{"embeddable":true,"href":"http:\/\/www.blogdopilako.com.br\/wp\/wp-json\/wp\/v2\/comments?post=77242"}],"version-history":[{"count":3,"href":"http:\/\/www.blogdopilako.com.br\/wp\/wp-json\/wp\/v2\/posts\/77242\/revisions"}],"predecessor-version":[{"id":77245,"href":"http:\/\/www.blogdopilako.com.br\/wp\/wp-json\/wp\/v2\/posts\/77242\/revisions\/77245"}],"wp:attachment":[{"href":"http:\/\/www.blogdopilako.com.br\/wp\/wp-json\/wp\/v2\/media?parent=77242"}],"wp:term":[{"taxonomy":"category","embeddable":true,"href":"http:\/\/www.blogdopilako.com.br\/wp\/wp-json\/wp\/v2\/categories?post=77242"},{"taxonomy":"post_tag","embeddable":true,"href":"http:\/\/www.blogdopilako.com.br\/wp\/wp-json\/wp\/v2\/tags?post=77242"}],"curies":[{"name":"wp","href":"https:\/\/api.w.org\/{rel}","templated":true}]}}