{"id":77144,"date":"2015-06-25T14:51:40","date_gmt":"2015-06-25T17:51:40","guid":{"rendered":"http:\/\/www.blogdopilako.com.br\/wp\/?p=77144"},"modified":"2015-06-25T14:51:40","modified_gmt":"2015-06-25T17:51:40","slug":"tem-um-assunto-que-nos-do-aposente-tratamos-com-muita-importancia","status":"publish","type":"post","link":"http:\/\/www.blogdopilako.com.br\/wp\/2015\/06\/25\/tem-um-assunto-que-nos-do-aposente-tratamos-com-muita-importancia\/","title":{"rendered":"Tem um assunto que n\u00f3s do Aposente tratamos com muita import\u00e2ncia"},"content":{"rendered":"\n\t\t\t\t<div class=\"mr_social_sharing_wrapper\">\n\t\t\t\t<!-- Social Sharing Toolkit v2.2 --><span class=\"mr_social_sharing_top\"><span style=\"display: inline-block; width: 55px; height: 62px; overflow: hidden;\"><div class=\"fb-like\" data-href=\"http:\/\/www.blogdopilako.com.br\/wp\/2015\/06\/25\/tem-um-assunto-que-nos-do-aposente-tratamos-com-muita-importancia\/\" data-send=\"false\" data-layout=\"box_count\" data-width=\"55\" data-show-faces=\"false\"><\/div><\/span><\/span><span class=\"mr_social_sharing_top\"><fb:share-button type=\"box_count\" href=\"http:\/\/www.blogdopilako.com.br\/wp\/2015\/06\/25\/tem-um-assunto-que-nos-do-aposente-tratamos-com-muita-importancia\/\"><\/fb:share-button><\/span><span class=\"mr_social_sharing\"><a rel=\"nofollow\" class=\"linksalpha_button linksalpha_link\" href=\"\/\/www.linksalpha.com\/social\/mobile\" data-url=\"http:\/\/www.blogdopilako.com.br\/wp\/2015\/06\/25\/tem-um-assunto-que-nos-do-aposente-tratamos-com-muita-importancia\/\" data-text=\"Tem um assunto que n\u00f3s do Aposente tratamos com muita import\u00e2ncia\" data-desc=\"Tem um assunto que n\u00f3s do Aposente tratamos com muita import\u00e2ncia, acho que sentimos como se este fosse nosso principal \u201cdever\u201d: queremos conscientizar as pessoas, mostrar o que acontece na c\u00e2mara de vereadores e fazer com que mais pessoas acompanhem o trabalho dos vereadores. Desde o\" data-image=\"http:\/\/www.blogdopilako.com.br\/wp\/wp-content\/uploads\/evolu\u00e7\u00e3o.jpg\" data-button=\"none\">\n\t\t\t\t\t<img src=\"\/\/www.linksalpha.com\/images\/social_share_button.png\" alt=\"Share\" class=\"linksalpha_image\" \/>\n\t\t\t\t\t<\/a><script type=\"text\/javascript\" src=\"\/\/www.linksalpha.com\/scripts\/loader_iconbox.js?v=2.4\"><\/script><\/span><\/div><p style=\"text-align: justify;\"><a href=\"http:\/\/www.blogdopilako.com.br\/wp\/wp-content\/uploads\/evolu\u00e7\u00e3o.jpg\"><img loading=\"lazy\" class=\"aligncenter size-full wp-image-77145\" src=\"http:\/\/www.blogdopilako.com.br\/wp\/wp-content\/uploads\/evolu\u00e7\u00e3o.jpg\" alt=\"evolu\u00e7\u00e3o\" width=\"565\" height=\"363\" \/><\/a><\/p>\n<p style=\"text-align: justify;\">Tem um assunto que n\u00f3s do Aposente tratamos com muita import\u00e2ncia, acho que sentimos como se este fosse nosso principal \u201cdever\u201d: queremos conscientizar as pessoas, mostrar o que acontece na c\u00e2mara de vereadores e fazer com que mais pessoas acompanhem o trabalho dos vereadores. Desde o come\u00e7o deste mandato, acompanhamos quase que todas as sess\u00f5es da c\u00e2mara e sempre comparece ao menos um dos nossos por l\u00e1. Somos conhecidos pelos vereadores, j\u00e1 arrumamos confus\u00e3o com quase todos eles, mas acredito que somos respeitados por todos na c\u00e2mara.<\/p>\n<p style=\"text-align: justify;\">No come\u00e7o as sess\u00f5es eram vazias, em algumas oportunidades assistimos a elas sozinhos. Sempre fizemos os relat\u00f3rios e chamamos as pessoas para aparecerem por l\u00e1. Em alguns momentos existiam movimentos interessantes. Se tivesse um projeto que beneficiasse os taxistas, eles lotavam a c\u00e2mara. Se tivesse alguma coisa de Aglailson, os simp\u00e1ticos a ele lotavam a sess\u00e3o. Se tivesse alguma coisa para os trabalhadores rurais ou disso ou daquilo, eles apareciam por l\u00e1, s\u00f3 pra dar uma bajulada e ter certeza que o que eles queriam seria aprovado. O engra\u00e7ado \u00e9 que depois de votado o que eles queriam, eles iam embora e a sess\u00e3o continuava. Isso sempre nos aborreceu, mas nunca conversamos muito sobre isso.<\/p>\n<p style=\"text-align: justify;\">Nas nossas conversas acreditamos que incentivamos muita gente a aparecer por l\u00e1 e estas pessoas fizeram o mesmo. Hoje temos uma r\u00e1dio transmitindo a sess\u00e3o e cada vez mais, blogs tratam do assunto e comparecem \u00e0s sess\u00f5es e assim multiplicam o que a gente desejava desde o come\u00e7o: as pessoas est\u00e3o indo mais na c\u00e2mara e isso \u00e9 muito importante! Os vereadores passam a discutir temas mais interessantes, tomam mais cuidado com o que falam e passam a ter que mostrar mais servi\u00e7o. UM P\u00daBLICO GRANDE, CR\u00cdTICO E INTELIGENTE FAZ COM QUE ELES TRABALHEM.<\/p>\n<p style=\"text-align: justify;\">Depois disso tudo falemos da vergonha que foi a \u00faltima sess\u00e3o. O relevante da sess\u00e3o passada era a aprova\u00e7\u00e3o\u00a0 de um plano municipal de educa\u00e7\u00e3o. Quando chegamos na sess\u00e3o, nem tinha onde sentar direito. Estava cheio de professores municipais, convidaram at\u00e9 uma l\u00e1 para mesa, na hora de aprovar o que eles queriam. Os vereadores falaram, cobraram da prefeitura o fato de o documento ser uma c\u00f3pia do plano nacional de educa\u00e7\u00e3o e reclamaram que esta c\u00f3pia tenha custado mais do que R$400.000,00. Depois votaram alguma coisa de terreno e alguns requerimentos.<\/p>\n<p style=\"text-align: justify;\">Mas o que realmente marcou a sess\u00e3o foi que os professores, igualzinho aos taxistas, igualzinho aos trabalhadores rurais, igualzinho aos feirantes, igualzinho aos defensores de Aglailson, igualzinho aos trabalhadores disto ou daquilo abandonaram a sess\u00e3o logo depois de votado o que eles se interessavam. Cada um s\u00f3 se importa com o pr\u00f3prio umbigo. Eles estavam l\u00e1, um dia s\u00f3. Poderiam assistir a tudo, j\u00e1 que s\u00e3o formadores de opini\u00e3o, e n\u00e3o conseguiram ficar meia hora na sess\u00e3o para formar a opini\u00e3o deles mesmos. Os professores que tanto reclamam do sal\u00e1rio baixo ou das p\u00e9ssimas condi\u00e7\u00f5es de trabalho, que acreditam que o magist\u00e9rio \u00e9 a profiss\u00e3o mais importante de todas, estavam l\u00e1 representados e sa\u00edram da sess\u00e3o. N\u00e3o ficaram at\u00e9 o fim. Eles que dizem que n\u00e3o se pode abandonar um aluno, eles t\u00e3o sofridos, t\u00e3o formadores, ele n\u00e3o se preocuparam com a gente, n\u00e3o se preocuparam com o que vinha depois pensaram s\u00f3 neles, foram iguais aos outros. RID\u00cdCULO.<\/p>\n<p style=\"text-align: justify;\"><a href=\"http:\/\/www.blogdopilako.com.br\/wp\/wp-content\/uploads\/aposente4.jpg\"><img loading=\"lazy\" class=\"aligncenter size-full wp-image-74629\" src=\"http:\/\/www.blogdopilako.com.br\/wp\/wp-content\/uploads\/aposente4.jpg\" alt=\"aposente\" width=\"567\" height=\"202\" \/><\/a><\/p>\n\n\t\t\t\t<div class=\"mr_social_sharing_wrapper\">\n\t\t\t\t<!-- Social Sharing Toolkit v2.2 --><span class=\"mr_social_sharing_top\"><span style=\"display: inline-block; width: 55px; height: 62px; overflow: hidden;\"><div class=\"fb-like\" data-href=\"http:\/\/www.blogdopilako.com.br\/wp\/2015\/06\/25\/tem-um-assunto-que-nos-do-aposente-tratamos-com-muita-importancia\/\" data-send=\"false\" data-layout=\"box_count\" data-width=\"55\" data-show-faces=\"false\"><\/div><\/span><\/span><span class=\"mr_social_sharing_top\"><fb:share-button type=\"box_count\" href=\"http:\/\/www.blogdopilako.com.br\/wp\/2015\/06\/25\/tem-um-assunto-que-nos-do-aposente-tratamos-com-muita-importancia\/\"><\/fb:share-button><\/span><span class=\"mr_social_sharing\"><a rel=\"nofollow\" class=\"linksalpha_button linksalpha_link\" href=\"\/\/www.linksalpha.com\/social\/mobile\" data-url=\"http:\/\/www.blogdopilako.com.br\/wp\/2015\/06\/25\/tem-um-assunto-que-nos-do-aposente-tratamos-com-muita-importancia\/\" data-text=\"Tem um assunto que n\u00f3s do Aposente tratamos com muita import\u00e2ncia\" data-desc=\"Tem um assunto que n\u00f3s do Aposente tratamos com muita import\u00e2ncia, acho que sentimos como se este fosse nosso principal \u201cdever\u201d: queremos conscientizar as pessoas, mostrar o que acontece na c\u00e2mara de vereadores e fazer com que mais pessoas acompanhem o trabalho dos vereadores. Desde o\" data-image=\"http:\/\/www.blogdopilako.com.br\/wp\/wp-content\/uploads\/evolu\u00e7\u00e3o.jpg\" data-button=\"none\">\n\t\t\t\t\t<img src=\"\/\/www.linksalpha.com\/images\/social_share_button.png\" alt=\"Share\" class=\"linksalpha_image\" \/>\n\t\t\t\t\t<\/a><script type=\"text\/javascript\" src=\"\/\/www.linksalpha.com\/scripts\/loader_iconbox.js?v=2.4\"><\/script><\/span><\/div>","protected":false},"excerpt":{"rendered":"\n\t\t\t\t<div class=\"mr_social_sharing_wrapper\">\n\t\t\t\t<!-- Social Sharing Toolkit v2.2 --><span class=\"mr_social_sharing_top\"><span style=\"display: inline-block; width: 55px; height: 62px; overflow: hidden;\"><div class=\"fb-like\" data-href=\"http:\/\/www.blogdopilako.com.br\/wp\/2015\/06\/25\/tem-um-assunto-que-nos-do-aposente-tratamos-com-muita-importancia\/\" data-send=\"false\" data-layout=\"box_count\" data-width=\"55\" data-show-faces=\"false\"><\/div><\/span><\/span><span class=\"mr_social_sharing_top\"><fb:share-button type=\"box_count\" href=\"http:\/\/www.blogdopilako.com.br\/wp\/2015\/06\/25\/tem-um-assunto-que-nos-do-aposente-tratamos-com-muita-importancia\/\"><\/fb:share-button><\/span><span class=\"mr_social_sharing\"><a rel=\"nofollow\" class=\"linksalpha_button linksalpha_link\" href=\"\/\/www.linksalpha.com\/social\/mobile\" data-url=\"http:\/\/www.blogdopilako.com.br\/wp\/2015\/06\/25\/tem-um-assunto-que-nos-do-aposente-tratamos-com-muita-importancia\/\" data-text=\"Tem um assunto que n\u00f3s do Aposente tratamos com muita import\u00e2ncia\" data-desc=\"Tem um assunto que n\u00f3s do Aposente tratamos com muita import\u00e2ncia, acho que sentimos como se este fosse nosso principal \u201cdever\u201d: queremos conscientizar as pessoas, mostrar o que acontece na c\u00e2mara de vereadores e fazer com que mais pessoas acompanhem o trabalho dos vereadores. Desde o\" data-image=\"\" data-button=\"none\">\n\t\t\t\t\t<img src=\"\/\/www.linksalpha.com\/images\/social_share_button.png\" alt=\"Share\" class=\"linksalpha_image\" \/>\n\t\t\t\t\t<\/a><script type=\"text\/javascript\" src=\"\/\/www.linksalpha.com\/scripts\/loader_iconbox.js?v=2.4\"><\/script><\/span><\/div><p>Tem um assunto que n\u00f3s do Aposente tratamos com muita import\u00e2ncia, acho que sentimos como se este fosse nosso principal \u201cdever\u201d: queremos conscientizar as pessoas, mostrar o que acontece na c\u00e2mara de vereadores e fazer com que mais pessoas acompanhem &hellip; <a href=\"http:\/\/www.blogdopilako.com.br\/wp\/2015\/06\/25\/tem-um-assunto-que-nos-do-aposente-tratamos-com-muita-importancia\/\">Continue lendo <span class=\"meta-nav\">&rarr;<\/span><\/a><\/p>\n\n\t\t\t\t<div class=\"mr_social_sharing_wrapper\">\n\t\t\t\t<!-- Social Sharing Toolkit v2.2 --><span class=\"mr_social_sharing_top\"><span style=\"display: inline-block; width: 55px; height: 62px; overflow: hidden;\"><div class=\"fb-like\" data-href=\"http:\/\/www.blogdopilako.com.br\/wp\/2015\/06\/25\/tem-um-assunto-que-nos-do-aposente-tratamos-com-muita-importancia\/\" data-send=\"false\" data-layout=\"box_count\" data-width=\"55\" data-show-faces=\"false\"><\/div><\/span><\/span><span class=\"mr_social_sharing_top\"><fb:share-button type=\"box_count\" href=\"http:\/\/www.blogdopilako.com.br\/wp\/2015\/06\/25\/tem-um-assunto-que-nos-do-aposente-tratamos-com-muita-importancia\/\"><\/fb:share-button><\/span><span class=\"mr_social_sharing\"><a rel=\"nofollow\" class=\"linksalpha_button linksalpha_link\" href=\"\/\/www.linksalpha.com\/social\/mobile\" data-url=\"http:\/\/www.blogdopilako.com.br\/wp\/2015\/06\/25\/tem-um-assunto-que-nos-do-aposente-tratamos-com-muita-importancia\/\" data-text=\"Tem um assunto que n\u00f3s do Aposente tratamos com muita import\u00e2ncia\" data-desc=\"Tem um assunto que n\u00f3s do Aposente tratamos com muita import\u00e2ncia, acho que sentimos como se este fosse nosso principal \u201cdever\u201d: queremos conscientizar as pessoas, mostrar o que acontece na c\u00e2mara de vereadores e fazer com que mais pessoas acompanhem o trabalho dos vereadores. Desde o\" data-image=\"\" data-button=\"none\">\n\t\t\t\t\t<img src=\"\/\/www.linksalpha.com\/images\/social_share_button.png\" alt=\"Share\" class=\"linksalpha_image\" \/>\n\t\t\t\t\t<\/a><script type=\"text\/javascript\" src=\"\/\/www.linksalpha.com\/scripts\/loader_iconbox.js?v=2.4\"><\/script><\/span><\/div>","protected":false},"author":1,"featured_media":0,"comment_status":"open","ping_status":"open","sticky":false,"template":"","format":"standard","meta":[],"categories":[141],"tags":[],"_links":{"self":[{"href":"http:\/\/www.blogdopilako.com.br\/wp\/wp-json\/wp\/v2\/posts\/77144"}],"collection":[{"href":"http:\/\/www.blogdopilako.com.br\/wp\/wp-json\/wp\/v2\/posts"}],"about":[{"href":"http:\/\/www.blogdopilako.com.br\/wp\/wp-json\/wp\/v2\/types\/post"}],"author":[{"embeddable":true,"href":"http:\/\/www.blogdopilako.com.br\/wp\/wp-json\/wp\/v2\/users\/1"}],"replies":[{"embeddable":true,"href":"http:\/\/www.blogdopilako.com.br\/wp\/wp-json\/wp\/v2\/comments?post=77144"}],"version-history":[{"count":1,"href":"http:\/\/www.blogdopilako.com.br\/wp\/wp-json\/wp\/v2\/posts\/77144\/revisions"}],"predecessor-version":[{"id":77146,"href":"http:\/\/www.blogdopilako.com.br\/wp\/wp-json\/wp\/v2\/posts\/77144\/revisions\/77146"}],"wp:attachment":[{"href":"http:\/\/www.blogdopilako.com.br\/wp\/wp-json\/wp\/v2\/media?parent=77144"}],"wp:term":[{"taxonomy":"category","embeddable":true,"href":"http:\/\/www.blogdopilako.com.br\/wp\/wp-json\/wp\/v2\/categories?post=77144"},{"taxonomy":"post_tag","embeddable":true,"href":"http:\/\/www.blogdopilako.com.br\/wp\/wp-json\/wp\/v2\/tags?post=77144"}],"curies":[{"name":"wp","href":"https:\/\/api.w.org\/{rel}","templated":true}]}}