{"id":74806,"date":"2015-04-20T15:43:52","date_gmt":"2015-04-20T18:43:52","guid":{"rendered":"http:\/\/www.blogdopilako.com.br\/wp\/?p=74806"},"modified":"2015-04-20T15:43:52","modified_gmt":"2015-04-20T18:43:52","slug":"mais-trabalho-pra-quem-questiona-internauta-joao-fernando","status":"publish","type":"post","link":"http:\/\/www.blogdopilako.com.br\/wp\/2015\/04\/20\/mais-trabalho-pra-quem-questiona-internauta-joao-fernando\/","title":{"rendered":"&#8220;MAIS TRABALHO? PRA QUEM? &#8221; &#8211; questiona internauta Jo\u00e3o Fernando"},"content":{"rendered":"\n\t\t\t\t<div class=\"mr_social_sharing_wrapper\">\n\t\t\t\t<!-- Social Sharing Toolkit v2.2 --><span class=\"mr_social_sharing_top\"><span style=\"display: inline-block; width: 55px; height: 62px; overflow: hidden;\"><div class=\"fb-like\" data-href=\"http:\/\/www.blogdopilako.com.br\/wp\/2015\/04\/20\/mais-trabalho-pra-quem-questiona-internauta-joao-fernando\/\" data-send=\"false\" data-layout=\"box_count\" data-width=\"55\" data-show-faces=\"false\"><\/div><\/span><\/span><span class=\"mr_social_sharing_top\"><fb:share-button type=\"box_count\" href=\"http:\/\/www.blogdopilako.com.br\/wp\/2015\/04\/20\/mais-trabalho-pra-quem-questiona-internauta-joao-fernando\/\"><\/fb:share-button><\/span><span class=\"mr_social_sharing\"><a rel=\"nofollow\" class=\"linksalpha_button linksalpha_link\" href=\"\/\/www.linksalpha.com\/social\/mobile\" data-url=\"http:\/\/www.blogdopilako.com.br\/wp\/2015\/04\/20\/mais-trabalho-pra-quem-questiona-internauta-joao-fernando\/\" data-text=\"\u201cMAIS TRABALHO? PRA QUEM? \u201d \u2013 questiona internauta Jo\u00e3o Fernando\" data-desc=\"Desde novembro de 2014 que eu e minha filha nos deslocamos quase que semanalmente para a AGENCIA DO MAIS TRABALHO, LOCALIZADA NA SUBIDA DAS LOJAS AMERICANAS (QUASE PERTO DO SINAL), com a vontade de inscrever mina filha em um dos CURSOS OFERECIDO PELO PRONATEC - VIT\u00d3RIA. O interessante \u00e9 que\" data-image=\"http:\/\/www.blogdopilako.com.br\/wp\/wp-content\/uploads\/mais.jpg\" data-button=\"none\">\n\t\t\t\t\t<img src=\"\/\/www.linksalpha.com\/images\/social_share_button.png\" alt=\"Share\" class=\"linksalpha_image\" \/>\n\t\t\t\t\t<\/a><script type=\"text\/javascript\" src=\"\/\/www.linksalpha.com\/scripts\/loader_iconbox.js?v=2.4\"><\/script><\/span><\/div><p style=\"text-align: justify;\"><a href=\"http:\/\/www.blogdopilako.com.br\/wp\/wp-content\/uploads\/mais.jpg\"><img loading=\"lazy\" class=\"aligncenter size-full wp-image-74807\" src=\"http:\/\/www.blogdopilako.com.br\/wp\/wp-content\/uploads\/mais.jpg\" alt=\"mais\" width=\"307\" height=\"411\" \/><\/a><\/p>\n<p style=\"text-align: justify;\">Desde novembro de 2014 que eu e minha filha nos deslocamos quase que semanalmente para a AGENCIA DO MAIS TRABALHO, LOCALIZADA NA SUBIDA DAS LOJAS AMERICANAS (QUASE PERTO DO SINAL), com a vontade de inscrever mina filha em um dos CURSOS OFERECIDO PELO PRONATEC &#8211; VIT\u00d3RIA. O interessante \u00e9 que sempre recebemos a informa\u00e7\u00e3o que n\u00e3o tem cursos dispon\u00edveis e que n\u00e3o sabem quando ir\u00e1 ter. No local as portas sequer s\u00e3o abertas, sempre com a recep\u00e7\u00e3o vazia. \u00c9 PRECISO MUITA PACIENCIA PARA QUE VENHA SER ATENDIDO POR UMA SENHORA, que n\u00e3o sabe dar qualquer tipo de informa\u00e7\u00e3o. ORA DIZ QUE O GOVERNO N\u00c3O MANDOU CURSO OUTRA ORA DIZ QUE ALI NAO TA FUNCIONANDO, ORA DIZ QUE NAO TEM NINGU\u00c9M PRA DAR INFORMA\u00c7\u00c3O. Da\u00ed ficam as perguntas: SE N\u00c3O TEM CURSO, PRA QUER MANTER O LOCAL ABERTO? COMO COLOCA PESSOAS QUE N\u00c3O SABEM DAR INFORMA\u00c7A\u00d5? POR QUE NO ANEXO DO LOTEAMENTO S\u00c3O SEVERINO TEM CURSO PRONATEC E NESSE ANEXO N\u00c3O TEM? POR QUE ESSE LOCAL VIVE COM AS PORTAS FECHADAS AO P\u00daBLICO? SE \u00c9 ESPA\u00c7O P\u00daBLICO POR QUE N\u00c3O SOMOS ATENDIDOS DENTRO DA UNIDADE? O LOCAL TEM CHEFE? POR QUE A PESSOA QUE FICA NA FRNTE N\u00c3O SABE DAR INFORMA\u00c7\u00c3O? SO SEI QUE ESTAMOS DESDE NOVEMBRO DE 2014 ATRAS DE CURSO E SEMPRE ENCONTRAMOS O LOCAL FECHADO. PILAKO PASSA L\u00c1 QUE VOCE VE. COM DISSE \u00c9 NA SUBIDA DA AMERICANAS (QUASE PERTO DO SINAL) UMA CASA QUE TEM UMA PLACA NA FRENTE: MAIS TRABALHO, A\u00cd FICA A PERGUNTA: MAIS TRABALHO PRA QUEM?<\/p>\n<p style=\"text-align: justify;\"><strong>Jo\u00e3o Fernando<\/strong><\/p>\n\n\t\t\t\t<div class=\"mr_social_sharing_wrapper\">\n\t\t\t\t<!-- Social Sharing Toolkit v2.2 --><span class=\"mr_social_sharing_top\"><span style=\"display: inline-block; width: 55px; height: 62px; overflow: hidden;\"><div class=\"fb-like\" data-href=\"http:\/\/www.blogdopilako.com.br\/wp\/2015\/04\/20\/mais-trabalho-pra-quem-questiona-internauta-joao-fernando\/\" data-send=\"false\" data-layout=\"box_count\" data-width=\"55\" data-show-faces=\"false\"><\/div><\/span><\/span><span class=\"mr_social_sharing_top\"><fb:share-button type=\"box_count\" href=\"http:\/\/www.blogdopilako.com.br\/wp\/2015\/04\/20\/mais-trabalho-pra-quem-questiona-internauta-joao-fernando\/\"><\/fb:share-button><\/span><span class=\"mr_social_sharing\"><a rel=\"nofollow\" class=\"linksalpha_button linksalpha_link\" href=\"\/\/www.linksalpha.com\/social\/mobile\" data-url=\"http:\/\/www.blogdopilako.com.br\/wp\/2015\/04\/20\/mais-trabalho-pra-quem-questiona-internauta-joao-fernando\/\" data-text=\"\u201cMAIS TRABALHO? PRA QUEM? \u201d \u2013 questiona internauta Jo\u00e3o Fernando\" data-desc=\"Desde novembro de 2014 que eu e minha filha nos deslocamos quase que semanalmente para a AGENCIA DO MAIS TRABALHO, LOCALIZADA NA SUBIDA DAS LOJAS AMERICANAS (QUASE PERTO DO SINAL), com a vontade de inscrever mina filha em um dos CURSOS OFERECIDO PELO PRONATEC - VIT\u00d3RIA. O interessante \u00e9 que\" data-image=\"http:\/\/www.blogdopilako.com.br\/wp\/wp-content\/uploads\/mais.jpg\" data-button=\"none\">\n\t\t\t\t\t<img src=\"\/\/www.linksalpha.com\/images\/social_share_button.png\" alt=\"Share\" class=\"linksalpha_image\" \/>\n\t\t\t\t\t<\/a><script type=\"text\/javascript\" src=\"\/\/www.linksalpha.com\/scripts\/loader_iconbox.js?v=2.4\"><\/script><\/span><\/div>","protected":false},"excerpt":{"rendered":"\n\t\t\t\t<div class=\"mr_social_sharing_wrapper\">\n\t\t\t\t<!-- Social Sharing Toolkit v2.2 --><span class=\"mr_social_sharing_top\"><span style=\"display: inline-block; width: 55px; height: 62px; overflow: hidden;\"><div class=\"fb-like\" data-href=\"http:\/\/www.blogdopilako.com.br\/wp\/2015\/04\/20\/mais-trabalho-pra-quem-questiona-internauta-joao-fernando\/\" data-send=\"false\" data-layout=\"box_count\" data-width=\"55\" data-show-faces=\"false\"><\/div><\/span><\/span><span class=\"mr_social_sharing_top\"><fb:share-button type=\"box_count\" href=\"http:\/\/www.blogdopilako.com.br\/wp\/2015\/04\/20\/mais-trabalho-pra-quem-questiona-internauta-joao-fernando\/\"><\/fb:share-button><\/span><span class=\"mr_social_sharing\"><a rel=\"nofollow\" class=\"linksalpha_button linksalpha_link\" href=\"\/\/www.linksalpha.com\/social\/mobile\" data-url=\"http:\/\/www.blogdopilako.com.br\/wp\/2015\/04\/20\/mais-trabalho-pra-quem-questiona-internauta-joao-fernando\/\" data-text=\"\u201cMAIS TRABALHO? PRA QUEM? \u201d \u2013 questiona internauta Jo\u00e3o Fernando\" data-desc=\"Desde novembro de 2014 que eu e minha filha nos deslocamos quase que semanalmente para a AGENCIA DO MAIS TRABALHO, LOCALIZADA NA SUBIDA DAS LOJAS AMERICANAS (QUASE PERTO DO SINAL), com a vontade de inscrever mina filha em um dos CURSOS OFERECIDO PELO PRONATEC - VIT\u00d3RIA. O interessante \u00e9 que\" data-image=\"\" data-button=\"none\">\n\t\t\t\t\t<img src=\"\/\/www.linksalpha.com\/images\/social_share_button.png\" alt=\"Share\" class=\"linksalpha_image\" \/>\n\t\t\t\t\t<\/a><script type=\"text\/javascript\" src=\"\/\/www.linksalpha.com\/scripts\/loader_iconbox.js?v=2.4\"><\/script><\/span><\/div><p>Desde novembro de 2014 que eu e minha filha nos deslocamos quase que semanalmente para a AGENCIA DO MAIS TRABALHO, LOCALIZADA NA SUBIDA DAS LOJAS AMERICANAS (QUASE PERTO DO SINAL), com a vontade de inscrever mina filha em um dos &hellip; <a href=\"http:\/\/www.blogdopilako.com.br\/wp\/2015\/04\/20\/mais-trabalho-pra-quem-questiona-internauta-joao-fernando\/\">Continue lendo <span class=\"meta-nav\">&rarr;<\/span><\/a><\/p>\n\n\t\t\t\t<div class=\"mr_social_sharing_wrapper\">\n\t\t\t\t<!-- Social Sharing Toolkit v2.2 --><span class=\"mr_social_sharing_top\"><span style=\"display: inline-block; width: 55px; height: 62px; overflow: hidden;\"><div class=\"fb-like\" data-href=\"http:\/\/www.blogdopilako.com.br\/wp\/2015\/04\/20\/mais-trabalho-pra-quem-questiona-internauta-joao-fernando\/\" data-send=\"false\" data-layout=\"box_count\" data-width=\"55\" data-show-faces=\"false\"><\/div><\/span><\/span><span class=\"mr_social_sharing_top\"><fb:share-button type=\"box_count\" href=\"http:\/\/www.blogdopilako.com.br\/wp\/2015\/04\/20\/mais-trabalho-pra-quem-questiona-internauta-joao-fernando\/\"><\/fb:share-button><\/span><span class=\"mr_social_sharing\"><a rel=\"nofollow\" class=\"linksalpha_button linksalpha_link\" href=\"\/\/www.linksalpha.com\/social\/mobile\" data-url=\"http:\/\/www.blogdopilako.com.br\/wp\/2015\/04\/20\/mais-trabalho-pra-quem-questiona-internauta-joao-fernando\/\" data-text=\"\u201cMAIS TRABALHO? PRA QUEM? \u201d \u2013 questiona internauta Jo\u00e3o Fernando\" data-desc=\"Desde novembro de 2014 que eu e minha filha nos deslocamos quase que semanalmente para a AGENCIA DO MAIS TRABALHO, LOCALIZADA NA SUBIDA DAS LOJAS AMERICANAS (QUASE PERTO DO SINAL), com a vontade de inscrever mina filha em um dos CURSOS OFERECIDO PELO PRONATEC - VIT\u00d3RIA. O interessante \u00e9 que\" data-image=\"\" data-button=\"none\">\n\t\t\t\t\t<img src=\"\/\/www.linksalpha.com\/images\/social_share_button.png\" alt=\"Share\" class=\"linksalpha_image\" \/>\n\t\t\t\t\t<\/a><script type=\"text\/javascript\" src=\"\/\/www.linksalpha.com\/scripts\/loader_iconbox.js?v=2.4\"><\/script><\/span><\/div>","protected":false},"author":1,"featured_media":0,"comment_status":"open","ping_status":"open","sticky":false,"template":"","format":"standard","meta":[],"categories":[21,22],"tags":[],"_links":{"self":[{"href":"http:\/\/www.blogdopilako.com.br\/wp\/wp-json\/wp\/v2\/posts\/74806"}],"collection":[{"href":"http:\/\/www.blogdopilako.com.br\/wp\/wp-json\/wp\/v2\/posts"}],"about":[{"href":"http:\/\/www.blogdopilako.com.br\/wp\/wp-json\/wp\/v2\/types\/post"}],"author":[{"embeddable":true,"href":"http:\/\/www.blogdopilako.com.br\/wp\/wp-json\/wp\/v2\/users\/1"}],"replies":[{"embeddable":true,"href":"http:\/\/www.blogdopilako.com.br\/wp\/wp-json\/wp\/v2\/comments?post=74806"}],"version-history":[{"count":1,"href":"http:\/\/www.blogdopilako.com.br\/wp\/wp-json\/wp\/v2\/posts\/74806\/revisions"}],"predecessor-version":[{"id":74808,"href":"http:\/\/www.blogdopilako.com.br\/wp\/wp-json\/wp\/v2\/posts\/74806\/revisions\/74808"}],"wp:attachment":[{"href":"http:\/\/www.blogdopilako.com.br\/wp\/wp-json\/wp\/v2\/media?parent=74806"}],"wp:term":[{"taxonomy":"category","embeddable":true,"href":"http:\/\/www.blogdopilako.com.br\/wp\/wp-json\/wp\/v2\/categories?post=74806"},{"taxonomy":"post_tag","embeddable":true,"href":"http:\/\/www.blogdopilako.com.br\/wp\/wp-json\/wp\/v2\/tags?post=74806"}],"curies":[{"name":"wp","href":"https:\/\/api.w.org\/{rel}","templated":true}]}}