{"id":7443,"date":"2011-10-24T11:40:24","date_gmt":"2011-10-24T14:40:24","guid":{"rendered":"http:\/\/www.blogdopilako.com.br\/wp\/?p=7443"},"modified":"2011-10-24T11:40:58","modified_gmt":"2011-10-24T14:40:58","slug":"tres-anos-da-morte-de-palmeira-filho","status":"publish","type":"post","link":"http:\/\/www.blogdopilako.com.br\/wp\/2011\/10\/24\/tres-anos-da-morte-de-palmeira-filho\/","title":{"rendered":"Tr\u00eas anos da morte de Palmeira Filho"},"content":{"rendered":"\n\t\t\t\t<div class=\"mr_social_sharing_wrapper\">\n\t\t\t\t<!-- Social Sharing Toolkit v2.2 --><span class=\"mr_social_sharing_top\"><span style=\"display: inline-block; width: 55px; height: 62px; overflow: hidden;\"><div class=\"fb-like\" data-href=\"http:\/\/www.blogdopilako.com.br\/wp\/2011\/10\/24\/tres-anos-da-morte-de-palmeira-filho\/\" data-send=\"false\" data-layout=\"box_count\" data-width=\"55\" data-show-faces=\"false\"><\/div><\/span><\/span><span class=\"mr_social_sharing_top\"><fb:share-button type=\"box_count\" href=\"http:\/\/www.blogdopilako.com.br\/wp\/2011\/10\/24\/tres-anos-da-morte-de-palmeira-filho\/\"><\/fb:share-button><\/span><span class=\"mr_social_sharing\"><a rel=\"nofollow\" class=\"linksalpha_button linksalpha_link\" href=\"\/\/www.linksalpha.com\/social\/mobile\" data-url=\"http:\/\/www.blogdopilako.com.br\/wp\/2011\/10\/24\/tres-anos-da-morte-de-palmeira-filho\/\" data-text=\"Tr\u00eas anos da morte de Palmeira Filho\" data-desc=\"Morte de Palmeira Filho (3 anos da morte de Palmeira Filho) Conheci Palmeira Filho aqui em Vit\u00f3ria, sendo-lhe anfitri\u00e3o e cicerone - nesta cidade cheia de contrastes, \u00e0s vezes irritante, mas sedutora - n\u00e3o sei precisar h\u00e1 quantas d\u00e9cadas. Palmeira era um homem simples, brasileiro como n\u00f3s,\" data-image=\"http:\/\/2.bp.blogspot.com\/-6Ttq0vt2U8c\/TqF24vTwLzI\/AAAAAAAAI1Q\/yYNTLej1NNU\/s400\/Palmeira%2BFilho.jpg\" data-button=\"none\">\n\t\t\t\t\t<img src=\"\/\/www.linksalpha.com\/images\/social_share_button.png\" alt=\"Share\" class=\"linksalpha_image\" \/>\n\t\t\t\t\t<\/a><script type=\"text\/javascript\" src=\"\/\/www.linksalpha.com\/scripts\/loader_iconbox.js?v=2.4\"><\/script><\/span><\/div><p style=\"text-align: justify;\"><img loading=\"lazy\" class=\"aligncenter\" title=\"palmeira\" src=\"http:\/\/2.bp.blogspot.com\/-6Ttq0vt2U8c\/TqF24vTwLzI\/AAAAAAAAI1Q\/yYNTLej1NNU\/s400\/Palmeira%2BFilho.jpg\" alt=\"\" width=\"239\" height=\"400\" \/><\/p>\n<p style=\"text-align: justify;\">Morte de <em><strong>Palmeira Filho<\/strong><\/em> (3 anos da morte de Palmeira Filho) Conheci Palmeira Filho aqui em Vit\u00f3ria, sendo-lhe anfitri\u00e3o e cicerone &#8211; nesta cidade cheia de contrastes, \u00e0s vezes irritante, mas sedutora &#8211; n\u00e3o sei precisar h\u00e1 quantas d\u00e9cadas. Palmeira era um homem simples, brasileiro como n\u00f3s, submetido \u00e0s agruras financeiras do cotidiano, apaixonado pela vida, portador dessa alegria com que driblamos os problemas nacionais. Embora transitasse normalmente pelas cal\u00e7adas, Palmeira tinha o dom de falar para as multid\u00f5es. O microfone da r\u00e1dio era a extens\u00e3o da sua voz, lenitivo para sua dor, fuga para os seus aperreios existenciais. Maceteado na arte de conquistar o ouvinte em Freq\u00fc\u00eancia Modulada ou Amplitude Modulada, modulava sua voz na conveni\u00eancia da hora, desde um reclame a uma recado amoroso numa caixinha de pedidos.<\/p>\n<p style=\"text-align: justify;\">Um dia, eu o encontrei j\u00e1 meio combalido, cansado dos problemas do dia a dia, empunhando um copo de bebida e um cotoco de cigarro entre os dedos. Transpirava e tinha as m\u00e3os frias. Como vislumbrei s\u00e9rias complica\u00e7\u00f5es de sa\u00fade e des\u00e2nimo existencial, aconselhei procurar uma igreja. Estava na hora de parar de afogar problemas, tentar resolver tudo sozinho ou confiando nos homens. Suas quest\u00f5es transcendiam o lado vis\u00edvel, precisava de aux\u00edlio maior, socorro de outra esfera, arrimo da f\u00e9. E porque ouvisse meu conselho, viveu ainda por mais de uma d\u00e9cada. Imagino Palmeira no mundo invis\u00edvel, como descreveu em poema, Manuel Bandeira, Irene Preta sempre de bom humor.<\/p>\n<p style=\"text-align: justify;\">&#8211; Palmeira!&#8230; Palmeira!&#8230; E Palmeira, se virando: &#8211; \u00d4i, Sos\u00edgenes, agora eu estou nas gra\u00e7as de Deus. Penso que est\u00e1 na hora de voc\u00ea procurar uma igreja.<\/p>\n<p style=\"text-align: justify;\">Ali, ele me olha, baixa a cabe\u00e7a e sai andando. O seu gingado ainda \u00e9 o mesmo, seu tom de voz. Imagino a c\u00e9lebre inscri\u00e7\u00e3o tumular: \u201cEu fui como tu \u00e9s, e tu ser\u00e1s como eu sou. Pensa nisto, e vai com Deus.\u201d<\/p>\n<p style=\"text-align: justify;\">E numa despedida tipo da terra, em lugar desconhecido: &#8211; At\u00e9 mais, Palmeira, a gente se v\u00ea.<\/p>\n<p style=\"text-align: justify;\"><em><strong>Sos\u00edgenes Bittencourt<\/strong><\/em><\/p>\n\n\t\t\t\t<div class=\"mr_social_sharing_wrapper\">\n\t\t\t\t<!-- Social Sharing Toolkit v2.2 --><span class=\"mr_social_sharing_top\"><span style=\"display: inline-block; width: 55px; height: 62px; overflow: hidden;\"><div class=\"fb-like\" data-href=\"http:\/\/www.blogdopilako.com.br\/wp\/2011\/10\/24\/tres-anos-da-morte-de-palmeira-filho\/\" data-send=\"false\" data-layout=\"box_count\" data-width=\"55\" data-show-faces=\"false\"><\/div><\/span><\/span><span class=\"mr_social_sharing_top\"><fb:share-button type=\"box_count\" href=\"http:\/\/www.blogdopilako.com.br\/wp\/2011\/10\/24\/tres-anos-da-morte-de-palmeira-filho\/\"><\/fb:share-button><\/span><span class=\"mr_social_sharing\"><a rel=\"nofollow\" class=\"linksalpha_button linksalpha_link\" href=\"\/\/www.linksalpha.com\/social\/mobile\" data-url=\"http:\/\/www.blogdopilako.com.br\/wp\/2011\/10\/24\/tres-anos-da-morte-de-palmeira-filho\/\" data-text=\"Tr\u00eas anos da morte de Palmeira Filho\" data-desc=\"Morte de Palmeira Filho (3 anos da morte de Palmeira Filho) Conheci Palmeira Filho aqui em Vit\u00f3ria, sendo-lhe anfitri\u00e3o e cicerone - nesta cidade cheia de contrastes, \u00e0s vezes irritante, mas sedutora - n\u00e3o sei precisar h\u00e1 quantas d\u00e9cadas. Palmeira era um homem simples, brasileiro como n\u00f3s,\" data-image=\"http:\/\/2.bp.blogspot.com\/-6Ttq0vt2U8c\/TqF24vTwLzI\/AAAAAAAAI1Q\/yYNTLej1NNU\/s400\/Palmeira%2BFilho.jpg\" data-button=\"none\">\n\t\t\t\t\t<img src=\"\/\/www.linksalpha.com\/images\/social_share_button.png\" alt=\"Share\" class=\"linksalpha_image\" \/>\n\t\t\t\t\t<\/a><script type=\"text\/javascript\" src=\"\/\/www.linksalpha.com\/scripts\/loader_iconbox.js?v=2.4\"><\/script><\/span><\/div>","protected":false},"excerpt":{"rendered":"\n\t\t\t\t<div class=\"mr_social_sharing_wrapper\">\n\t\t\t\t<!-- Social Sharing Toolkit v2.2 --><span class=\"mr_social_sharing_top\"><span style=\"display: inline-block; width: 55px; height: 62px; overflow: hidden;\"><div class=\"fb-like\" data-href=\"http:\/\/www.blogdopilako.com.br\/wp\/2011\/10\/24\/tres-anos-da-morte-de-palmeira-filho\/\" data-send=\"false\" data-layout=\"box_count\" data-width=\"55\" data-show-faces=\"false\"><\/div><\/span><\/span><span class=\"mr_social_sharing_top\"><fb:share-button type=\"box_count\" href=\"http:\/\/www.blogdopilako.com.br\/wp\/2011\/10\/24\/tres-anos-da-morte-de-palmeira-filho\/\"><\/fb:share-button><\/span><span class=\"mr_social_sharing\"><a rel=\"nofollow\" class=\"linksalpha_button linksalpha_link\" href=\"\/\/www.linksalpha.com\/social\/mobile\" data-url=\"http:\/\/www.blogdopilako.com.br\/wp\/2011\/10\/24\/tres-anos-da-morte-de-palmeira-filho\/\" data-text=\"Tr\u00eas anos da morte de Palmeira Filho\" data-desc=\"Morte de Palmeira Filho (3 anos da morte de Palmeira Filho) Conheci Palmeira Filho aqui em Vit\u00f3ria, sendo-lhe anfitri\u00e3o e cicerone - nesta cidade cheia de contrastes, \u00e0s vezes irritante, mas sedutora - n\u00e3o sei precisar h\u00e1 quantas d\u00e9cadas. Palmeira era um homem simples, brasileiro como n\u00f3s,\" data-image=\"\" data-button=\"none\">\n\t\t\t\t\t<img src=\"\/\/www.linksalpha.com\/images\/social_share_button.png\" alt=\"Share\" class=\"linksalpha_image\" \/>\n\t\t\t\t\t<\/a><script type=\"text\/javascript\" src=\"\/\/www.linksalpha.com\/scripts\/loader_iconbox.js?v=2.4\"><\/script><\/span><\/div><p>Morte de Palmeira Filho (3 anos da morte de Palmeira Filho) Conheci Palmeira Filho aqui em Vit\u00f3ria, sendo-lhe anfitri\u00e3o e cicerone &#8211; nesta cidade cheia de contrastes, \u00e0s vezes irritante, mas sedutora &#8211; n\u00e3o sei precisar h\u00e1 quantas d\u00e9cadas. Palmeira &hellip; <a href=\"http:\/\/www.blogdopilako.com.br\/wp\/2011\/10\/24\/tres-anos-da-morte-de-palmeira-filho\/\">Continue lendo <span class=\"meta-nav\">&rarr;<\/span><\/a><\/p>\n\n\t\t\t\t<div class=\"mr_social_sharing_wrapper\">\n\t\t\t\t<!-- Social Sharing Toolkit v2.2 --><span class=\"mr_social_sharing_top\"><span style=\"display: inline-block; width: 55px; height: 62px; overflow: hidden;\"><div class=\"fb-like\" data-href=\"http:\/\/www.blogdopilako.com.br\/wp\/2011\/10\/24\/tres-anos-da-morte-de-palmeira-filho\/\" data-send=\"false\" data-layout=\"box_count\" data-width=\"55\" data-show-faces=\"false\"><\/div><\/span><\/span><span class=\"mr_social_sharing_top\"><fb:share-button type=\"box_count\" href=\"http:\/\/www.blogdopilako.com.br\/wp\/2011\/10\/24\/tres-anos-da-morte-de-palmeira-filho\/\"><\/fb:share-button><\/span><span class=\"mr_social_sharing\"><a rel=\"nofollow\" class=\"linksalpha_button linksalpha_link\" href=\"\/\/www.linksalpha.com\/social\/mobile\" data-url=\"http:\/\/www.blogdopilako.com.br\/wp\/2011\/10\/24\/tres-anos-da-morte-de-palmeira-filho\/\" data-text=\"Tr\u00eas anos da morte de Palmeira Filho\" data-desc=\"Morte de Palmeira Filho (3 anos da morte de Palmeira Filho) Conheci Palmeira Filho aqui em Vit\u00f3ria, sendo-lhe anfitri\u00e3o e cicerone - nesta cidade cheia de contrastes, \u00e0s vezes irritante, mas sedutora - n\u00e3o sei precisar h\u00e1 quantas d\u00e9cadas. Palmeira era um homem simples, brasileiro como n\u00f3s,\" data-image=\"\" data-button=\"none\">\n\t\t\t\t\t<img src=\"\/\/www.linksalpha.com\/images\/social_share_button.png\" alt=\"Share\" class=\"linksalpha_image\" \/>\n\t\t\t\t\t<\/a><script type=\"text\/javascript\" src=\"\/\/www.linksalpha.com\/scripts\/loader_iconbox.js?v=2.4\"><\/script><\/span><\/div>","protected":false},"author":4,"featured_media":0,"comment_status":"open","ping_status":"open","sticky":false,"template":"","format":"standard","meta":[],"categories":[20],"tags":[],"_links":{"self":[{"href":"http:\/\/www.blogdopilako.com.br\/wp\/wp-json\/wp\/v2\/posts\/7443"}],"collection":[{"href":"http:\/\/www.blogdopilako.com.br\/wp\/wp-json\/wp\/v2\/posts"}],"about":[{"href":"http:\/\/www.blogdopilako.com.br\/wp\/wp-json\/wp\/v2\/types\/post"}],"author":[{"embeddable":true,"href":"http:\/\/www.blogdopilako.com.br\/wp\/wp-json\/wp\/v2\/users\/4"}],"replies":[{"embeddable":true,"href":"http:\/\/www.blogdopilako.com.br\/wp\/wp-json\/wp\/v2\/comments?post=7443"}],"version-history":[{"count":4,"href":"http:\/\/www.blogdopilako.com.br\/wp\/wp-json\/wp\/v2\/posts\/7443\/revisions"}],"predecessor-version":[{"id":7466,"href":"http:\/\/www.blogdopilako.com.br\/wp\/wp-json\/wp\/v2\/posts\/7443\/revisions\/7466"}],"wp:attachment":[{"href":"http:\/\/www.blogdopilako.com.br\/wp\/wp-json\/wp\/v2\/media?parent=7443"}],"wp:term":[{"taxonomy":"category","embeddable":true,"href":"http:\/\/www.blogdopilako.com.br\/wp\/wp-json\/wp\/v2\/categories?post=7443"},{"taxonomy":"post_tag","embeddable":true,"href":"http:\/\/www.blogdopilako.com.br\/wp\/wp-json\/wp\/v2\/tags?post=7443"}],"curies":[{"name":"wp","href":"https:\/\/api.w.org\/{rel}","templated":true}]}}