{"id":74164,"date":"2015-03-30T11:13:13","date_gmt":"2015-03-30T14:13:13","guid":{"rendered":"http:\/\/www.blogdopilako.com.br\/wp\/?p=74164"},"modified":"2015-03-30T11:13:13","modified_gmt":"2015-03-30T14:13:13","slug":"internauta-manoel-carlos-comenta-no-blog-2","status":"publish","type":"post","link":"http:\/\/www.blogdopilako.com.br\/wp\/2015\/03\/30\/internauta-manoel-carlos-comenta-no-blog-2\/","title":{"rendered":"Internauta Manoel Carlos comenta no blog"},"content":{"rendered":"\n\t\t\t\t<div class=\"mr_social_sharing_wrapper\">\n\t\t\t\t<!-- Social Sharing Toolkit v2.2 --><span class=\"mr_social_sharing_top\"><span style=\"display: inline-block; width: 55px; height: 62px; overflow: hidden;\"><div class=\"fb-like\" data-href=\"http:\/\/www.blogdopilako.com.br\/wp\/2015\/03\/30\/internauta-manoel-carlos-comenta-no-blog-2\/\" data-send=\"false\" data-layout=\"box_count\" data-width=\"55\" data-show-faces=\"false\"><\/div><\/span><\/span><span class=\"mr_social_sharing_top\"><fb:share-button type=\"box_count\" href=\"http:\/\/www.blogdopilako.com.br\/wp\/2015\/03\/30\/internauta-manoel-carlos-comenta-no-blog-2\/\"><\/fb:share-button><\/span><span class=\"mr_social_sharing\"><a rel=\"nofollow\" class=\"linksalpha_button linksalpha_link\" href=\"\/\/www.linksalpha.com\/social\/mobile\" data-url=\"http:\/\/www.blogdopilako.com.br\/wp\/2015\/03\/30\/internauta-manoel-carlos-comenta-no-blog-2\/\" data-text=\"Internauta Manoel Carlos comenta no blog\" data-desc=\"Coment\u00e1rio, na integra, postado na mat\u00e9ria \"Discriminar positivamente: uma postura antirracista?\". Doutora m pare\u00e7e que a Senhora bem como todo movimento negro pade\u00e7e de uma extrema s\u00edndrome de auto nega\u00e7\u00e3o. Disrimina\u00e7\u00e3 positive \u00e9 o mesmoq ue querer aprisionar o s brancos ou n\u00e3o negros\" data-image=\"\" data-button=\"none\">\n\t\t\t\t\t<img src=\"\/\/www.linksalpha.com\/images\/social_share_button.png\" alt=\"Share\" class=\"linksalpha_image\" \/>\n\t\t\t\t\t<\/a><script type=\"text\/javascript\" src=\"\/\/www.linksalpha.com\/scripts\/loader_iconbox.js?v=2.4\"><\/script><\/span><\/div><p>Coment\u00e1rio, na integra, postado na mat\u00e9ria &#8220;<a href=\"http:\/\/www.blogdopilako.com.br\/wp\/2015\/03\/27\/discriminar-positivamente-uma-postura-antirracista\/\" target=\"_blank\">Discriminar positivamente: uma postura antirracista?<\/a>&#8220;.<\/p>\n<blockquote>\n<p style=\"text-align: justify;\">Doutora m pare\u00e7e que a Senhora bem como todo movimento negro pade\u00e7e de uma extrema s\u00edndrome de auto nega\u00e7\u00e3o.<br \/>\nDisrimina\u00e7\u00e3 positive \u00e9 o mesmoq ue querer aprisionar o s brancos ou n\u00e3o negros pelo fato de pessoas brancas terem, no passado escravizado negros.<br \/>\nOra, tal pr\u00e1tica \u00e9 injusta, pois no brasil, o mal maior \u00e9 a pobreza, e n\u00e3o o racismo!<br \/>\nResolva-se a pobreza e \u201ctodos\u201d os negros deixar\u00e3o as favelas.<br \/>\nA Senhora defende, em certa medida, uma ideologia que nada nos serve\u2026..A senhora se vitimiza, n\u00e3o se aceita, como boa parte das pessoas negras que conhe\u00e7o. Uma pena!<br \/>\nH\u00e1 uma panac\u00e9ia em seu pensar: achar que politicas \u201cpositivas\u201d, por si s\u00f3 resolver\u00e3o o \u201cproblema\u201d\u2026..(?) Mas que problema? Racismo? Onde?<br \/>\nOra\u2026 cd o racismo brasileiro?<br \/>\nPo onde olhamos vemos negros em cargos e mais cargos de chefia\u2026 mulheres negras em novelas\u2026Mulheres negras casando com homens brancos, etc\u2026.<br \/>\nAchoque o racismo virou ideologia bancada com dinheiro publico para bancar ao parte dos movimentos negros no Brasil, s\u00f3 isso.<\/p>\n<p style=\"text-align: justify;\"><strong>Manoel Carlos<\/strong><\/p>\n<\/blockquote>\n\n\t\t\t\t<div class=\"mr_social_sharing_wrapper\">\n\t\t\t\t<!-- Social Sharing Toolkit v2.2 --><span class=\"mr_social_sharing_top\"><span style=\"display: inline-block; width: 55px; height: 62px; overflow: hidden;\"><div class=\"fb-like\" data-href=\"http:\/\/www.blogdopilako.com.br\/wp\/2015\/03\/30\/internauta-manoel-carlos-comenta-no-blog-2\/\" data-send=\"false\" data-layout=\"box_count\" data-width=\"55\" data-show-faces=\"false\"><\/div><\/span><\/span><span class=\"mr_social_sharing_top\"><fb:share-button type=\"box_count\" href=\"http:\/\/www.blogdopilako.com.br\/wp\/2015\/03\/30\/internauta-manoel-carlos-comenta-no-blog-2\/\"><\/fb:share-button><\/span><span class=\"mr_social_sharing\"><a rel=\"nofollow\" class=\"linksalpha_button linksalpha_link\" href=\"\/\/www.linksalpha.com\/social\/mobile\" data-url=\"http:\/\/www.blogdopilako.com.br\/wp\/2015\/03\/30\/internauta-manoel-carlos-comenta-no-blog-2\/\" data-text=\"Internauta Manoel Carlos comenta no blog\" data-desc=\"Coment\u00e1rio, na integra, postado na mat\u00e9ria \"Discriminar positivamente: uma postura antirracista?\". Doutora m pare\u00e7e que a Senhora bem como todo movimento negro pade\u00e7e de uma extrema s\u00edndrome de auto nega\u00e7\u00e3o. Disrimina\u00e7\u00e3 positive \u00e9 o mesmoq ue querer aprisionar o s brancos ou n\u00e3o negros\" data-image=\"\" data-button=\"none\">\n\t\t\t\t\t<img src=\"\/\/www.linksalpha.com\/images\/social_share_button.png\" alt=\"Share\" class=\"linksalpha_image\" \/>\n\t\t\t\t\t<\/a><script type=\"text\/javascript\" src=\"\/\/www.linksalpha.com\/scripts\/loader_iconbox.js?v=2.4\"><\/script><\/span><\/div>","protected":false},"excerpt":{"rendered":"\n\t\t\t\t<div class=\"mr_social_sharing_wrapper\">\n\t\t\t\t<!-- Social Sharing Toolkit v2.2 --><span class=\"mr_social_sharing_top\"><span style=\"display: inline-block; width: 55px; height: 62px; overflow: hidden;\"><div class=\"fb-like\" data-href=\"http:\/\/www.blogdopilako.com.br\/wp\/2015\/03\/30\/internauta-manoel-carlos-comenta-no-blog-2\/\" data-send=\"false\" data-layout=\"box_count\" data-width=\"55\" data-show-faces=\"false\"><\/div><\/span><\/span><span class=\"mr_social_sharing_top\"><fb:share-button type=\"box_count\" href=\"http:\/\/www.blogdopilako.com.br\/wp\/2015\/03\/30\/internauta-manoel-carlos-comenta-no-blog-2\/\"><\/fb:share-button><\/span><span class=\"mr_social_sharing\"><a rel=\"nofollow\" class=\"linksalpha_button linksalpha_link\" href=\"\/\/www.linksalpha.com\/social\/mobile\" data-url=\"http:\/\/www.blogdopilako.com.br\/wp\/2015\/03\/30\/internauta-manoel-carlos-comenta-no-blog-2\/\" data-text=\"Internauta Manoel Carlos comenta no blog\" data-desc=\"Coment\u00e1rio, na integra, postado na mat\u00e9ria \"Discriminar positivamente: uma postura antirracista?\". Doutora m pare\u00e7e que a Senhora bem como todo movimento negro pade\u00e7e de uma extrema s\u00edndrome de auto nega\u00e7\u00e3o. Disrimina\u00e7\u00e3 positive \u00e9 o mesmoq ue querer aprisionar o s brancos ou n\u00e3o negros\" data-image=\"\" data-button=\"none\">\n\t\t\t\t\t<img src=\"\/\/www.linksalpha.com\/images\/social_share_button.png\" alt=\"Share\" class=\"linksalpha_image\" \/>\n\t\t\t\t\t<\/a><script type=\"text\/javascript\" src=\"\/\/www.linksalpha.com\/scripts\/loader_iconbox.js?v=2.4\"><\/script><\/span><\/div><p>Coment\u00e1rio, na integra, postado na mat\u00e9ria &#8220;Discriminar positivamente: uma postura antirracista?&#8220;. Doutora m pare\u00e7e que a Senhora bem como todo movimento negro pade\u00e7e de uma extrema s\u00edndrome de auto nega\u00e7\u00e3o. Disrimina\u00e7\u00e3 positive \u00e9 o mesmoq ue querer aprisionar o s &hellip; <a href=\"http:\/\/www.blogdopilako.com.br\/wp\/2015\/03\/30\/internauta-manoel-carlos-comenta-no-blog-2\/\">Continue lendo <span class=\"meta-nav\">&rarr;<\/span><\/a><\/p>\n\n\t\t\t\t<div class=\"mr_social_sharing_wrapper\">\n\t\t\t\t<!-- Social Sharing Toolkit v2.2 --><span class=\"mr_social_sharing_top\"><span style=\"display: inline-block; width: 55px; height: 62px; overflow: hidden;\"><div class=\"fb-like\" data-href=\"http:\/\/www.blogdopilako.com.br\/wp\/2015\/03\/30\/internauta-manoel-carlos-comenta-no-blog-2\/\" data-send=\"false\" data-layout=\"box_count\" data-width=\"55\" data-show-faces=\"false\"><\/div><\/span><\/span><span class=\"mr_social_sharing_top\"><fb:share-button type=\"box_count\" href=\"http:\/\/www.blogdopilako.com.br\/wp\/2015\/03\/30\/internauta-manoel-carlos-comenta-no-blog-2\/\"><\/fb:share-button><\/span><span class=\"mr_social_sharing\"><a rel=\"nofollow\" class=\"linksalpha_button linksalpha_link\" href=\"\/\/www.linksalpha.com\/social\/mobile\" data-url=\"http:\/\/www.blogdopilako.com.br\/wp\/2015\/03\/30\/internauta-manoel-carlos-comenta-no-blog-2\/\" data-text=\"Internauta Manoel Carlos comenta no blog\" data-desc=\"Coment\u00e1rio, na integra, postado na mat\u00e9ria \"Discriminar positivamente: uma postura antirracista?\". Doutora m pare\u00e7e que a Senhora bem como todo movimento negro pade\u00e7e de uma extrema s\u00edndrome de auto nega\u00e7\u00e3o. Disrimina\u00e7\u00e3 positive \u00e9 o mesmoq ue querer aprisionar o s brancos ou n\u00e3o negros\" data-image=\"\" data-button=\"none\">\n\t\t\t\t\t<img src=\"\/\/www.linksalpha.com\/images\/social_share_button.png\" alt=\"Share\" class=\"linksalpha_image\" \/>\n\t\t\t\t\t<\/a><script type=\"text\/javascript\" src=\"\/\/www.linksalpha.com\/scripts\/loader_iconbox.js?v=2.4\"><\/script><\/span><\/div>","protected":false},"author":1,"featured_media":0,"comment_status":"open","ping_status":"open","sticky":false,"template":"","format":"standard","meta":[],"categories":[22],"tags":[],"_links":{"self":[{"href":"http:\/\/www.blogdopilako.com.br\/wp\/wp-json\/wp\/v2\/posts\/74164"}],"collection":[{"href":"http:\/\/www.blogdopilako.com.br\/wp\/wp-json\/wp\/v2\/posts"}],"about":[{"href":"http:\/\/www.blogdopilako.com.br\/wp\/wp-json\/wp\/v2\/types\/post"}],"author":[{"embeddable":true,"href":"http:\/\/www.blogdopilako.com.br\/wp\/wp-json\/wp\/v2\/users\/1"}],"replies":[{"embeddable":true,"href":"http:\/\/www.blogdopilako.com.br\/wp\/wp-json\/wp\/v2\/comments?post=74164"}],"version-history":[{"count":1,"href":"http:\/\/www.blogdopilako.com.br\/wp\/wp-json\/wp\/v2\/posts\/74164\/revisions"}],"predecessor-version":[{"id":74165,"href":"http:\/\/www.blogdopilako.com.br\/wp\/wp-json\/wp\/v2\/posts\/74164\/revisions\/74165"}],"wp:attachment":[{"href":"http:\/\/www.blogdopilako.com.br\/wp\/wp-json\/wp\/v2\/media?parent=74164"}],"wp:term":[{"taxonomy":"category","embeddable":true,"href":"http:\/\/www.blogdopilako.com.br\/wp\/wp-json\/wp\/v2\/categories?post=74164"},{"taxonomy":"post_tag","embeddable":true,"href":"http:\/\/www.blogdopilako.com.br\/wp\/wp-json\/wp\/v2\/tags?post=74164"}],"curies":[{"name":"wp","href":"https:\/\/api.w.org\/{rel}","templated":true}]}}