{"id":74106,"date":"2015-03-27T15:00:01","date_gmt":"2015-03-27T18:00:01","guid":{"rendered":"http:\/\/www.blogdopilako.com.br\/wp\/?p=74106"},"modified":"2015-03-30T15:39:12","modified_gmt":"2015-03-30T18:39:12","slug":"o-problema-nao-esta-na-falta-do-dinheiro-e-sim-na-forma-como-ele-e-aplicado","status":"publish","type":"post","link":"http:\/\/www.blogdopilako.com.br\/wp\/2015\/03\/27\/o-problema-nao-esta-na-falta-do-dinheiro-e-sim-na-forma-como-ele-e-aplicado\/","title":{"rendered":"O problema n\u00e3o est\u00e1 na falta do dinheiro, e sim, na forma como ele \u00e9 aplicado."},"content":{"rendered":"\n\t\t\t\t<div class=\"mr_social_sharing_wrapper\">\n\t\t\t\t<!-- Social Sharing Toolkit v2.2 --><span class=\"mr_social_sharing_top\"><span style=\"display: inline-block; width: 55px; height: 62px; overflow: hidden;\"><div class=\"fb-like\" data-href=\"http:\/\/www.blogdopilako.com.br\/wp\/2015\/03\/27\/o-problema-nao-esta-na-falta-do-dinheiro-e-sim-na-forma-como-ele-e-aplicado\/\" data-send=\"false\" data-layout=\"box_count\" data-width=\"55\" data-show-faces=\"false\"><\/div><\/span><\/span><span class=\"mr_social_sharing_top\"><fb:share-button type=\"box_count\" href=\"http:\/\/www.blogdopilako.com.br\/wp\/2015\/03\/27\/o-problema-nao-esta-na-falta-do-dinheiro-e-sim-na-forma-como-ele-e-aplicado\/\"><\/fb:share-button><\/span><span class=\"mr_social_sharing\"><a rel=\"nofollow\" class=\"linksalpha_button linksalpha_link\" href=\"\/\/www.linksalpha.com\/social\/mobile\" data-url=\"http:\/\/www.blogdopilako.com.br\/wp\/2015\/03\/27\/o-problema-nao-esta-na-falta-do-dinheiro-e-sim-na-forma-como-ele-e-aplicado\/\" data-text=\"O problema n\u00e3o est\u00e1 na falta do dinheiro, e sim, na forma como ele \u00e9 aplicado.\" data-desc=\"Apesar da nossa cidade, recentemente, ter batido recorde no que diz respeito a arrecada\u00e7\u00e3o financeira, na outra ponta, a popula\u00e7\u00e3o vitoriense n\u00e3o tem tomado conhecimento ou participado de nada que tenha tido uma melhora substancial nos servi\u00e7os p\u00fablicos prestado pela municipalidade. Apenas\" data-image=\"http:\/\/www.blogdopilako.com.br\/wp\/wp-content\/uploads\/dinheiro-no-ralo.jpg\" data-button=\"none\">\n\t\t\t\t\t<img src=\"\/\/www.linksalpha.com\/images\/social_share_button.png\" alt=\"Share\" class=\"linksalpha_image\" \/>\n\t\t\t\t\t<\/a><script type=\"text\/javascript\" src=\"\/\/www.linksalpha.com\/scripts\/loader_iconbox.js?v=2.4\"><\/script><\/span><\/div><p style=\"text-align: justify;\"><a href=\"http:\/\/www.blogdopilako.com.br\/wp\/wp-content\/uploads\/dinheiro-no-ralo.jpg\"><img loading=\"lazy\" class=\"aligncenter size-full wp-image-74143\" src=\"http:\/\/www.blogdopilako.com.br\/wp\/wp-content\/uploads\/dinheiro-no-ralo.jpg\" alt=\"dinheiro-no-ralo\" width=\"513\" height=\"338\" \/><\/a><\/p>\n<p style=\"text-align: justify;\">Apesar da nossa cidade, recentemente, ter batido recorde no que diz respeito a arrecada\u00e7\u00e3o financeira, na outra ponta, a popula\u00e7\u00e3o vitoriense n\u00e3o tem tomado conhecimento ou participado de nada que tenha tido uma melhora substancial nos servi\u00e7os p\u00fablicos prestado pela municipalidade.<\/p>\n<p style=\"text-align: justify;\">Apenas para ficar no trip\u00e9 de toda administra\u00e7\u00e3o p\u00fablica \u2013 Sa\u00fade, Educa\u00e7\u00e3o e Seguran\u00e7a &#8211;\u00a0 podemos perceber que o povo da nossa cidade continua carente. Na quest\u00e3o da sa\u00fade, os postos de atendimento b\u00e1sico \u2013 PSF \u2013 est\u00e3o em situa\u00e7\u00e3o prec\u00e1ria, com defici\u00eancia de profissionais, falta de medicamento e utens\u00edlios indispens\u00e1veis para a presta\u00e7\u00e3o do correto diagn\u00f3stico. A popula\u00e7\u00e3o sabe disso, e como resultado, lota a recep\u00e7\u00e3o do Hospital Jo\u00e3o Murilo para receber servi\u00e7os ambulatoriais que deveriam estar dispon\u00edveis e sendo prestados nos bairros, bem pertinho das pessoas.<\/p>\n<p style=\"text-align: justify;\">Na Educa\u00e7\u00e3o, outra \u00e1rea vital administrada por uma parente do prefeito, sua sobrinha <strong>Maria Jos\u00e9 Lira<\/strong>, a situa\u00e7\u00e3o \u00e9 lastim\u00e1vel. Al\u00e9m das escolas estarem sucateadas, algumas delas inaugurada pelo pr\u00f3prio prefeito, como \u00e9 o caso de Escola Madre Tarcisia localizada no Distrito de Bona\u00e7a, faltam profissionais e os que l\u00e1 se encontram \u2013 maioria deles &#8211; est\u00e3o trabalhando, segundo coment\u00e1rios, em regime de \u201csemiescravid\u00e3o\u201d, ou seja, trabalham sem receber sal\u00e1rios para &#8220;segurar&#8221; o lugar.<\/p>\n<p style=\"text-align: justify;\">Apenas, \u00a0algumas perguntas: quem foi que \u201ccomeu\u201d o dinheiro deles? Onde o dinheiro deles foi gasto de maneira antecipada? pra que ? \u00a0por qu\u00ea?<\/p>\n<p style=\"text-align: justify;\">\u00c9 bom que se diga que Seguran\u00e7a P\u00fablica \u00e9 dever do Estado. Mas, nada impede que o munic\u00edpio seja proativo nesta \u00e1rea. Seguran\u00e7a n\u00e3o \u00e9 \u00a0apenas proteger a pessoa comum do ladr\u00e3o, \u00e9, portanto um conjunto de medidas que proteja a popula\u00e7\u00e3o do risco do infort\u00fanio.<\/p>\n<p style=\"text-align: justify;\">Por exemplo, quando o prefeito Elias Lira e o diretor da AGTRAN, <strong>Hildebrando Lima<\/strong>, n\u00e3o regulamentam a quest\u00e3o das motos \u201ccinquentinhas e motenetas\u201d exp\u00f5e o simples cidad\u00e3o, pagador de impostos, a ser v\u00edtima de problemas, pois, j\u00e1 \u00e9 sabido que a maiorias dos acidentes urbanos tem o envolvimento desses ve\u00edculos, invariavelmente, manobrados por pessoas sem a carteira nacional de habilita\u00e7\u00e3o e, vez por outra, \u00a0embriagadas. Isto tamb\u00e9m \u00e9 viol\u00eancia contra a popula\u00e7\u00e3o e est\u00e1 sob a jurisdi\u00e7\u00e3o do Poder Municipal, ou seja, sob o comando da &#8220;<strong>M\u00daMIA ADMINISTRATIVA<\/strong>&#8220;, chamada <strong>Elias Lira<\/strong>.<\/p>\n<p style=\"text-align: justify;\">Pois bem, dias atr\u00e1s registrei na via conhecida como \u201cRua da Madeira\u201d, no Centro Comercial da cidade uma placa de regulamenta\u00e7\u00e3o de tr\u00e2nsito (PEDA\u00c7O DE MADEIRA AMARRADA EM UM TRILHO DA CAL\u00c7ADA), colocada pelos T\u00e9cnicos da AGTRAN, ou pelos menos por \u00a0pessoas que recebem sal\u00e1rios como tal, que bem reflete o descaso da administra\u00e7\u00e3o da gest\u00e3o do Governo de Todos para com a popula\u00e7\u00e3o.<\/p>\n<p style=\"text-align: justify;\"><a href=\"http:\/\/www.blogdopilako.com.br\/wp\/wp-content\/uploads\/madeira.jpg\"><img loading=\"lazy\" class=\"aligncenter size-full wp-image-74147\" src=\"http:\/\/www.blogdopilako.com.br\/wp\/wp-content\/uploads\/madeira.jpg\" alt=\"madeira\" width=\"496\" height=\"372\" \/><\/a><\/p>\n<p style=\"text-align: justify;\">Portanto, volto afirmar o que j\u00e1 disse in\u00fameras vezes: a maioria dos problemas da cidade n\u00e3o reside na falta de dinheiro e sim, na forma como se gasta o dinheiro p\u00fablico, ou seja, O NOSSO DINHEIRO.<\/p>\n\n\t\t\t\t<div class=\"mr_social_sharing_wrapper\">\n\t\t\t\t<!-- Social Sharing Toolkit v2.2 --><span class=\"mr_social_sharing_top\"><span style=\"display: inline-block; width: 55px; height: 62px; overflow: hidden;\"><div class=\"fb-like\" data-href=\"http:\/\/www.blogdopilako.com.br\/wp\/2015\/03\/27\/o-problema-nao-esta-na-falta-do-dinheiro-e-sim-na-forma-como-ele-e-aplicado\/\" data-send=\"false\" data-layout=\"box_count\" data-width=\"55\" data-show-faces=\"false\"><\/div><\/span><\/span><span class=\"mr_social_sharing_top\"><fb:share-button type=\"box_count\" href=\"http:\/\/www.blogdopilako.com.br\/wp\/2015\/03\/27\/o-problema-nao-esta-na-falta-do-dinheiro-e-sim-na-forma-como-ele-e-aplicado\/\"><\/fb:share-button><\/span><span class=\"mr_social_sharing\"><a rel=\"nofollow\" class=\"linksalpha_button linksalpha_link\" href=\"\/\/www.linksalpha.com\/social\/mobile\" data-url=\"http:\/\/www.blogdopilako.com.br\/wp\/2015\/03\/27\/o-problema-nao-esta-na-falta-do-dinheiro-e-sim-na-forma-como-ele-e-aplicado\/\" data-text=\"O problema n\u00e3o est\u00e1 na falta do dinheiro, e sim, na forma como ele \u00e9 aplicado.\" data-desc=\"Apesar da nossa cidade, recentemente, ter batido recorde no que diz respeito a arrecada\u00e7\u00e3o financeira, na outra ponta, a popula\u00e7\u00e3o vitoriense n\u00e3o tem tomado conhecimento ou participado de nada que tenha tido uma melhora substancial nos servi\u00e7os p\u00fablicos prestado pela municipalidade. Apenas\" data-image=\"http:\/\/www.blogdopilako.com.br\/wp\/wp-content\/uploads\/dinheiro-no-ralo.jpg\" data-button=\"none\">\n\t\t\t\t\t<img src=\"\/\/www.linksalpha.com\/images\/social_share_button.png\" alt=\"Share\" class=\"linksalpha_image\" \/>\n\t\t\t\t\t<\/a><script type=\"text\/javascript\" src=\"\/\/www.linksalpha.com\/scripts\/loader_iconbox.js?v=2.4\"><\/script><\/span><\/div>","protected":false},"excerpt":{"rendered":"\n\t\t\t\t<div class=\"mr_social_sharing_wrapper\">\n\t\t\t\t<!-- Social Sharing Toolkit v2.2 --><span class=\"mr_social_sharing_top\"><span style=\"display: inline-block; width: 55px; height: 62px; overflow: hidden;\"><div class=\"fb-like\" data-href=\"http:\/\/www.blogdopilako.com.br\/wp\/2015\/03\/27\/o-problema-nao-esta-na-falta-do-dinheiro-e-sim-na-forma-como-ele-e-aplicado\/\" data-send=\"false\" data-layout=\"box_count\" data-width=\"55\" data-show-faces=\"false\"><\/div><\/span><\/span><span class=\"mr_social_sharing_top\"><fb:share-button type=\"box_count\" href=\"http:\/\/www.blogdopilako.com.br\/wp\/2015\/03\/27\/o-problema-nao-esta-na-falta-do-dinheiro-e-sim-na-forma-como-ele-e-aplicado\/\"><\/fb:share-button><\/span><span class=\"mr_social_sharing\"><a rel=\"nofollow\" class=\"linksalpha_button linksalpha_link\" href=\"\/\/www.linksalpha.com\/social\/mobile\" data-url=\"http:\/\/www.blogdopilako.com.br\/wp\/2015\/03\/27\/o-problema-nao-esta-na-falta-do-dinheiro-e-sim-na-forma-como-ele-e-aplicado\/\" data-text=\"O problema n\u00e3o est\u00e1 na falta do dinheiro, e sim, na forma como ele \u00e9 aplicado.\" data-desc=\"Apesar da nossa cidade, recentemente, ter batido recorde no que diz respeito a arrecada\u00e7\u00e3o financeira, na outra ponta, a popula\u00e7\u00e3o vitoriense n\u00e3o tem tomado conhecimento ou participado de nada que tenha tido uma melhora substancial nos servi\u00e7os p\u00fablicos prestado pela municipalidade. Apenas\" data-image=\"\" data-button=\"none\">\n\t\t\t\t\t<img src=\"\/\/www.linksalpha.com\/images\/social_share_button.png\" alt=\"Share\" class=\"linksalpha_image\" \/>\n\t\t\t\t\t<\/a><script type=\"text\/javascript\" src=\"\/\/www.linksalpha.com\/scripts\/loader_iconbox.js?v=2.4\"><\/script><\/span><\/div><p>Apesar da nossa cidade, recentemente, ter batido recorde no que diz respeito a arrecada\u00e7\u00e3o financeira, na outra ponta, a popula\u00e7\u00e3o vitoriense n\u00e3o tem tomado conhecimento ou participado de nada que tenha tido uma melhora substancial nos servi\u00e7os p\u00fablicos prestado pela &hellip; <a href=\"http:\/\/www.blogdopilako.com.br\/wp\/2015\/03\/27\/o-problema-nao-esta-na-falta-do-dinheiro-e-sim-na-forma-como-ele-e-aplicado\/\">Continue lendo <span class=\"meta-nav\">&rarr;<\/span><\/a><\/p>\n\n\t\t\t\t<div class=\"mr_social_sharing_wrapper\">\n\t\t\t\t<!-- Social Sharing Toolkit v2.2 --><span class=\"mr_social_sharing_top\"><span style=\"display: inline-block; width: 55px; height: 62px; overflow: hidden;\"><div class=\"fb-like\" data-href=\"http:\/\/www.blogdopilako.com.br\/wp\/2015\/03\/27\/o-problema-nao-esta-na-falta-do-dinheiro-e-sim-na-forma-como-ele-e-aplicado\/\" data-send=\"false\" data-layout=\"box_count\" data-width=\"55\" data-show-faces=\"false\"><\/div><\/span><\/span><span class=\"mr_social_sharing_top\"><fb:share-button type=\"box_count\" href=\"http:\/\/www.blogdopilako.com.br\/wp\/2015\/03\/27\/o-problema-nao-esta-na-falta-do-dinheiro-e-sim-na-forma-como-ele-e-aplicado\/\"><\/fb:share-button><\/span><span class=\"mr_social_sharing\"><a rel=\"nofollow\" class=\"linksalpha_button linksalpha_link\" href=\"\/\/www.linksalpha.com\/social\/mobile\" data-url=\"http:\/\/www.blogdopilako.com.br\/wp\/2015\/03\/27\/o-problema-nao-esta-na-falta-do-dinheiro-e-sim-na-forma-como-ele-e-aplicado\/\" data-text=\"O problema n\u00e3o est\u00e1 na falta do dinheiro, e sim, na forma como ele \u00e9 aplicado.\" data-desc=\"Apesar da nossa cidade, recentemente, ter batido recorde no que diz respeito a arrecada\u00e7\u00e3o financeira, na outra ponta, a popula\u00e7\u00e3o vitoriense n\u00e3o tem tomado conhecimento ou participado de nada que tenha tido uma melhora substancial nos servi\u00e7os p\u00fablicos prestado pela municipalidade. Apenas\" data-image=\"\" data-button=\"none\">\n\t\t\t\t\t<img src=\"\/\/www.linksalpha.com\/images\/social_share_button.png\" alt=\"Share\" class=\"linksalpha_image\" \/>\n\t\t\t\t\t<\/a><script type=\"text\/javascript\" src=\"\/\/www.linksalpha.com\/scripts\/loader_iconbox.js?v=2.4\"><\/script><\/span><\/div>","protected":false},"author":4,"featured_media":0,"comment_status":"open","ping_status":"open","sticky":false,"template":"","format":"standard","meta":[],"categories":[21,22],"tags":[],"_links":{"self":[{"href":"http:\/\/www.blogdopilako.com.br\/wp\/wp-json\/wp\/v2\/posts\/74106"}],"collection":[{"href":"http:\/\/www.blogdopilako.com.br\/wp\/wp-json\/wp\/v2\/posts"}],"about":[{"href":"http:\/\/www.blogdopilako.com.br\/wp\/wp-json\/wp\/v2\/types\/post"}],"author":[{"embeddable":true,"href":"http:\/\/www.blogdopilako.com.br\/wp\/wp-json\/wp\/v2\/users\/4"}],"replies":[{"embeddable":true,"href":"http:\/\/www.blogdopilako.com.br\/wp\/wp-json\/wp\/v2\/comments?post=74106"}],"version-history":[{"count":10,"href":"http:\/\/www.blogdopilako.com.br\/wp\/wp-json\/wp\/v2\/posts\/74106\/revisions"}],"predecessor-version":[{"id":74192,"href":"http:\/\/www.blogdopilako.com.br\/wp\/wp-json\/wp\/v2\/posts\/74106\/revisions\/74192"}],"wp:attachment":[{"href":"http:\/\/www.blogdopilako.com.br\/wp\/wp-json\/wp\/v2\/media?parent=74106"}],"wp:term":[{"taxonomy":"category","embeddable":true,"href":"http:\/\/www.blogdopilako.com.br\/wp\/wp-json\/wp\/v2\/categories?post=74106"},{"taxonomy":"post_tag","embeddable":true,"href":"http:\/\/www.blogdopilako.com.br\/wp\/wp-json\/wp\/v2\/tags?post=74106"}],"curies":[{"name":"wp","href":"https:\/\/api.w.org\/{rel}","templated":true}]}}