{"id":74008,"date":"2015-03-24T15:07:38","date_gmt":"2015-03-24T18:07:38","guid":{"rendered":"http:\/\/www.blogdopilako.com.br\/wp\/?p=74008"},"modified":"2015-03-24T15:07:38","modified_gmt":"2015-03-24T18:07:38","slug":"internauta-joao-do-livramento-parabeniza-colunista","status":"publish","type":"post","link":"http:\/\/www.blogdopilako.com.br\/wp\/2015\/03\/24\/internauta-joao-do-livramento-parabeniza-colunista\/","title":{"rendered":"Internauta Jo\u00e3o do Livramento parabeniza colunista"},"content":{"rendered":"\n\t\t\t\t<div class=\"mr_social_sharing_wrapper\">\n\t\t\t\t<!-- Social Sharing Toolkit v2.2 --><span class=\"mr_social_sharing_top\"><span style=\"display: inline-block; width: 55px; height: 62px; overflow: hidden;\"><div class=\"fb-like\" data-href=\"http:\/\/www.blogdopilako.com.br\/wp\/2015\/03\/24\/internauta-joao-do-livramento-parabeniza-colunista\/\" data-send=\"false\" data-layout=\"box_count\" data-width=\"55\" data-show-faces=\"false\"><\/div><\/span><\/span><span class=\"mr_social_sharing_top\"><fb:share-button type=\"box_count\" href=\"http:\/\/www.blogdopilako.com.br\/wp\/2015\/03\/24\/internauta-joao-do-livramento-parabeniza-colunista\/\"><\/fb:share-button><\/span><span class=\"mr_social_sharing\"><a rel=\"nofollow\" class=\"linksalpha_button linksalpha_link\" href=\"\/\/www.linksalpha.com\/social\/mobile\" data-url=\"http:\/\/www.blogdopilako.com.br\/wp\/2015\/03\/24\/internauta-joao-do-livramento-parabeniza-colunista\/\" data-text=\"Internauta Jo\u00e3o do Livramento parabeniza colunista\" data-desc=\"Coment\u00e1rio postado na mat\u00e9ria \"Dia Internacional de Luta pela Elimina\u00e7\u00e3o da Discrimina\u00e7\u00e3o Racial \u2013 por Valdenice Jos\u00e9 Raimundo\". Parabenizo a doutora Valdenice por seus escritos e acrescento. Onde a imbecilidade atinge seu \u00e1pice, \u00e9 no preconceito de cor, pois se soubessem os ignorantes,\" data-image=\"\" data-button=\"none\">\n\t\t\t\t\t<img src=\"\/\/www.linksalpha.com\/images\/social_share_button.png\" alt=\"Share\" class=\"linksalpha_image\" \/>\n\t\t\t\t\t<\/a><script type=\"text\/javascript\" src=\"\/\/www.linksalpha.com\/scripts\/loader_iconbox.js?v=2.4\"><\/script><\/span><\/div><p>Coment\u00e1rio postado na mat\u00e9ria &#8220;<a href=\"http:\/\/www.blogdopilako.com.br\/wp\/2015\/03\/19\/dia-internacional-de-luta-pela-eliminacao-da-discriminacao-racial-por-valdenice-jose-raimundo\/\" target=\"_blank\">Dia Internacional de Luta pela Elimina\u00e7\u00e3o da Discrimina\u00e7\u00e3o Racial \u2013 por Valdenice Jos\u00e9 Raimundo<\/a>&#8220;.<\/p>\n<blockquote>\n<p style=\"text-align: justify;\">Parabenizo a doutora Valdenice por seus escritos e acrescento. Onde a imbecilidade atinge seu \u00e1pice, \u00e9 no preconceito de cor, pois se soubessem os ignorantes, que o fato que fez esta ra\u00e7a ter a cor que tem, \u00e9 simplesmente a de ter sua origem num continente predominantemente ensolarado, o qual a pele clara n\u00e3o resistiria, nem o c\u00e9rebro aguentaria a temperatura. Por isso a sele\u00e7\u00e3o natural se encarregou de escurecer a pele e enrolar os cabelos para assim aerados, protegerem o c\u00e9rebro das altas temperaturas. Ora o que mais esta ra\u00e7a que j\u00e1 nos deu em diversas \u00e1reas, seres humanos maravilhosos, tal como Nelson Mandela (madiba), que passou 27 anos preso, dos quais 18 em uma solit\u00e1ria de 1,60 M2 sem poder esticar o corpo, pois media ele 1,83 de altura. Tudo em nome de um ideal chamado \u201cigualdade racial\u201d e que alguns insistem em desacatar. \u00c9 para pessoas assim que existe uma frase que diz: \u201cA intelig\u00eancia tem limite, mas a imbecilidade n\u00e3o\u201d.<br \/>\nJo\u00e3o do Livramento.<\/p>\n<p style=\"text-align: justify;\"><strong>Jo\u00e3o do Livramento<\/strong><\/p>\n<\/blockquote>\n\n\t\t\t\t<div class=\"mr_social_sharing_wrapper\">\n\t\t\t\t<!-- Social Sharing Toolkit v2.2 --><span class=\"mr_social_sharing_top\"><span style=\"display: inline-block; width: 55px; height: 62px; overflow: hidden;\"><div class=\"fb-like\" data-href=\"http:\/\/www.blogdopilako.com.br\/wp\/2015\/03\/24\/internauta-joao-do-livramento-parabeniza-colunista\/\" data-send=\"false\" data-layout=\"box_count\" data-width=\"55\" data-show-faces=\"false\"><\/div><\/span><\/span><span class=\"mr_social_sharing_top\"><fb:share-button type=\"box_count\" href=\"http:\/\/www.blogdopilako.com.br\/wp\/2015\/03\/24\/internauta-joao-do-livramento-parabeniza-colunista\/\"><\/fb:share-button><\/span><span class=\"mr_social_sharing\"><a rel=\"nofollow\" class=\"linksalpha_button linksalpha_link\" href=\"\/\/www.linksalpha.com\/social\/mobile\" data-url=\"http:\/\/www.blogdopilako.com.br\/wp\/2015\/03\/24\/internauta-joao-do-livramento-parabeniza-colunista\/\" data-text=\"Internauta Jo\u00e3o do Livramento parabeniza colunista\" data-desc=\"Coment\u00e1rio postado na mat\u00e9ria \"Dia Internacional de Luta pela Elimina\u00e7\u00e3o da Discrimina\u00e7\u00e3o Racial \u2013 por Valdenice Jos\u00e9 Raimundo\". Parabenizo a doutora Valdenice por seus escritos e acrescento. Onde a imbecilidade atinge seu \u00e1pice, \u00e9 no preconceito de cor, pois se soubessem os ignorantes,\" data-image=\"\" data-button=\"none\">\n\t\t\t\t\t<img src=\"\/\/www.linksalpha.com\/images\/social_share_button.png\" alt=\"Share\" class=\"linksalpha_image\" \/>\n\t\t\t\t\t<\/a><script type=\"text\/javascript\" src=\"\/\/www.linksalpha.com\/scripts\/loader_iconbox.js?v=2.4\"><\/script><\/span><\/div>","protected":false},"excerpt":{"rendered":"\n\t\t\t\t<div class=\"mr_social_sharing_wrapper\">\n\t\t\t\t<!-- Social Sharing Toolkit v2.2 --><span class=\"mr_social_sharing_top\"><span style=\"display: inline-block; width: 55px; height: 62px; overflow: hidden;\"><div class=\"fb-like\" data-href=\"http:\/\/www.blogdopilako.com.br\/wp\/2015\/03\/24\/internauta-joao-do-livramento-parabeniza-colunista\/\" data-send=\"false\" data-layout=\"box_count\" data-width=\"55\" data-show-faces=\"false\"><\/div><\/span><\/span><span class=\"mr_social_sharing_top\"><fb:share-button type=\"box_count\" href=\"http:\/\/www.blogdopilako.com.br\/wp\/2015\/03\/24\/internauta-joao-do-livramento-parabeniza-colunista\/\"><\/fb:share-button><\/span><span class=\"mr_social_sharing\"><a rel=\"nofollow\" class=\"linksalpha_button linksalpha_link\" href=\"\/\/www.linksalpha.com\/social\/mobile\" data-url=\"http:\/\/www.blogdopilako.com.br\/wp\/2015\/03\/24\/internauta-joao-do-livramento-parabeniza-colunista\/\" data-text=\"Internauta Jo\u00e3o do Livramento parabeniza colunista\" data-desc=\"Coment\u00e1rio postado na mat\u00e9ria \"Dia Internacional de Luta pela Elimina\u00e7\u00e3o da Discrimina\u00e7\u00e3o Racial \u2013 por Valdenice Jos\u00e9 Raimundo\". Parabenizo a doutora Valdenice por seus escritos e acrescento. Onde a imbecilidade atinge seu \u00e1pice, \u00e9 no preconceito de cor, pois se soubessem os ignorantes,\" data-image=\"\" data-button=\"none\">\n\t\t\t\t\t<img src=\"\/\/www.linksalpha.com\/images\/social_share_button.png\" alt=\"Share\" class=\"linksalpha_image\" \/>\n\t\t\t\t\t<\/a><script type=\"text\/javascript\" src=\"\/\/www.linksalpha.com\/scripts\/loader_iconbox.js?v=2.4\"><\/script><\/span><\/div><p>Coment\u00e1rio postado na mat\u00e9ria &#8220;Dia Internacional de Luta pela Elimina\u00e7\u00e3o da Discrimina\u00e7\u00e3o Racial \u2013 por Valdenice Jos\u00e9 Raimundo&#8220;. Parabenizo a doutora Valdenice por seus escritos e acrescento. Onde a imbecilidade atinge seu \u00e1pice, \u00e9 no preconceito de cor, pois se &hellip; <a href=\"http:\/\/www.blogdopilako.com.br\/wp\/2015\/03\/24\/internauta-joao-do-livramento-parabeniza-colunista\/\">Continue lendo <span class=\"meta-nav\">&rarr;<\/span><\/a><\/p>\n\n\t\t\t\t<div class=\"mr_social_sharing_wrapper\">\n\t\t\t\t<!-- Social Sharing Toolkit v2.2 --><span class=\"mr_social_sharing_top\"><span style=\"display: inline-block; width: 55px; height: 62px; overflow: hidden;\"><div class=\"fb-like\" data-href=\"http:\/\/www.blogdopilako.com.br\/wp\/2015\/03\/24\/internauta-joao-do-livramento-parabeniza-colunista\/\" data-send=\"false\" data-layout=\"box_count\" data-width=\"55\" data-show-faces=\"false\"><\/div><\/span><\/span><span class=\"mr_social_sharing_top\"><fb:share-button type=\"box_count\" href=\"http:\/\/www.blogdopilako.com.br\/wp\/2015\/03\/24\/internauta-joao-do-livramento-parabeniza-colunista\/\"><\/fb:share-button><\/span><span class=\"mr_social_sharing\"><a rel=\"nofollow\" class=\"linksalpha_button linksalpha_link\" href=\"\/\/www.linksalpha.com\/social\/mobile\" data-url=\"http:\/\/www.blogdopilako.com.br\/wp\/2015\/03\/24\/internauta-joao-do-livramento-parabeniza-colunista\/\" data-text=\"Internauta Jo\u00e3o do Livramento parabeniza colunista\" data-desc=\"Coment\u00e1rio postado na mat\u00e9ria \"Dia Internacional de Luta pela Elimina\u00e7\u00e3o da Discrimina\u00e7\u00e3o Racial \u2013 por Valdenice Jos\u00e9 Raimundo\". Parabenizo a doutora Valdenice por seus escritos e acrescento. Onde a imbecilidade atinge seu \u00e1pice, \u00e9 no preconceito de cor, pois se soubessem os ignorantes,\" data-image=\"\" data-button=\"none\">\n\t\t\t\t\t<img src=\"\/\/www.linksalpha.com\/images\/social_share_button.png\" alt=\"Share\" class=\"linksalpha_image\" \/>\n\t\t\t\t\t<\/a><script type=\"text\/javascript\" src=\"\/\/www.linksalpha.com\/scripts\/loader_iconbox.js?v=2.4\"><\/script><\/span><\/div>","protected":false},"author":1,"featured_media":0,"comment_status":"open","ping_status":"open","sticky":false,"template":"","format":"standard","meta":[],"categories":[22],"tags":[],"_links":{"self":[{"href":"http:\/\/www.blogdopilako.com.br\/wp\/wp-json\/wp\/v2\/posts\/74008"}],"collection":[{"href":"http:\/\/www.blogdopilako.com.br\/wp\/wp-json\/wp\/v2\/posts"}],"about":[{"href":"http:\/\/www.blogdopilako.com.br\/wp\/wp-json\/wp\/v2\/types\/post"}],"author":[{"embeddable":true,"href":"http:\/\/www.blogdopilako.com.br\/wp\/wp-json\/wp\/v2\/users\/1"}],"replies":[{"embeddable":true,"href":"http:\/\/www.blogdopilako.com.br\/wp\/wp-json\/wp\/v2\/comments?post=74008"}],"version-history":[{"count":1,"href":"http:\/\/www.blogdopilako.com.br\/wp\/wp-json\/wp\/v2\/posts\/74008\/revisions"}],"predecessor-version":[{"id":74009,"href":"http:\/\/www.blogdopilako.com.br\/wp\/wp-json\/wp\/v2\/posts\/74008\/revisions\/74009"}],"wp:attachment":[{"href":"http:\/\/www.blogdopilako.com.br\/wp\/wp-json\/wp\/v2\/media?parent=74008"}],"wp:term":[{"taxonomy":"category","embeddable":true,"href":"http:\/\/www.blogdopilako.com.br\/wp\/wp-json\/wp\/v2\/categories?post=74008"},{"taxonomy":"post_tag","embeddable":true,"href":"http:\/\/www.blogdopilako.com.br\/wp\/wp-json\/wp\/v2\/tags?post=74008"}],"curies":[{"name":"wp","href":"https:\/\/api.w.org\/{rel}","templated":true}]}}