{"id":73999,"date":"2015-03-24T14:54:56","date_gmt":"2015-03-24T17:54:56","guid":{"rendered":"http:\/\/www.blogdopilako.com.br\/wp\/?p=73999"},"modified":"2015-03-24T15:32:00","modified_gmt":"2015-03-24T18:32:00","slug":"o-tempo-voa-entre-outros-ze-augusto-ferrer-e-pe-pedro-decada-de-70","status":"publish","type":"post","link":"http:\/\/www.blogdopilako.com.br\/wp\/2015\/03\/24\/o-tempo-voa-entre-outros-ze-augusto-ferrer-e-pe-pedro-decada-de-70\/","title":{"rendered":"O TEMPO VOA: Entre outros Z\u00e9 Augusto Barreto e Pe. Pedro &#8211; D\u00e9cada de 70"},"content":{"rendered":"\n\t\t\t\t<div class=\"mr_social_sharing_wrapper\">\n\t\t\t\t<!-- Social Sharing Toolkit v2.2 --><span class=\"mr_social_sharing_top\"><span style=\"display: inline-block; width: 55px; height: 62px; overflow: hidden;\"><div class=\"fb-like\" data-href=\"http:\/\/www.blogdopilako.com.br\/wp\/2015\/03\/24\/o-tempo-voa-entre-outros-ze-augusto-ferrer-e-pe-pedro-decada-de-70\/\" data-send=\"false\" data-layout=\"box_count\" data-width=\"55\" data-show-faces=\"false\"><\/div><\/span><\/span><span class=\"mr_social_sharing_top\"><fb:share-button type=\"box_count\" href=\"http:\/\/www.blogdopilako.com.br\/wp\/2015\/03\/24\/o-tempo-voa-entre-outros-ze-augusto-ferrer-e-pe-pedro-decada-de-70\/\"><\/fb:share-button><\/span><span class=\"mr_social_sharing\"><a rel=\"nofollow\" class=\"linksalpha_button linksalpha_link\" href=\"\/\/www.linksalpha.com\/social\/mobile\" data-url=\"http:\/\/www.blogdopilako.com.br\/wp\/2015\/03\/24\/o-tempo-voa-entre-outros-ze-augusto-ferrer-e-pe-pedro-decada-de-70\/\" data-text=\"O TEMPO VOA: Entre outros Z\u00e9 Augusto Barreto e Pe. Pedro \u2013 D\u00e9cada de 70\" data-desc=\"Entre outros Z\u00e9 Augusto Barreto e Pe. Pedro - Evento de Inaugura\u00e7\u00e3o - D\u00e9cada de 70.\" data-image=\"http:\/\/www.blogdopilako.com.br\/wp\/wp-content\/uploads\/O-TEMPO-VOA-Entre-outros-Z\u00e9-Augusto-Ferrer-e-Pe.jpg\" data-button=\"none\">\n\t\t\t\t\t<img src=\"\/\/www.linksalpha.com\/images\/social_share_button.png\" alt=\"Share\" class=\"linksalpha_image\" \/>\n\t\t\t\t\t<\/a><script type=\"text\/javascript\" src=\"\/\/www.linksalpha.com\/scripts\/loader_iconbox.js?v=2.4\"><\/script><\/span><\/div><p><a href=\"http:\/\/www.blogdopilako.com.br\/wp\/wp-content\/uploads\/O-TEMPO-VOA-Entre-outros-Z\u00e9-Augusto-Ferrer-e-Pe.jpg\"><img loading=\"lazy\" class=\"aligncenter size-full wp-image-74000\" src=\"http:\/\/www.blogdopilako.com.br\/wp\/wp-content\/uploads\/O-TEMPO-VOA-Entre-outros-Z\u00e9-Augusto-Ferrer-e-Pe.jpg\" alt=\"O TEMPO VOA - Entre outros Z\u00e9 Augusto Ferrer e Pe\" width=\"548\" height=\"387\" \/><\/a><\/p>\n<p style=\"text-align: center;\">Entre outros Z\u00e9 Augusto Barreto e Pe. Pedro &#8211; Evento de Inaugura\u00e7\u00e3o &#8211; D\u00e9cada de 70.<\/p>\n\n\t\t\t\t<div class=\"mr_social_sharing_wrapper\">\n\t\t\t\t<!-- Social Sharing Toolkit v2.2 --><span class=\"mr_social_sharing_top\"><span style=\"display: inline-block; width: 55px; height: 62px; overflow: hidden;\"><div class=\"fb-like\" data-href=\"http:\/\/www.blogdopilako.com.br\/wp\/2015\/03\/24\/o-tempo-voa-entre-outros-ze-augusto-ferrer-e-pe-pedro-decada-de-70\/\" data-send=\"false\" data-layout=\"box_count\" data-width=\"55\" data-show-faces=\"false\"><\/div><\/span><\/span><span class=\"mr_social_sharing_top\"><fb:share-button type=\"box_count\" href=\"http:\/\/www.blogdopilako.com.br\/wp\/2015\/03\/24\/o-tempo-voa-entre-outros-ze-augusto-ferrer-e-pe-pedro-decada-de-70\/\"><\/fb:share-button><\/span><span class=\"mr_social_sharing\"><a rel=\"nofollow\" class=\"linksalpha_button linksalpha_link\" href=\"\/\/www.linksalpha.com\/social\/mobile\" data-url=\"http:\/\/www.blogdopilako.com.br\/wp\/2015\/03\/24\/o-tempo-voa-entre-outros-ze-augusto-ferrer-e-pe-pedro-decada-de-70\/\" data-text=\"O TEMPO VOA: Entre outros Z\u00e9 Augusto Barreto e Pe. Pedro \u2013 D\u00e9cada de 70\" data-desc=\"Entre outros Z\u00e9 Augusto Barreto e Pe. Pedro - Evento de Inaugura\u00e7\u00e3o - D\u00e9cada de 70.\" data-image=\"http:\/\/www.blogdopilako.com.br\/wp\/wp-content\/uploads\/O-TEMPO-VOA-Entre-outros-Z\u00e9-Augusto-Ferrer-e-Pe.jpg\" data-button=\"none\">\n\t\t\t\t\t<img src=\"\/\/www.linksalpha.com\/images\/social_share_button.png\" alt=\"Share\" class=\"linksalpha_image\" \/>\n\t\t\t\t\t<\/a><script type=\"text\/javascript\" src=\"\/\/www.linksalpha.com\/scripts\/loader_iconbox.js?v=2.4\"><\/script><\/span><\/div>","protected":false},"excerpt":{"rendered":"\n\t\t\t\t<div class=\"mr_social_sharing_wrapper\">\n\t\t\t\t<!-- Social Sharing Toolkit v2.2 --><span class=\"mr_social_sharing_top\"><span style=\"display: inline-block; width: 55px; height: 62px; overflow: hidden;\"><div class=\"fb-like\" data-href=\"http:\/\/www.blogdopilako.com.br\/wp\/2015\/03\/24\/o-tempo-voa-entre-outros-ze-augusto-ferrer-e-pe-pedro-decada-de-70\/\" data-send=\"false\" data-layout=\"box_count\" data-width=\"55\" data-show-faces=\"false\"><\/div><\/span><\/span><span class=\"mr_social_sharing_top\"><fb:share-button type=\"box_count\" href=\"http:\/\/www.blogdopilako.com.br\/wp\/2015\/03\/24\/o-tempo-voa-entre-outros-ze-augusto-ferrer-e-pe-pedro-decada-de-70\/\"><\/fb:share-button><\/span><span class=\"mr_social_sharing\"><a rel=\"nofollow\" class=\"linksalpha_button linksalpha_link\" href=\"\/\/www.linksalpha.com\/social\/mobile\" data-url=\"http:\/\/www.blogdopilako.com.br\/wp\/2015\/03\/24\/o-tempo-voa-entre-outros-ze-augusto-ferrer-e-pe-pedro-decada-de-70\/\" data-text=\"O TEMPO VOA: Entre outros Z\u00e9 Augusto Barreto e Pe. Pedro \u2013 D\u00e9cada de 70\" data-desc=\"Entre outros Z\u00e9 Augusto Barreto e Pe. Pedro - Evento de Inaugura\u00e7\u00e3o - D\u00e9cada de 70.\" data-image=\"\" data-button=\"none\">\n\t\t\t\t\t<img src=\"\/\/www.linksalpha.com\/images\/social_share_button.png\" alt=\"Share\" class=\"linksalpha_image\" \/>\n\t\t\t\t\t<\/a><script type=\"text\/javascript\" src=\"\/\/www.linksalpha.com\/scripts\/loader_iconbox.js?v=2.4\"><\/script><\/span><\/div><p>Entre outros Z\u00e9 Augusto Barreto e Pe. Pedro &#8211; Evento de Inaugura\u00e7\u00e3o &#8211; D\u00e9cada de 70.<\/p>\n\n\t\t\t\t<div class=\"mr_social_sharing_wrapper\">\n\t\t\t\t<!-- Social Sharing Toolkit v2.2 --><span class=\"mr_social_sharing_top\"><span style=\"display: inline-block; width: 55px; height: 62px; overflow: hidden;\"><div class=\"fb-like\" data-href=\"http:\/\/www.blogdopilako.com.br\/wp\/2015\/03\/24\/o-tempo-voa-entre-outros-ze-augusto-ferrer-e-pe-pedro-decada-de-70\/\" data-send=\"false\" data-layout=\"box_count\" data-width=\"55\" data-show-faces=\"false\"><\/div><\/span><\/span><span class=\"mr_social_sharing_top\"><fb:share-button type=\"box_count\" href=\"http:\/\/www.blogdopilako.com.br\/wp\/2015\/03\/24\/o-tempo-voa-entre-outros-ze-augusto-ferrer-e-pe-pedro-decada-de-70\/\"><\/fb:share-button><\/span><span class=\"mr_social_sharing\"><a rel=\"nofollow\" class=\"linksalpha_button linksalpha_link\" href=\"\/\/www.linksalpha.com\/social\/mobile\" data-url=\"http:\/\/www.blogdopilako.com.br\/wp\/2015\/03\/24\/o-tempo-voa-entre-outros-ze-augusto-ferrer-e-pe-pedro-decada-de-70\/\" data-text=\"O TEMPO VOA: Entre outros Z\u00e9 Augusto Barreto e Pe. Pedro \u2013 D\u00e9cada de 70\" data-desc=\"Entre outros Z\u00e9 Augusto Barreto e Pe. Pedro - Evento de Inaugura\u00e7\u00e3o - D\u00e9cada de 70.\" data-image=\"\" data-button=\"none\">\n\t\t\t\t\t<img src=\"\/\/www.linksalpha.com\/images\/social_share_button.png\" alt=\"Share\" class=\"linksalpha_image\" \/>\n\t\t\t\t\t<\/a><script type=\"text\/javascript\" src=\"\/\/www.linksalpha.com\/scripts\/loader_iconbox.js?v=2.4\"><\/script><\/span><\/div>","protected":false},"author":1,"featured_media":0,"comment_status":"open","ping_status":"open","sticky":false,"template":"","format":"standard","meta":[],"categories":[23],"tags":[],"_links":{"self":[{"href":"http:\/\/www.blogdopilako.com.br\/wp\/wp-json\/wp\/v2\/posts\/73999"}],"collection":[{"href":"http:\/\/www.blogdopilako.com.br\/wp\/wp-json\/wp\/v2\/posts"}],"about":[{"href":"http:\/\/www.blogdopilako.com.br\/wp\/wp-json\/wp\/v2\/types\/post"}],"author":[{"embeddable":true,"href":"http:\/\/www.blogdopilako.com.br\/wp\/wp-json\/wp\/v2\/users\/1"}],"replies":[{"embeddable":true,"href":"http:\/\/www.blogdopilako.com.br\/wp\/wp-json\/wp\/v2\/comments?post=73999"}],"version-history":[{"count":2,"href":"http:\/\/www.blogdopilako.com.br\/wp\/wp-json\/wp\/v2\/posts\/73999\/revisions"}],"predecessor-version":[{"id":74017,"href":"http:\/\/www.blogdopilako.com.br\/wp\/wp-json\/wp\/v2\/posts\/73999\/revisions\/74017"}],"wp:attachment":[{"href":"http:\/\/www.blogdopilako.com.br\/wp\/wp-json\/wp\/v2\/media?parent=73999"}],"wp:term":[{"taxonomy":"category","embeddable":true,"href":"http:\/\/www.blogdopilako.com.br\/wp\/wp-json\/wp\/v2\/categories?post=73999"},{"taxonomy":"post_tag","embeddable":true,"href":"http:\/\/www.blogdopilako.com.br\/wp\/wp-json\/wp\/v2\/tags?post=73999"}],"curies":[{"name":"wp","href":"https:\/\/api.w.org\/{rel}","templated":true}]}}