{"id":73895,"date":"2015-03-20T14:40:28","date_gmt":"2015-03-20T17:40:28","guid":{"rendered":"http:\/\/www.blogdopilako.com.br\/wp\/?p=73895"},"modified":"2015-03-20T11:41:46","modified_gmt":"2015-03-20T14:41:46","slug":"internauta-alexandre-rogerio-relata-descaso","status":"publish","type":"post","link":"http:\/\/www.blogdopilako.com.br\/wp\/2015\/03\/20\/internauta-alexandre-rogerio-relata-descaso\/","title":{"rendered":"Internauta ALEXANDRE ROG\u00c9RIO relata descaso"},"content":{"rendered":"\n\t\t\t\t<div class=\"mr_social_sharing_wrapper\">\n\t\t\t\t<!-- Social Sharing Toolkit v2.2 --><span class=\"mr_social_sharing_top\"><span style=\"display: inline-block; width: 55px; height: 62px; overflow: hidden;\"><div class=\"fb-like\" data-href=\"http:\/\/www.blogdopilako.com.br\/wp\/2015\/03\/20\/internauta-alexandre-rogerio-relata-descaso\/\" data-send=\"false\" data-layout=\"box_count\" data-width=\"55\" data-show-faces=\"false\"><\/div><\/span><\/span><span class=\"mr_social_sharing_top\"><fb:share-button type=\"box_count\" href=\"http:\/\/www.blogdopilako.com.br\/wp\/2015\/03\/20\/internauta-alexandre-rogerio-relata-descaso\/\"><\/fb:share-button><\/span><span class=\"mr_social_sharing\"><a rel=\"nofollow\" class=\"linksalpha_button linksalpha_link\" href=\"\/\/www.linksalpha.com\/social\/mobile\" data-url=\"http:\/\/www.blogdopilako.com.br\/wp\/2015\/03\/20\/internauta-alexandre-rogerio-relata-descaso\/\" data-text=\"Internauta ALEXANDRE ROG\u00c9RIO relata descaso\" data-desc=\"Coment\u00e1rio postado na mat\u00e9ria \"Mais uma obra na cidade fora dos padr\u00f5es t\u00e9cnicos\". O titulo usado nesta mat\u00e9ria relata verdadeiramente \u201cO ESQUECIMENTO\u201d para n\u00e3o usar outra palavra, dos org\u00e3os publicos, pasmem, do Poder Judiciario para com a legisla\u00e7\u00e3o vigente, como \u00e9 esse caso dessa\" data-image=\"http:\/\/www.blogdopilako.com.br\/wp\/wp-content\/uploads\/juizado.jpg\" data-button=\"none\">\n\t\t\t\t\t<img src=\"\/\/www.linksalpha.com\/images\/social_share_button.png\" alt=\"Share\" class=\"linksalpha_image\" \/>\n\t\t\t\t\t<\/a><script type=\"text\/javascript\" src=\"\/\/www.linksalpha.com\/scripts\/loader_iconbox.js?v=2.4\"><\/script><\/span><\/div><p style=\"text-align: justify;\">Coment\u00e1rio postado na mat\u00e9ria &#8220;<a href=\"http:\/\/www.blogdopilako.com.br\/wp\/2015\/03\/18\/mais-uma-obra-na-cidade-fora-dos-padroes-tecnicos\/\" target=\"_blank\">Mais uma obra na cidade fora dos padr\u00f5es t\u00e9cnicos<\/a>&#8220;.<\/p>\n<blockquote>\n<p style=\"text-align: justify;\">O titulo usado nesta mat\u00e9ria relata verdadeiramente \u201cO ESQUECIMENTO\u201d para n\u00e3o usar outra palavra, dos org\u00e3os publicos, pasmem, do Poder Judiciario para com a legisla\u00e7\u00e3o vigente, como \u00e9 esse caso dessa materia muito bem escrita pelo amigo Pilako, sobre a nova cal\u00e7ada do Predio da Justi\u00e7a do Trabalho daqui de Vit\u00f3ria de Santo Ant\u00e3o, que n\u00e3o cumpre um direito contitucional que n\u00f3s Pessoas com Deficientes temos, porque somos cidad\u00e3os brasileiros e pagamos nossos impostos, que \u00e9 o \u201cDIREITO DE IR E VIR\u201d\u2026Poderiamos citar a aqui a Lei Municipal n\u00ba 3.858\/2013, o Decreto Federal n\u00ba 5.296\/2004, ABNT-NBR-9050 (Norma Brasileira de Acessibilidade), mas n\u00e3o precisa porque o Poder Judiciario possui toda Legisla\u00e7\u00e3o, e o referido Poder foi criado para defender nossos direiros (especificamente nessa materia das Pessoas com Deficiencia) atrav\u00e9s da nossa Legisla\u00e7\u00e3o vigente, mais n\u00e3o cumprem, porque? Respondo: Com que direito vai fazer cumprir se ele proprio n\u00e3o cumpre.<br \/>\nLogo enviarei novamente uma materia que j\u00e1 foi publicada aqui no Blog, que \u00e9 a falta de respeito do Tribunal de Pequenas Causas, para com as pessoas com deficiencia do nosso municipio, ela est\u00e1 sitiuada na Pra\u00e7a do Forum, numa casa alugada, e n\u00e3o obedece nenhuma norma de Acessibilidade, lembrando a todos, \u00e9 um org\u00e3o do Poder Judiciario que n\u00e3o cumpre a legisla\u00e7\u00e3o!!!!PASMEM!!!!<\/p>\n<p style=\"text-align: justify;\">Alexandre Rog\u00e9rio do Nascimento<br \/>\nPresidente da Associa\u00e7\u00e3o dos Deficientes da Vit\u00f3ria de Santo Ant\u00e3o \u2013 ADVISA<br \/>\nPresidente do Conselho Municipal de Defesa dos Direitos da Pessoa com Deficiencia da Vit\u00f3ria de Santo Ant\u00e3o \u2013 COMUD\/Vit\u00f3ria<br \/>\nConselheiro do Conselho Estadual de Defesa dos Direitos da Pessoa com Deficiencia do Estado de Pernambuco \u2013 CONED-PE<\/p>\n<p style=\"text-align: justify;\"><strong>ALEXANDRE ROG\u00c9RIO DO NASCIMENTO<\/strong><\/p>\n<\/blockquote>\n<h3 class=\"entry-title\"><strong>MAT\u00c9RIA POSTADA EM 23 DE SETEMBRO DE 2011:<\/strong><\/h3>\n<h3 class=\"entry-title\">Den\u00fancia contra o Juizado Especial C\u00edvel e Criminal de Vit\u00f3ria<\/h3>\n<p><a href=\"http:\/\/www.blogdopilako.com.br\/wp\/wp-content\/uploads\/juizado.jpg\" rel=\"lightbox[5837]\"><img loading=\"lazy\" class=\"aligncenter size-full wp-image-5838\" title=\"juizado\" src=\"http:\/\/www.blogdopilako.com.br\/wp\/wp-content\/uploads\/juizado.jpg\" alt=\"\" width=\"584\" height=\"438\" \/><\/a><em><br \/>\nAmigo Pilako,<br \/>\n<\/em><br \/>\n<em>Com os nossos cordiais cumprimentos, vimos pelo presente, parabenizar e desejar cada vez mais sucesso a este Blog que \u00e9 um grande \u00f3rg\u00e3o de comunica\u00e7\u00e3o em nosso Municipio, e sabendo da seriedade de todos que fazem esse Blog, tomamos a iniciativa de encaminhar e pedir se poss\u00edvel publique esta<strong> denuncia contra Juizado Especial C\u00edvel e Criminal da Vit\u00f3ria de Santo Ant\u00e3o<\/strong>, pela <strong>falta de acessibilidade<\/strong> em seu pr\u00e9dio, que \u00e9 alugado. N\u00f3s da ADVISA desde 2008 que denunciamos este n\u00e3o cumprimento ao Decreto n\u00ba 5296\/2004 (Lei da Acessibilidade), e abaixo est\u00e3o c\u00f3pias dos emails enviados pela nossa Associa\u00e7\u00e3o para Ouvidoria Judici\u00e1ria em 2009,<strong> j\u00e1 que a Promotoria e o F\u00f3rum local n\u00e3o tomaram nenhuma provid\u00eancia<\/strong>, e uma foto mostrando este descaso, fizemos tamb\u00e9m essa denuncia ao Conselho Estadual da Pessoa Com Defici\u00eancia \u2013 CONED e at\u00e9 hoje nada foi feito, estamos em 2011.<br \/>\n<strong><br \/>\nAlexandre Rog\u00e9rio do Nascimento<br \/>\nPresidente da ADVISA<\/strong><\/em><\/p>\n<p><em>1\u00ba email enviado para Ouvidoria:<\/em><\/p>\n<blockquote><p><em>A ADVISA \u2013 Associa\u00e7\u00e3o dos Deficientes da Vit\u00f3ria de Santo Ant\u00e3o, vem fazer a denuncia que Juizado Especial C\u00edvel e Criminal da Vit\u00f3ria de Santo Ant\u00e3o n\u00e3o tem nenhuma acessibilidade, j\u00e1 enviamos v\u00e1rios oficios para a Promotoria e para o F\u00f3rum de nossa Cidade, j\u00e1 se passaram mais de dois anos e nenhuma provid\u00eancia foi tomada, ent\u00e3o estamos levando ao conhecimento de V. Exa., temos fotos, e se nos enviarem um email, enviaremos as mesmas, mostrando a escadaria na entrada, banheiros n\u00e3o adaptados. S\u00e3o queremos que o Judici\u00e1rio cumpra a Lei de Acessibilidade, para que possamos exigir de outros \u00d3rg\u00e3os, sem receber a resposta que recebemos de alguns empres\u00e1rios que \u00e9 \u201cSe o Judici\u00e1rio n\u00e3o cumpre a Lei porque eu sou obrigado a cumprir\u201d!<\/em><\/p><\/blockquote>\n<p><em><em>Ouvidoria \u2013 Mail-In Ilmo Sr Ref. Registro <strong>n\u00ba 00787\/2009 <\/strong><br \/>\nSegue, abaixo, resposta da Diretoria de E\u202608\/04\/09<\/em><\/em><\/p>\n<blockquote><p><em>Ilmo.Sr<br \/>\n<strong>Ref.Registro.n\u00ba.00787\/2009 <\/strong><br \/>\nSegue, abaixo, resposta da Diretoria de Engenharia e Arquitetura deste TJPE sua solicita\u00e7\u00e3o, registrada nesta Ouvidoria sob o n\u00ba 00787\/2009, datada de 02 de mar\u00e7o do corente ano.<\/em><\/p>\n<p><em>\u201cInformamos que a ger\u00eancia de Arquitetura n\u00e3o est\u00e1 indiferente a Lei de Acessibilidade. No caso do pr\u00e9dio onde funciona o Juizado de Vit\u00f3ria de Santo Ant\u00e3o, j\u00e1 vistoriamos o local onde constatamos a impossibilidade de adequa\u00e7\u00e3o\u2026A Juiza informou que costuma atender os casos especiais no pavimento t\u00e9rreo\u2026Algumas op\u00e7\u00f5es (novo im\u00f3vel) j\u00e1 est\u00e3o sendo verificadas junto a corretores para que a Diretoria de Engenharia e Arquitetura proceda \u00e0 vistoria.<\/em><\/p>\n<p><em>Recife, 27 de mar\u00e7o de 2009.<\/em><\/p>\n<p><em>Carmela da Costa Cardozo \u2013 Gerente de Arquitetura.<br \/>\nAtc.,<br \/>\nOuvidoria.<br \/>\nJudici\u00e1ria\u00a0Fl\u00e1vio Japiassa<br \/>\n<\/em><\/p><\/blockquote>\n<p><em><strong>Alexandre Rogerio do Nascimento<\/strong> para <strong>Ouvidoria<\/strong><br \/>\nASSOCIA\u00c7\u00c3O DOS DEFICIENTES DA VIT\u00d3RIA DE SANTO ANT\u00c3O \u2013 ADVISA<br \/>\n<strong>11\/04\/09<\/strong><\/em><\/p>\n<blockquote><p><em>Ilmo.Sr.<br \/>\nAgradecemos a aten\u00e7\u00e3o, e esperamos que esta troca de im\u00f3vel seja breve, porque mesmo a Ju\u00edza atendendo no pavimento t\u00e9rreo, para se ter acesso ao mesmo, existem cinco degraus de escada logo na entrada, tornando o acesso totalmente impr\u00f3prio.Visto que, tanto a NBR 9.050 de 31 de maio de 2004 \u2013 Acessibilidade a edifica\u00e7\u00f5es, mobili\u00e1rio, espa\u00e7os e equipamentos urbanos, quanto AS NORMAS DA ABNT Associa\u00e7\u00e3o Brasileira de Normas T\u00e9cnicas. Para adquirir as normas sobre acessibilidade, entre em contato com o Centro de Informa\u00e7\u00f5es Tecnol\u00f3gicas (CIT). Telefone: (11) 3017-3645 \/ 3646. E-mail: cit@abnt.org.br. www.abnt.org.br, mostra que n\u00e3o estamos pedindo favor e sim que seja cumprida a Lei, principalmente por se tratar de um pr\u00e9dio onde funciona um \u00d3rg\u00e3o do Poder Judici\u00e1rio.<br \/>\nAtc.<\/em><\/p>\n<p><em>Alexandre Rog\u00e9rio do Nascimento<br \/>\nVice-presidente<\/em><\/p><\/blockquote>\n<p><em><strong>Alexandre Rogerio do Nascimento<\/strong> para <\/em><strong>Ouvidoria<\/strong><em> \u2013 <strong>20\/07\/09<\/strong><br \/>\n<\/em><\/p>\n<blockquote><p><em>AMIGO FL\u00c1VIO,<\/em><\/p>\n<p><em>Esperamos tr\u00eas meses do ultimo email e nada foi feito, ficamos triste em ver o Poder Judici\u00e1rio do nosso Estado n\u00e3o cumprir o Decreto Federal n\u00ba 5296\/2004. Vemos que nem o Judici\u00e1rio respeita as Leis, mostrando que as Leis foram feitas para n\u00e3o sair do papel. A ouvidoria nos relatou no seu ultimo email, que n\u00e3o est\u00e1 indiferente com acessibilidade, mas deixar o Juizado funcionar numa casa alugada e sem nenhuma acessibilidade, para n\u00f3s isto se chama ESTAR INDIFERENTE AS LEIS E DECRETOS, acho que voc\u00eas devem olhar no Aur\u00e9lio o significado da palavra INDIFEREN\u00c7A porque voc\u00eas n\u00e3o est\u00e3o sabendo. Eu convido todos os Ouvidores para sentarem numa cadeira de Rodas (n\u00f3s disponibilizamos as Cadeiras com os nossos s\u00f3cios) para adentrarem no pr\u00e9dio do juizado de Vit\u00f3ria de Santo Ant\u00e3o, se voc\u00eas conseguirem subir os degraus com as cadeiras, n\u00f3s assumimos que somos indiferentes.<\/em><\/p>\n<p><em>Atenciosamente,<\/em><\/p>\n<p><em><strong>Alexandre Rog\u00e9rio do Nascimento<\/strong><br \/>\n<strong>Presidente da ADVISA<\/strong><\/em><\/p><\/blockquote>\n<p><em><strong>Ouvidoria \u2013 Mail-In<\/strong> para<strong> Alexandre Rogerio do Nascimento<\/strong> \u2013 21\/07\/09<br \/>\n<\/em><\/p>\n<blockquote><p><em>Prezado Senhor\u00a0Estaremos diligenciando perante a Diretoria de Engenharia deste TJPE.<\/em><\/p>\n<p><em>Ficamos \u00e0 disposi\u00e7\u00e3o\u00a0Etc<\/em><\/p>\n<p><em>Ouvidoria Judici\u00e1ria<br \/>\nMarcela<\/em><\/p><\/blockquote>\n\n\t\t\t\t<div class=\"mr_social_sharing_wrapper\">\n\t\t\t\t<!-- Social Sharing Toolkit v2.2 --><span class=\"mr_social_sharing_top\"><span style=\"display: inline-block; width: 55px; height: 62px; overflow: hidden;\"><div class=\"fb-like\" data-href=\"http:\/\/www.blogdopilako.com.br\/wp\/2015\/03\/20\/internauta-alexandre-rogerio-relata-descaso\/\" data-send=\"false\" data-layout=\"box_count\" data-width=\"55\" data-show-faces=\"false\"><\/div><\/span><\/span><span class=\"mr_social_sharing_top\"><fb:share-button type=\"box_count\" href=\"http:\/\/www.blogdopilako.com.br\/wp\/2015\/03\/20\/internauta-alexandre-rogerio-relata-descaso\/\"><\/fb:share-button><\/span><span class=\"mr_social_sharing\"><a rel=\"nofollow\" class=\"linksalpha_button linksalpha_link\" href=\"\/\/www.linksalpha.com\/social\/mobile\" data-url=\"http:\/\/www.blogdopilako.com.br\/wp\/2015\/03\/20\/internauta-alexandre-rogerio-relata-descaso\/\" data-text=\"Internauta ALEXANDRE ROG\u00c9RIO relata descaso\" data-desc=\"Coment\u00e1rio postado na mat\u00e9ria \"Mais uma obra na cidade fora dos padr\u00f5es t\u00e9cnicos\". O titulo usado nesta mat\u00e9ria relata verdadeiramente \u201cO ESQUECIMENTO\u201d para n\u00e3o usar outra palavra, dos org\u00e3os publicos, pasmem, do Poder Judiciario para com a legisla\u00e7\u00e3o vigente, como \u00e9 esse caso dessa\" data-image=\"http:\/\/www.blogdopilako.com.br\/wp\/wp-content\/uploads\/juizado.jpg\" data-button=\"none\">\n\t\t\t\t\t<img src=\"\/\/www.linksalpha.com\/images\/social_share_button.png\" alt=\"Share\" class=\"linksalpha_image\" \/>\n\t\t\t\t\t<\/a><script type=\"text\/javascript\" src=\"\/\/www.linksalpha.com\/scripts\/loader_iconbox.js?v=2.4\"><\/script><\/span><\/div>","protected":false},"excerpt":{"rendered":"\n\t\t\t\t<div class=\"mr_social_sharing_wrapper\">\n\t\t\t\t<!-- Social Sharing Toolkit v2.2 --><span class=\"mr_social_sharing_top\"><span style=\"display: inline-block; width: 55px; height: 62px; overflow: hidden;\"><div class=\"fb-like\" data-href=\"http:\/\/www.blogdopilako.com.br\/wp\/2015\/03\/20\/internauta-alexandre-rogerio-relata-descaso\/\" data-send=\"false\" data-layout=\"box_count\" data-width=\"55\" data-show-faces=\"false\"><\/div><\/span><\/span><span class=\"mr_social_sharing_top\"><fb:share-button type=\"box_count\" href=\"http:\/\/www.blogdopilako.com.br\/wp\/2015\/03\/20\/internauta-alexandre-rogerio-relata-descaso\/\"><\/fb:share-button><\/span><span class=\"mr_social_sharing\"><a rel=\"nofollow\" class=\"linksalpha_button linksalpha_link\" href=\"\/\/www.linksalpha.com\/social\/mobile\" data-url=\"http:\/\/www.blogdopilako.com.br\/wp\/2015\/03\/20\/internauta-alexandre-rogerio-relata-descaso\/\" data-text=\"Internauta ALEXANDRE ROG\u00c9RIO relata descaso\" data-desc=\"Coment\u00e1rio postado na mat\u00e9ria \"Mais uma obra na cidade fora dos padr\u00f5es t\u00e9cnicos\". O titulo usado nesta mat\u00e9ria relata verdadeiramente \u201cO ESQUECIMENTO\u201d para n\u00e3o usar outra palavra, dos org\u00e3os publicos, pasmem, do Poder Judiciario para com a legisla\u00e7\u00e3o vigente, como \u00e9 esse caso dessa\" data-image=\"\" data-button=\"none\">\n\t\t\t\t\t<img src=\"\/\/www.linksalpha.com\/images\/social_share_button.png\" alt=\"Share\" class=\"linksalpha_image\" \/>\n\t\t\t\t\t<\/a><script type=\"text\/javascript\" src=\"\/\/www.linksalpha.com\/scripts\/loader_iconbox.js?v=2.4\"><\/script><\/span><\/div><p>Coment\u00e1rio postado na mat\u00e9ria &#8220;Mais uma obra na cidade fora dos padr\u00f5es t\u00e9cnicos&#8220;. O titulo usado nesta mat\u00e9ria relata verdadeiramente \u201cO ESQUECIMENTO\u201d para n\u00e3o usar outra palavra, dos org\u00e3os publicos, pasmem, do Poder Judiciario para com a legisla\u00e7\u00e3o vigente, como &hellip; <a href=\"http:\/\/www.blogdopilako.com.br\/wp\/2015\/03\/20\/internauta-alexandre-rogerio-relata-descaso\/\">Continue lendo <span class=\"meta-nav\">&rarr;<\/span><\/a><\/p>\n\n\t\t\t\t<div class=\"mr_social_sharing_wrapper\">\n\t\t\t\t<!-- Social Sharing Toolkit v2.2 --><span class=\"mr_social_sharing_top\"><span style=\"display: inline-block; width: 55px; height: 62px; overflow: hidden;\"><div class=\"fb-like\" data-href=\"http:\/\/www.blogdopilako.com.br\/wp\/2015\/03\/20\/internauta-alexandre-rogerio-relata-descaso\/\" data-send=\"false\" data-layout=\"box_count\" data-width=\"55\" data-show-faces=\"false\"><\/div><\/span><\/span><span class=\"mr_social_sharing_top\"><fb:share-button type=\"box_count\" href=\"http:\/\/www.blogdopilako.com.br\/wp\/2015\/03\/20\/internauta-alexandre-rogerio-relata-descaso\/\"><\/fb:share-button><\/span><span class=\"mr_social_sharing\"><a rel=\"nofollow\" class=\"linksalpha_button linksalpha_link\" href=\"\/\/www.linksalpha.com\/social\/mobile\" data-url=\"http:\/\/www.blogdopilako.com.br\/wp\/2015\/03\/20\/internauta-alexandre-rogerio-relata-descaso\/\" data-text=\"Internauta ALEXANDRE ROG\u00c9RIO relata descaso\" data-desc=\"Coment\u00e1rio postado na mat\u00e9ria \"Mais uma obra na cidade fora dos padr\u00f5es t\u00e9cnicos\". O titulo usado nesta mat\u00e9ria relata verdadeiramente \u201cO ESQUECIMENTO\u201d para n\u00e3o usar outra palavra, dos org\u00e3os publicos, pasmem, do Poder Judiciario para com a legisla\u00e7\u00e3o vigente, como \u00e9 esse caso dessa\" data-image=\"\" data-button=\"none\">\n\t\t\t\t\t<img src=\"\/\/www.linksalpha.com\/images\/social_share_button.png\" alt=\"Share\" class=\"linksalpha_image\" \/>\n\t\t\t\t\t<\/a><script type=\"text\/javascript\" src=\"\/\/www.linksalpha.com\/scripts\/loader_iconbox.js?v=2.4\"><\/script><\/span><\/div>","protected":false},"author":1,"featured_media":0,"comment_status":"open","ping_status":"open","sticky":false,"template":"","format":"standard","meta":[],"categories":[21,22],"tags":[],"_links":{"self":[{"href":"http:\/\/www.blogdopilako.com.br\/wp\/wp-json\/wp\/v2\/posts\/73895"}],"collection":[{"href":"http:\/\/www.blogdopilako.com.br\/wp\/wp-json\/wp\/v2\/posts"}],"about":[{"href":"http:\/\/www.blogdopilako.com.br\/wp\/wp-json\/wp\/v2\/types\/post"}],"author":[{"embeddable":true,"href":"http:\/\/www.blogdopilako.com.br\/wp\/wp-json\/wp\/v2\/users\/1"}],"replies":[{"embeddable":true,"href":"http:\/\/www.blogdopilako.com.br\/wp\/wp-json\/wp\/v2\/comments?post=73895"}],"version-history":[{"count":2,"href":"http:\/\/www.blogdopilako.com.br\/wp\/wp-json\/wp\/v2\/posts\/73895\/revisions"}],"predecessor-version":[{"id":73902,"href":"http:\/\/www.blogdopilako.com.br\/wp\/wp-json\/wp\/v2\/posts\/73895\/revisions\/73902"}],"wp:attachment":[{"href":"http:\/\/www.blogdopilako.com.br\/wp\/wp-json\/wp\/v2\/media?parent=73895"}],"wp:term":[{"taxonomy":"category","embeddable":true,"href":"http:\/\/www.blogdopilako.com.br\/wp\/wp-json\/wp\/v2\/categories?post=73895"},{"taxonomy":"post_tag","embeddable":true,"href":"http:\/\/www.blogdopilako.com.br\/wp\/wp-json\/wp\/v2\/tags?post=73895"}],"curies":[{"name":"wp","href":"https:\/\/api.w.org\/{rel}","templated":true}]}}