{"id":73823,"date":"2015-03-19T11:47:00","date_gmt":"2015-03-19T14:47:00","guid":{"rendered":"http:\/\/www.blogdopilako.com.br\/wp\/?p=73823"},"modified":"2015-03-19T11:47:00","modified_gmt":"2015-03-19T14:47:00","slug":"olinda-sedia-encontro-estadual-dos-blogueiros","status":"publish","type":"post","link":"http:\/\/www.blogdopilako.com.br\/wp\/2015\/03\/19\/olinda-sedia-encontro-estadual-dos-blogueiros\/","title":{"rendered":"Olinda sedia encontro estadual dos blogueiros"},"content":{"rendered":"\n\t\t\t\t<div class=\"mr_social_sharing_wrapper\">\n\t\t\t\t<!-- Social Sharing Toolkit v2.2 --><span class=\"mr_social_sharing_top\"><span style=\"display: inline-block; width: 55px; height: 62px; overflow: hidden;\"><div class=\"fb-like\" data-href=\"http:\/\/www.blogdopilako.com.br\/wp\/2015\/03\/19\/olinda-sedia-encontro-estadual-dos-blogueiros\/\" data-send=\"false\" data-layout=\"box_count\" data-width=\"55\" data-show-faces=\"false\"><\/div><\/span><\/span><span class=\"mr_social_sharing_top\"><fb:share-button type=\"box_count\" href=\"http:\/\/www.blogdopilako.com.br\/wp\/2015\/03\/19\/olinda-sedia-encontro-estadual-dos-blogueiros\/\"><\/fb:share-button><\/span><span class=\"mr_social_sharing\"><a rel=\"nofollow\" class=\"linksalpha_button linksalpha_link\" href=\"\/\/www.linksalpha.com\/social\/mobile\" data-url=\"http:\/\/www.blogdopilako.com.br\/wp\/2015\/03\/19\/olinda-sedia-encontro-estadual-dos-blogueiros\/\" data-text=\"Olinda sedia encontro estadual dos blogueiros\" data-desc=\"Abertura acontece na sexta-feira (27), \u00e0 noite, com palestra do jornalista Altamiro Borges A cidade de Olinda (RMR), patrim\u00f4nio Universal da Humanidade, recebe o jornalista Altamiro Borges para abrir o 3\u00ba BloggerPE, na Faculdade Barros Melo - AESO, na noite da sexta-feira (27\/03). A inscri\u00e7\u00e3o\" data-image=\"http:\/\/www.blogdopilako.com.br\/wp\/wp-content\/uploads\/Imagem1.png\" data-button=\"none\">\n\t\t\t\t\t<img src=\"\/\/www.linksalpha.com\/images\/social_share_button.png\" alt=\"Share\" class=\"linksalpha_image\" \/>\n\t\t\t\t\t<\/a><script type=\"text\/javascript\" src=\"\/\/www.linksalpha.com\/scripts\/loader_iconbox.js?v=2.4\"><\/script><\/span><\/div><p><a href=\"http:\/\/www.blogdopilako.com.br\/wp\/wp-content\/uploads\/Imagem1.png\"><img loading=\"lazy\" class=\"aligncenter size-full wp-image-73824\" src=\"http:\/\/www.blogdopilako.com.br\/wp\/wp-content\/uploads\/Imagem1.png\" alt=\"Imagem1\" width=\"1421\" height=\"656\" \/><\/a><\/p>\n<p style=\"text-align: justify;\"><strong><em>Abertura acontece na sexta-feira (27), \u00e0 noite, com palestra do jornalista Altamiro Borges<\/em><\/strong><\/p>\n<p style=\"text-align: justify;\">\n<p style=\"text-align: justify;\">A cidade de Olinda (RMR), patrim\u00f4nio Universal da Humanidade, recebe o jornalista Altamiro Borges para abrir o 3\u00ba BloggerPE, na Faculdade Barros Melo &#8211; <a href=\"http:\/\/www.barrosmelo.edu.br\/\">AESO<\/a>, na noite da sexta-feira (27\/03). A <a href=\"http:\/\/www.ablogpe.com\/p\/incricoes-3-bloggerpe.html\">inscri\u00e7\u00e3o<\/a> \u00e9 online e gratuita (<em>www.ablogpe.com<\/em>), mas a hospedagem ser\u00e1 preferencialmente aos associados \u00e0 entidade das regi\u00f5es do sert\u00e3o e agreste. Altamiro \u00e9 jornalista, presidente do Centro de Estudos da M\u00eddia Alternativa Bar\u00e3o de Itarar\u00e9 e autor do livro &#8220;A ditadura da m\u00eddia&#8221;.<\/p>\n<p style=\"text-align: justify;\">J\u00e1 no s\u00e1bado 28 de mar\u00e7o, participar\u00e3o Rodrigo Vianna da TV Record, Jos\u00e9 Bertoni e Tarso Violin, ambos do Paran\u00e1blogs. Com o tema \u201cA Comunica\u00e7\u00e3o no Centro do Debate &#8211; Democratiza\u00e7\u00e3o da M\u00eddia\u201d, os palestrantes ir\u00e3o debater a regula\u00e7\u00e3o econ\u00f4mica da m\u00eddia, Reforma Pol\u00edtica e Marco Civil da Internet.<\/p>\n<p style=\"text-align: justify;\">Promovido pela Associa\u00e7\u00e3o dos Blogueiros de Pernambuco (<a href=\"http:\/\/www.ablogpe.com\/\"><strong>AblogPE<\/strong><\/a>) e o Centro de Estudos <a href=\"http:\/\/www.baraodeitarare.org.br\/\">Bar\u00e3o de Itarar\u00e9<\/a>, \u00a0o 3\u00ba Blogger \u00e9 destinado aos produtores de conte\u00fado para m\u00eddias digitais, publicit\u00e1rios, jornalistas, radialistas, estudantes de comunica\u00e7\u00e3o social, inform\u00e1tica e direito. \u201cDemocratizar a m\u00eddia \u00e9 ter mais vozes falando e a sua regula\u00e7\u00e3o econ\u00f4mica se faz imprescind\u00edvel para o Pa\u00eds\u201d, adiantou Altamiro.<\/p>\n<p style=\"text-align: justify;\">A Faculdade AESO fica na Av. Transamaz\u00f4nica, 405, Jardim Brasil II, Olinda, PE. Mapa e dicas de como chegar est\u00e3o dispon\u00edveis no <strong><a href=\"http:\/\/www.ablogpe.com\">www.ablogpe.com<\/a><\/strong><\/p>\n\n\t\t\t\t<div class=\"mr_social_sharing_wrapper\">\n\t\t\t\t<!-- Social Sharing Toolkit v2.2 --><span class=\"mr_social_sharing_top\"><span style=\"display: inline-block; width: 55px; height: 62px; overflow: hidden;\"><div class=\"fb-like\" data-href=\"http:\/\/www.blogdopilako.com.br\/wp\/2015\/03\/19\/olinda-sedia-encontro-estadual-dos-blogueiros\/\" data-send=\"false\" data-layout=\"box_count\" data-width=\"55\" data-show-faces=\"false\"><\/div><\/span><\/span><span class=\"mr_social_sharing_top\"><fb:share-button type=\"box_count\" href=\"http:\/\/www.blogdopilako.com.br\/wp\/2015\/03\/19\/olinda-sedia-encontro-estadual-dos-blogueiros\/\"><\/fb:share-button><\/span><span class=\"mr_social_sharing\"><a rel=\"nofollow\" class=\"linksalpha_button linksalpha_link\" href=\"\/\/www.linksalpha.com\/social\/mobile\" data-url=\"http:\/\/www.blogdopilako.com.br\/wp\/2015\/03\/19\/olinda-sedia-encontro-estadual-dos-blogueiros\/\" data-text=\"Olinda sedia encontro estadual dos blogueiros\" data-desc=\"Abertura acontece na sexta-feira (27), \u00e0 noite, com palestra do jornalista Altamiro Borges A cidade de Olinda (RMR), patrim\u00f4nio Universal da Humanidade, recebe o jornalista Altamiro Borges para abrir o 3\u00ba BloggerPE, na Faculdade Barros Melo - AESO, na noite da sexta-feira (27\/03). A inscri\u00e7\u00e3o\" data-image=\"http:\/\/www.blogdopilako.com.br\/wp\/wp-content\/uploads\/Imagem1.png\" data-button=\"none\">\n\t\t\t\t\t<img src=\"\/\/www.linksalpha.com\/images\/social_share_button.png\" alt=\"Share\" class=\"linksalpha_image\" \/>\n\t\t\t\t\t<\/a><script type=\"text\/javascript\" src=\"\/\/www.linksalpha.com\/scripts\/loader_iconbox.js?v=2.4\"><\/script><\/span><\/div>","protected":false},"excerpt":{"rendered":"\n\t\t\t\t<div class=\"mr_social_sharing_wrapper\">\n\t\t\t\t<!-- Social Sharing Toolkit v2.2 --><span class=\"mr_social_sharing_top\"><span style=\"display: inline-block; width: 55px; height: 62px; overflow: hidden;\"><div class=\"fb-like\" data-href=\"http:\/\/www.blogdopilako.com.br\/wp\/2015\/03\/19\/olinda-sedia-encontro-estadual-dos-blogueiros\/\" data-send=\"false\" data-layout=\"box_count\" data-width=\"55\" data-show-faces=\"false\"><\/div><\/span><\/span><span class=\"mr_social_sharing_top\"><fb:share-button type=\"box_count\" href=\"http:\/\/www.blogdopilako.com.br\/wp\/2015\/03\/19\/olinda-sedia-encontro-estadual-dos-blogueiros\/\"><\/fb:share-button><\/span><span class=\"mr_social_sharing\"><a rel=\"nofollow\" class=\"linksalpha_button linksalpha_link\" href=\"\/\/www.linksalpha.com\/social\/mobile\" data-url=\"http:\/\/www.blogdopilako.com.br\/wp\/2015\/03\/19\/olinda-sedia-encontro-estadual-dos-blogueiros\/\" data-text=\"Olinda sedia encontro estadual dos blogueiros\" data-desc=\"Abertura acontece na sexta-feira (27), \u00e0 noite, com palestra do jornalista Altamiro Borges A cidade de Olinda (RMR), patrim\u00f4nio Universal da Humanidade, recebe o jornalista Altamiro Borges para abrir o 3\u00ba BloggerPE, na Faculdade Barros Melo - AESO, na noite da sexta-feira (27\/03). A inscri\u00e7\u00e3o\" data-image=\"\" data-button=\"none\">\n\t\t\t\t\t<img src=\"\/\/www.linksalpha.com\/images\/social_share_button.png\" alt=\"Share\" class=\"linksalpha_image\" \/>\n\t\t\t\t\t<\/a><script type=\"text\/javascript\" src=\"\/\/www.linksalpha.com\/scripts\/loader_iconbox.js?v=2.4\"><\/script><\/span><\/div><p>Abertura acontece na sexta-feira (27), \u00e0 noite, com palestra do jornalista Altamiro Borges A cidade de Olinda (RMR), patrim\u00f4nio Universal da Humanidade, recebe o jornalista Altamiro Borges para abrir o 3\u00ba BloggerPE, na Faculdade Barros Melo &#8211; AESO, na noite &hellip; <a href=\"http:\/\/www.blogdopilako.com.br\/wp\/2015\/03\/19\/olinda-sedia-encontro-estadual-dos-blogueiros\/\">Continue lendo <span class=\"meta-nav\">&rarr;<\/span><\/a><\/p>\n\n\t\t\t\t<div class=\"mr_social_sharing_wrapper\">\n\t\t\t\t<!-- Social Sharing Toolkit v2.2 --><span class=\"mr_social_sharing_top\"><span style=\"display: inline-block; width: 55px; height: 62px; overflow: hidden;\"><div class=\"fb-like\" data-href=\"http:\/\/www.blogdopilako.com.br\/wp\/2015\/03\/19\/olinda-sedia-encontro-estadual-dos-blogueiros\/\" data-send=\"false\" data-layout=\"box_count\" data-width=\"55\" data-show-faces=\"false\"><\/div><\/span><\/span><span class=\"mr_social_sharing_top\"><fb:share-button type=\"box_count\" href=\"http:\/\/www.blogdopilako.com.br\/wp\/2015\/03\/19\/olinda-sedia-encontro-estadual-dos-blogueiros\/\"><\/fb:share-button><\/span><span class=\"mr_social_sharing\"><a rel=\"nofollow\" class=\"linksalpha_button linksalpha_link\" href=\"\/\/www.linksalpha.com\/social\/mobile\" data-url=\"http:\/\/www.blogdopilako.com.br\/wp\/2015\/03\/19\/olinda-sedia-encontro-estadual-dos-blogueiros\/\" data-text=\"Olinda sedia encontro estadual dos blogueiros\" data-desc=\"Abertura acontece na sexta-feira (27), \u00e0 noite, com palestra do jornalista Altamiro Borges A cidade de Olinda (RMR), patrim\u00f4nio Universal da Humanidade, recebe o jornalista Altamiro Borges para abrir o 3\u00ba BloggerPE, na Faculdade Barros Melo - AESO, na noite da sexta-feira (27\/03). A inscri\u00e7\u00e3o\" data-image=\"\" data-button=\"none\">\n\t\t\t\t\t<img src=\"\/\/www.linksalpha.com\/images\/social_share_button.png\" alt=\"Share\" class=\"linksalpha_image\" \/>\n\t\t\t\t\t<\/a><script type=\"text\/javascript\" src=\"\/\/www.linksalpha.com\/scripts\/loader_iconbox.js?v=2.4\"><\/script><\/span><\/div>","protected":false},"author":1,"featured_media":0,"comment_status":"open","ping_status":"open","sticky":false,"template":"","format":"standard","meta":[],"categories":[22],"tags":[],"_links":{"self":[{"href":"http:\/\/www.blogdopilako.com.br\/wp\/wp-json\/wp\/v2\/posts\/73823"}],"collection":[{"href":"http:\/\/www.blogdopilako.com.br\/wp\/wp-json\/wp\/v2\/posts"}],"about":[{"href":"http:\/\/www.blogdopilako.com.br\/wp\/wp-json\/wp\/v2\/types\/post"}],"author":[{"embeddable":true,"href":"http:\/\/www.blogdopilako.com.br\/wp\/wp-json\/wp\/v2\/users\/1"}],"replies":[{"embeddable":true,"href":"http:\/\/www.blogdopilako.com.br\/wp\/wp-json\/wp\/v2\/comments?post=73823"}],"version-history":[{"count":1,"href":"http:\/\/www.blogdopilako.com.br\/wp\/wp-json\/wp\/v2\/posts\/73823\/revisions"}],"predecessor-version":[{"id":73825,"href":"http:\/\/www.blogdopilako.com.br\/wp\/wp-json\/wp\/v2\/posts\/73823\/revisions\/73825"}],"wp:attachment":[{"href":"http:\/\/www.blogdopilako.com.br\/wp\/wp-json\/wp\/v2\/media?parent=73823"}],"wp:term":[{"taxonomy":"category","embeddable":true,"href":"http:\/\/www.blogdopilako.com.br\/wp\/wp-json\/wp\/v2\/categories?post=73823"},{"taxonomy":"post_tag","embeddable":true,"href":"http:\/\/www.blogdopilako.com.br\/wp\/wp-json\/wp\/v2\/tags?post=73823"}],"curies":[{"name":"wp","href":"https:\/\/api.w.org\/{rel}","templated":true}]}}