{"id":73660,"date":"2015-03-13T14:39:23","date_gmt":"2015-03-13T17:39:23","guid":{"rendered":"http:\/\/www.blogdopilako.com.br\/wp\/?p=73660"},"modified":"2015-03-13T14:39:23","modified_gmt":"2015-03-13T17:39:23","slug":"internauta-jose-joaquim-castro-comenta-no-blog","status":"publish","type":"post","link":"http:\/\/www.blogdopilako.com.br\/wp\/2015\/03\/13\/internauta-jose-joaquim-castro-comenta-no-blog\/","title":{"rendered":"Internauta Jos\u00e9 Joaquim Castro comenta no blog"},"content":{"rendered":"\n\t\t\t\t<div class=\"mr_social_sharing_wrapper\">\n\t\t\t\t<!-- Social Sharing Toolkit v2.2 --><span class=\"mr_social_sharing_top\"><span style=\"display: inline-block; width: 55px; height: 62px; overflow: hidden;\"><div class=\"fb-like\" data-href=\"http:\/\/www.blogdopilako.com.br\/wp\/2015\/03\/13\/internauta-jose-joaquim-castro-comenta-no-blog\/\" data-send=\"false\" data-layout=\"box_count\" data-width=\"55\" data-show-faces=\"false\"><\/div><\/span><\/span><span class=\"mr_social_sharing_top\"><fb:share-button type=\"box_count\" href=\"http:\/\/www.blogdopilako.com.br\/wp\/2015\/03\/13\/internauta-jose-joaquim-castro-comenta-no-blog\/\"><\/fb:share-button><\/span><span class=\"mr_social_sharing\"><a rel=\"nofollow\" class=\"linksalpha_button linksalpha_link\" href=\"\/\/www.linksalpha.com\/social\/mobile\" data-url=\"http:\/\/www.blogdopilako.com.br\/wp\/2015\/03\/13\/internauta-jose-joaquim-castro-comenta-no-blog\/\" data-text=\"Internauta Jos\u00e9 Joaquim Castro comenta no blog\" data-desc=\"Coment\u00e1rio postado na mat\u00e9ria \"OS PARASITAS DO PODER CONTINUAM SE LAMBUZANDO COM OS TERRENOS P\u00daBLICOS.\" Queria dizer que nossa comunidade o Cajueiro \u00e9 oprimida h\u00e1 anos pelos \u201cdeliquentes eleitorais\u201d, delinquentes porque compram votos e s\u00e3o estelionat\u00e1rios de ilus\u00f5es no per\u00edodo\" data-image=\"\" data-button=\"none\">\n\t\t\t\t\t<img src=\"\/\/www.linksalpha.com\/images\/social_share_button.png\" alt=\"Share\" class=\"linksalpha_image\" \/>\n\t\t\t\t\t<\/a><script type=\"text\/javascript\" src=\"\/\/www.linksalpha.com\/scripts\/loader_iconbox.js?v=2.4\"><\/script><\/span><\/div><p>Coment\u00e1rio postado na mat\u00e9ria &#8220;<a href=\"http:\/\/www.blogdopilako.com.br\/wp\/2015\/03\/12\/os-parasitas-do-poder-continuam-se-lambuzando-com-os-terrenos-publicos\/\" target=\"_blank\">OS PARASITAS DO PODER CONTINUAM SE LAMBUZANDO COM OS TERRENOS P\u00daBLICOS.<\/a>&#8221;<\/p>\n<blockquote>\n<p style=\"text-align: justify;\">Queria dizer que nossa comunidade o Cajueiro \u00e9 oprimida h\u00e1 anos pelos \u201cdeliquentes eleitorais\u201d, delinquentes porque compram votos e s\u00e3o estelionat\u00e1rios de ilus\u00f5es no per\u00edodo eleitoral. O Filho do prefeito, agora pouco veio aqui jogou uma lama asf\u00e1ltica na rua principal, iludiu as pessoas com a dita \u201cmelhoria\u201d e no final nos presenteou com n\u00e3o s\u00f3 esta mas outras autoriza\u00e7\u00f5es de invas\u00f5es para afim de pagar dividas oriundas de campanha. Ora, as pessoas honestas deste bairro n\u00e3o est\u00e3o pedindo nenhuma vantagem pessoal. A quest\u00e3o desta \u00e1rea \u00e9 de ordem coletiva, e promessa do pr\u00f3prio prefeito quando vem semanalmente rezar o ter\u00e7o na capela de S\u00e3o Jos\u00e9. At\u00e9 ent\u00e3o uma pessoa bem quista na comunidade. Sua intransig\u00eancia ao dizer \u201co que dou n\u00e3o tomo\u201d foi que levou algo que poderia ser resolvido no di\u00e1logo, ao caos. Em todo caso, foram oficiados o Minist\u00e9rio Publico, o batalh\u00e3o de pol\u00edcia e registrado um boletim de ocorr\u00eancia o qual o proprio prefeito dever\u00e1 ser escutado para saber quem pertence o terreno o qual ele deu? pertence? n\u00e3o\u2026 quem \u00e9 o invasor!<\/p>\n<p style=\"text-align: justify;\"><strong>Jos\u00e9 Joaquim Castro<\/strong><\/p>\n<\/blockquote>\n\n\t\t\t\t<div class=\"mr_social_sharing_wrapper\">\n\t\t\t\t<!-- Social Sharing Toolkit v2.2 --><span class=\"mr_social_sharing_top\"><span style=\"display: inline-block; width: 55px; height: 62px; overflow: hidden;\"><div class=\"fb-like\" data-href=\"http:\/\/www.blogdopilako.com.br\/wp\/2015\/03\/13\/internauta-jose-joaquim-castro-comenta-no-blog\/\" data-send=\"false\" data-layout=\"box_count\" data-width=\"55\" data-show-faces=\"false\"><\/div><\/span><\/span><span class=\"mr_social_sharing_top\"><fb:share-button type=\"box_count\" href=\"http:\/\/www.blogdopilako.com.br\/wp\/2015\/03\/13\/internauta-jose-joaquim-castro-comenta-no-blog\/\"><\/fb:share-button><\/span><span class=\"mr_social_sharing\"><a rel=\"nofollow\" class=\"linksalpha_button linksalpha_link\" href=\"\/\/www.linksalpha.com\/social\/mobile\" data-url=\"http:\/\/www.blogdopilako.com.br\/wp\/2015\/03\/13\/internauta-jose-joaquim-castro-comenta-no-blog\/\" data-text=\"Internauta Jos\u00e9 Joaquim Castro comenta no blog\" data-desc=\"Coment\u00e1rio postado na mat\u00e9ria \"OS PARASITAS DO PODER CONTINUAM SE LAMBUZANDO COM OS TERRENOS P\u00daBLICOS.\" Queria dizer que nossa comunidade o Cajueiro \u00e9 oprimida h\u00e1 anos pelos \u201cdeliquentes eleitorais\u201d, delinquentes porque compram votos e s\u00e3o estelionat\u00e1rios de ilus\u00f5es no per\u00edodo\" data-image=\"\" data-button=\"none\">\n\t\t\t\t\t<img src=\"\/\/www.linksalpha.com\/images\/social_share_button.png\" alt=\"Share\" class=\"linksalpha_image\" \/>\n\t\t\t\t\t<\/a><script type=\"text\/javascript\" src=\"\/\/www.linksalpha.com\/scripts\/loader_iconbox.js?v=2.4\"><\/script><\/span><\/div>","protected":false},"excerpt":{"rendered":"\n\t\t\t\t<div class=\"mr_social_sharing_wrapper\">\n\t\t\t\t<!-- Social Sharing Toolkit v2.2 --><span class=\"mr_social_sharing_top\"><span style=\"display: inline-block; width: 55px; height: 62px; overflow: hidden;\"><div class=\"fb-like\" data-href=\"http:\/\/www.blogdopilako.com.br\/wp\/2015\/03\/13\/internauta-jose-joaquim-castro-comenta-no-blog\/\" data-send=\"false\" data-layout=\"box_count\" data-width=\"55\" data-show-faces=\"false\"><\/div><\/span><\/span><span class=\"mr_social_sharing_top\"><fb:share-button type=\"box_count\" href=\"http:\/\/www.blogdopilako.com.br\/wp\/2015\/03\/13\/internauta-jose-joaquim-castro-comenta-no-blog\/\"><\/fb:share-button><\/span><span class=\"mr_social_sharing\"><a rel=\"nofollow\" class=\"linksalpha_button linksalpha_link\" href=\"\/\/www.linksalpha.com\/social\/mobile\" data-url=\"http:\/\/www.blogdopilako.com.br\/wp\/2015\/03\/13\/internauta-jose-joaquim-castro-comenta-no-blog\/\" data-text=\"Internauta Jos\u00e9 Joaquim Castro comenta no blog\" data-desc=\"Coment\u00e1rio postado na mat\u00e9ria \"OS PARASITAS DO PODER CONTINUAM SE LAMBUZANDO COM OS TERRENOS P\u00daBLICOS.\" Queria dizer que nossa comunidade o Cajueiro \u00e9 oprimida h\u00e1 anos pelos \u201cdeliquentes eleitorais\u201d, delinquentes porque compram votos e s\u00e3o estelionat\u00e1rios de ilus\u00f5es no per\u00edodo\" data-image=\"\" data-button=\"none\">\n\t\t\t\t\t<img src=\"\/\/www.linksalpha.com\/images\/social_share_button.png\" alt=\"Share\" class=\"linksalpha_image\" \/>\n\t\t\t\t\t<\/a><script type=\"text\/javascript\" src=\"\/\/www.linksalpha.com\/scripts\/loader_iconbox.js?v=2.4\"><\/script><\/span><\/div><p>Coment\u00e1rio postado na mat\u00e9ria &#8220;OS PARASITAS DO PODER CONTINUAM SE LAMBUZANDO COM OS TERRENOS P\u00daBLICOS.&#8221; Queria dizer que nossa comunidade o Cajueiro \u00e9 oprimida h\u00e1 anos pelos \u201cdeliquentes eleitorais\u201d, delinquentes porque compram votos e s\u00e3o estelionat\u00e1rios de ilus\u00f5es no per\u00edodo &hellip; <a href=\"http:\/\/www.blogdopilako.com.br\/wp\/2015\/03\/13\/internauta-jose-joaquim-castro-comenta-no-blog\/\">Continue lendo <span class=\"meta-nav\">&rarr;<\/span><\/a><\/p>\n\n\t\t\t\t<div class=\"mr_social_sharing_wrapper\">\n\t\t\t\t<!-- Social Sharing Toolkit v2.2 --><span class=\"mr_social_sharing_top\"><span style=\"display: inline-block; width: 55px; height: 62px; overflow: hidden;\"><div class=\"fb-like\" data-href=\"http:\/\/www.blogdopilako.com.br\/wp\/2015\/03\/13\/internauta-jose-joaquim-castro-comenta-no-blog\/\" data-send=\"false\" data-layout=\"box_count\" data-width=\"55\" data-show-faces=\"false\"><\/div><\/span><\/span><span class=\"mr_social_sharing_top\"><fb:share-button type=\"box_count\" href=\"http:\/\/www.blogdopilako.com.br\/wp\/2015\/03\/13\/internauta-jose-joaquim-castro-comenta-no-blog\/\"><\/fb:share-button><\/span><span class=\"mr_social_sharing\"><a rel=\"nofollow\" class=\"linksalpha_button linksalpha_link\" href=\"\/\/www.linksalpha.com\/social\/mobile\" data-url=\"http:\/\/www.blogdopilako.com.br\/wp\/2015\/03\/13\/internauta-jose-joaquim-castro-comenta-no-blog\/\" data-text=\"Internauta Jos\u00e9 Joaquim Castro comenta no blog\" data-desc=\"Coment\u00e1rio postado na mat\u00e9ria \"OS PARASITAS DO PODER CONTINUAM SE LAMBUZANDO COM OS TERRENOS P\u00daBLICOS.\" Queria dizer que nossa comunidade o Cajueiro \u00e9 oprimida h\u00e1 anos pelos \u201cdeliquentes eleitorais\u201d, delinquentes porque compram votos e s\u00e3o estelionat\u00e1rios de ilus\u00f5es no per\u00edodo\" data-image=\"\" data-button=\"none\">\n\t\t\t\t\t<img src=\"\/\/www.linksalpha.com\/images\/social_share_button.png\" alt=\"Share\" class=\"linksalpha_image\" \/>\n\t\t\t\t\t<\/a><script type=\"text\/javascript\" src=\"\/\/www.linksalpha.com\/scripts\/loader_iconbox.js?v=2.4\"><\/script><\/span><\/div>","protected":false},"author":1,"featured_media":0,"comment_status":"open","ping_status":"open","sticky":false,"template":"","format":"standard","meta":[],"categories":[21,22],"tags":[],"_links":{"self":[{"href":"http:\/\/www.blogdopilako.com.br\/wp\/wp-json\/wp\/v2\/posts\/73660"}],"collection":[{"href":"http:\/\/www.blogdopilako.com.br\/wp\/wp-json\/wp\/v2\/posts"}],"about":[{"href":"http:\/\/www.blogdopilako.com.br\/wp\/wp-json\/wp\/v2\/types\/post"}],"author":[{"embeddable":true,"href":"http:\/\/www.blogdopilako.com.br\/wp\/wp-json\/wp\/v2\/users\/1"}],"replies":[{"embeddable":true,"href":"http:\/\/www.blogdopilako.com.br\/wp\/wp-json\/wp\/v2\/comments?post=73660"}],"version-history":[{"count":1,"href":"http:\/\/www.blogdopilako.com.br\/wp\/wp-json\/wp\/v2\/posts\/73660\/revisions"}],"predecessor-version":[{"id":73661,"href":"http:\/\/www.blogdopilako.com.br\/wp\/wp-json\/wp\/v2\/posts\/73660\/revisions\/73661"}],"wp:attachment":[{"href":"http:\/\/www.blogdopilako.com.br\/wp\/wp-json\/wp\/v2\/media?parent=73660"}],"wp:term":[{"taxonomy":"category","embeddable":true,"href":"http:\/\/www.blogdopilako.com.br\/wp\/wp-json\/wp\/v2\/categories?post=73660"},{"taxonomy":"post_tag","embeddable":true,"href":"http:\/\/www.blogdopilako.com.br\/wp\/wp-json\/wp\/v2\/tags?post=73660"}],"curies":[{"name":"wp","href":"https:\/\/api.w.org\/{rel}","templated":true}]}}