{"id":73295,"date":"2015-03-04T10:50:14","date_gmt":"2015-03-04T13:50:14","guid":{"rendered":"http:\/\/www.blogdopilako.com.br\/wp\/?p=73295"},"modified":"2015-03-03T14:42:35","modified_gmt":"2015-03-03T17:42:35","slug":"internauta-joao-do-livramento-comenta-no-blog-5","status":"publish","type":"post","link":"http:\/\/www.blogdopilako.com.br\/wp\/2015\/03\/04\/internauta-joao-do-livramento-comenta-no-blog-5\/","title":{"rendered":"Internauta Jo\u00e3o do Livramento comenta no blog"},"content":{"rendered":"\n\t\t\t\t<div class=\"mr_social_sharing_wrapper\">\n\t\t\t\t<!-- Social Sharing Toolkit v2.2 --><span class=\"mr_social_sharing_top\"><span style=\"display: inline-block; width: 55px; height: 62px; overflow: hidden;\"><div class=\"fb-like\" data-href=\"http:\/\/www.blogdopilako.com.br\/wp\/2015\/03\/04\/internauta-joao-do-livramento-comenta-no-blog-5\/\" data-send=\"false\" data-layout=\"box_count\" data-width=\"55\" data-show-faces=\"false\"><\/div><\/span><\/span><span class=\"mr_social_sharing_top\"><fb:share-button type=\"box_count\" href=\"http:\/\/www.blogdopilako.com.br\/wp\/2015\/03\/04\/internauta-joao-do-livramento-comenta-no-blog-5\/\"><\/fb:share-button><\/span><span class=\"mr_social_sharing\"><a rel=\"nofollow\" class=\"linksalpha_button linksalpha_link\" href=\"\/\/www.linksalpha.com\/social\/mobile\" data-url=\"http:\/\/www.blogdopilako.com.br\/wp\/2015\/03\/04\/internauta-joao-do-livramento-comenta-no-blog-5\/\" data-text=\"Internauta Jo\u00e3o do Livramento comenta no blog\" data-desc=\"Coment\u00e1rio postado na mat\u00e9ria \"Reuni\u00e3o do Instituto Hist\u00f3rico: Prefeitura \u201cmassacra\u201d institui\u00e7\u00e3o.\". Caro amigo Pilako, quero parabenizar o IHGV e a esta jovem: Cl\u00e1udia Vicente, pela iniciativa de abra\u00e7ar as comemora\u00e7\u00f5es acerca da influ\u00eancia da Fran\u00e7a na cultura brasileira, que se deu\" data-image=\"\" data-button=\"none\">\n\t\t\t\t\t<img src=\"\/\/www.linksalpha.com\/images\/social_share_button.png\" alt=\"Share\" class=\"linksalpha_image\" \/>\n\t\t\t\t\t<\/a><script type=\"text\/javascript\" src=\"\/\/www.linksalpha.com\/scripts\/loader_iconbox.js?v=2.4\"><\/script><\/span><\/div><p>Coment\u00e1rio postado na mat\u00e9ria &#8220;<a href=\"http:\/\/www.blogdopilako.com.br\/wp\/2015\/03\/02\/reuniao-do-instituto-historico-prefeitura-massacra-instituicao\/\" target=\"_blank\">Reuni\u00e3o do Instituto Hist\u00f3rico: Prefeitura \u201cmassacra\u201d institui\u00e7\u00e3o.<\/a>&#8220;.<\/p>\n<blockquote>\n<p style=\"text-align: justify;\">Caro amigo Pilako, quero parabenizar o IHGV e a esta jovem: Cl\u00e1udia Vicente, pela iniciativa de abra\u00e7ar as comemora\u00e7\u00f5es acerca da influ\u00eancia da Fran\u00e7a na cultura brasileira, que se deu principalmente com a chegada da miss\u00e3o art\u00edstica francesa, trazida por D. Jo\u00e3o VI, em 26 de mar\u00e7o de 1816, com a \u201cmiss\u00e3o\u201d de mudar os tra\u00e7os do barroco para o neocl\u00e1ssico, que j\u00e1 imperava na Europa. o l\u00edder da miss\u00e3o foi Joachim Lebreton e contava com nomes como: Antonine Taunay(pintor); seu filho: Auguste Taunay(escultor); Victor Grandjean(arquiteto) o grande \u201cJean Baptiste Debret\u201d(pintor) e v\u00e1rios outros tamb\u00e9m de cunho cient\u00edfico, que formaram a Escola Real das Ci\u00eancias Artes e Of\u00edcios, que depois veio a ser chamada de Academia Imperial de Belas Artes. Por isso e tanto mais, devemos sempre reverenciar a influ\u00eancia francesa na cultura brasileira. Forte abra\u00e7o a todos que fazem o IHGV.<\/p>\n<p style=\"text-align: justify;\"><strong>Jo\u00e3o do Livramento.<\/strong><\/p>\n<\/blockquote>\n\n\t\t\t\t<div class=\"mr_social_sharing_wrapper\">\n\t\t\t\t<!-- Social Sharing Toolkit v2.2 --><span class=\"mr_social_sharing_top\"><span style=\"display: inline-block; width: 55px; height: 62px; overflow: hidden;\"><div class=\"fb-like\" data-href=\"http:\/\/www.blogdopilako.com.br\/wp\/2015\/03\/04\/internauta-joao-do-livramento-comenta-no-blog-5\/\" data-send=\"false\" data-layout=\"box_count\" data-width=\"55\" data-show-faces=\"false\"><\/div><\/span><\/span><span class=\"mr_social_sharing_top\"><fb:share-button type=\"box_count\" href=\"http:\/\/www.blogdopilako.com.br\/wp\/2015\/03\/04\/internauta-joao-do-livramento-comenta-no-blog-5\/\"><\/fb:share-button><\/span><span class=\"mr_social_sharing\"><a rel=\"nofollow\" class=\"linksalpha_button linksalpha_link\" href=\"\/\/www.linksalpha.com\/social\/mobile\" data-url=\"http:\/\/www.blogdopilako.com.br\/wp\/2015\/03\/04\/internauta-joao-do-livramento-comenta-no-blog-5\/\" data-text=\"Internauta Jo\u00e3o do Livramento comenta no blog\" data-desc=\"Coment\u00e1rio postado na mat\u00e9ria \"Reuni\u00e3o do Instituto Hist\u00f3rico: Prefeitura \u201cmassacra\u201d institui\u00e7\u00e3o.\". Caro amigo Pilako, quero parabenizar o IHGV e a esta jovem: Cl\u00e1udia Vicente, pela iniciativa de abra\u00e7ar as comemora\u00e7\u00f5es acerca da influ\u00eancia da Fran\u00e7a na cultura brasileira, que se deu\" data-image=\"\" data-button=\"none\">\n\t\t\t\t\t<img src=\"\/\/www.linksalpha.com\/images\/social_share_button.png\" alt=\"Share\" class=\"linksalpha_image\" \/>\n\t\t\t\t\t<\/a><script type=\"text\/javascript\" src=\"\/\/www.linksalpha.com\/scripts\/loader_iconbox.js?v=2.4\"><\/script><\/span><\/div>","protected":false},"excerpt":{"rendered":"\n\t\t\t\t<div class=\"mr_social_sharing_wrapper\">\n\t\t\t\t<!-- Social Sharing Toolkit v2.2 --><span class=\"mr_social_sharing_top\"><span style=\"display: inline-block; width: 55px; height: 62px; overflow: hidden;\"><div class=\"fb-like\" data-href=\"http:\/\/www.blogdopilako.com.br\/wp\/2015\/03\/04\/internauta-joao-do-livramento-comenta-no-blog-5\/\" data-send=\"false\" data-layout=\"box_count\" data-width=\"55\" data-show-faces=\"false\"><\/div><\/span><\/span><span class=\"mr_social_sharing_top\"><fb:share-button type=\"box_count\" href=\"http:\/\/www.blogdopilako.com.br\/wp\/2015\/03\/04\/internauta-joao-do-livramento-comenta-no-blog-5\/\"><\/fb:share-button><\/span><span class=\"mr_social_sharing\"><a rel=\"nofollow\" class=\"linksalpha_button linksalpha_link\" href=\"\/\/www.linksalpha.com\/social\/mobile\" data-url=\"http:\/\/www.blogdopilako.com.br\/wp\/2015\/03\/04\/internauta-joao-do-livramento-comenta-no-blog-5\/\" data-text=\"Internauta Jo\u00e3o do Livramento comenta no blog\" data-desc=\"Coment\u00e1rio postado na mat\u00e9ria \"Reuni\u00e3o do Instituto Hist\u00f3rico: Prefeitura \u201cmassacra\u201d institui\u00e7\u00e3o.\". Caro amigo Pilako, quero parabenizar o IHGV e a esta jovem: Cl\u00e1udia Vicente, pela iniciativa de abra\u00e7ar as comemora\u00e7\u00f5es acerca da influ\u00eancia da Fran\u00e7a na cultura brasileira, que se deu\" data-image=\"\" data-button=\"none\">\n\t\t\t\t\t<img src=\"\/\/www.linksalpha.com\/images\/social_share_button.png\" alt=\"Share\" class=\"linksalpha_image\" \/>\n\t\t\t\t\t<\/a><script type=\"text\/javascript\" src=\"\/\/www.linksalpha.com\/scripts\/loader_iconbox.js?v=2.4\"><\/script><\/span><\/div><p>Coment\u00e1rio postado na mat\u00e9ria &#8220;Reuni\u00e3o do Instituto Hist\u00f3rico: Prefeitura \u201cmassacra\u201d institui\u00e7\u00e3o.&#8220;. Caro amigo Pilako, quero parabenizar o IHGV e a esta jovem: Cl\u00e1udia Vicente, pela iniciativa de abra\u00e7ar as comemora\u00e7\u00f5es acerca da influ\u00eancia da Fran\u00e7a na cultura brasileira, que se &hellip; <a href=\"http:\/\/www.blogdopilako.com.br\/wp\/2015\/03\/04\/internauta-joao-do-livramento-comenta-no-blog-5\/\">Continue lendo <span class=\"meta-nav\">&rarr;<\/span><\/a><\/p>\n\n\t\t\t\t<div class=\"mr_social_sharing_wrapper\">\n\t\t\t\t<!-- Social Sharing Toolkit v2.2 --><span class=\"mr_social_sharing_top\"><span style=\"display: inline-block; width: 55px; height: 62px; overflow: hidden;\"><div class=\"fb-like\" data-href=\"http:\/\/www.blogdopilako.com.br\/wp\/2015\/03\/04\/internauta-joao-do-livramento-comenta-no-blog-5\/\" data-send=\"false\" data-layout=\"box_count\" data-width=\"55\" data-show-faces=\"false\"><\/div><\/span><\/span><span class=\"mr_social_sharing_top\"><fb:share-button type=\"box_count\" href=\"http:\/\/www.blogdopilako.com.br\/wp\/2015\/03\/04\/internauta-joao-do-livramento-comenta-no-blog-5\/\"><\/fb:share-button><\/span><span class=\"mr_social_sharing\"><a rel=\"nofollow\" class=\"linksalpha_button linksalpha_link\" href=\"\/\/www.linksalpha.com\/social\/mobile\" data-url=\"http:\/\/www.blogdopilako.com.br\/wp\/2015\/03\/04\/internauta-joao-do-livramento-comenta-no-blog-5\/\" data-text=\"Internauta Jo\u00e3o do Livramento comenta no blog\" data-desc=\"Coment\u00e1rio postado na mat\u00e9ria \"Reuni\u00e3o do Instituto Hist\u00f3rico: Prefeitura \u201cmassacra\u201d institui\u00e7\u00e3o.\". Caro amigo Pilako, quero parabenizar o IHGV e a esta jovem: Cl\u00e1udia Vicente, pela iniciativa de abra\u00e7ar as comemora\u00e7\u00f5es acerca da influ\u00eancia da Fran\u00e7a na cultura brasileira, que se deu\" data-image=\"\" data-button=\"none\">\n\t\t\t\t\t<img src=\"\/\/www.linksalpha.com\/images\/social_share_button.png\" alt=\"Share\" class=\"linksalpha_image\" \/>\n\t\t\t\t\t<\/a><script type=\"text\/javascript\" src=\"\/\/www.linksalpha.com\/scripts\/loader_iconbox.js?v=2.4\"><\/script><\/span><\/div>","protected":false},"author":1,"featured_media":0,"comment_status":"open","ping_status":"open","sticky":false,"template":"","format":"standard","meta":[],"categories":[21,22],"tags":[],"_links":{"self":[{"href":"http:\/\/www.blogdopilako.com.br\/wp\/wp-json\/wp\/v2\/posts\/73295"}],"collection":[{"href":"http:\/\/www.blogdopilako.com.br\/wp\/wp-json\/wp\/v2\/posts"}],"about":[{"href":"http:\/\/www.blogdopilako.com.br\/wp\/wp-json\/wp\/v2\/types\/post"}],"author":[{"embeddable":true,"href":"http:\/\/www.blogdopilako.com.br\/wp\/wp-json\/wp\/v2\/users\/1"}],"replies":[{"embeddable":true,"href":"http:\/\/www.blogdopilako.com.br\/wp\/wp-json\/wp\/v2\/comments?post=73295"}],"version-history":[{"count":1,"href":"http:\/\/www.blogdopilako.com.br\/wp\/wp-json\/wp\/v2\/posts\/73295\/revisions"}],"predecessor-version":[{"id":73296,"href":"http:\/\/www.blogdopilako.com.br\/wp\/wp-json\/wp\/v2\/posts\/73295\/revisions\/73296"}],"wp:attachment":[{"href":"http:\/\/www.blogdopilako.com.br\/wp\/wp-json\/wp\/v2\/media?parent=73295"}],"wp:term":[{"taxonomy":"category","embeddable":true,"href":"http:\/\/www.blogdopilako.com.br\/wp\/wp-json\/wp\/v2\/categories?post=73295"},{"taxonomy":"post_tag","embeddable":true,"href":"http:\/\/www.blogdopilako.com.br\/wp\/wp-json\/wp\/v2\/tags?post=73295"}],"curies":[{"name":"wp","href":"https:\/\/api.w.org\/{rel}","templated":true}]}}