{"id":71820,"date":"2015-02-12T15:19:51","date_gmt":"2015-02-12T18:19:51","guid":{"rendered":"http:\/\/www.blogdopilako.com.br\/wp\/?p=71820"},"modified":"2015-02-12T15:19:51","modified_gmt":"2015-02-12T18:19:51","slug":"curiosidades-musicais-maestro-duda-por-leo-dos-monges","status":"publish","type":"post","link":"http:\/\/www.blogdopilako.com.br\/wp\/2015\/02\/12\/curiosidades-musicais-maestro-duda-por-leo-dos-monges\/","title":{"rendered":"CURIOSIDADES MUSICAIS \u2013 MAESTRO DUDA &#8211; por L\u00e9o dos Monges"},"content":{"rendered":"\n\t\t\t\t<div class=\"mr_social_sharing_wrapper\">\n\t\t\t\t<!-- Social Sharing Toolkit v2.2 --><span class=\"mr_social_sharing_top\"><span style=\"display: inline-block; width: 55px; height: 62px; overflow: hidden;\"><div class=\"fb-like\" data-href=\"http:\/\/www.blogdopilako.com.br\/wp\/2015\/02\/12\/curiosidades-musicais-maestro-duda-por-leo-dos-monges\/\" data-send=\"false\" data-layout=\"box_count\" data-width=\"55\" data-show-faces=\"false\"><\/div><\/span><\/span><span class=\"mr_social_sharing_top\"><fb:share-button type=\"box_count\" href=\"http:\/\/www.blogdopilako.com.br\/wp\/2015\/02\/12\/curiosidades-musicais-maestro-duda-por-leo-dos-monges\/\"><\/fb:share-button><\/span><span class=\"mr_social_sharing\"><a rel=\"nofollow\" class=\"linksalpha_button linksalpha_link\" href=\"\/\/www.linksalpha.com\/social\/mobile\" data-url=\"http:\/\/www.blogdopilako.com.br\/wp\/2015\/02\/12\/curiosidades-musicais-maestro-duda-por-leo-dos-monges\/\" data-text=\"CURIOSIDADES MUSICAIS \u2013 MAESTRO DUDA \u2013 por L\u00e9o dos Monges\" data-desc=\"Jos\u00e9 Ursicino da Silva \u2013 Maestro Duda, nasceu em 23 de dezembro de 1935 em Goiana \u2013 PE. Em 1950 come\u00e7ou a integrar a Jazz Band Acad\u00eamica e a Orquestra Paraguari. No mesmo per\u00edodo atuou na R\u00e1dio Jornal do Commercio do Recife. Em 1953, j\u00e1 era regente e arranjador da Orquestra Paraguari;\" data-image=\"http:\/\/www.blogdopilako.com.br\/wp\/wp-content\/uploads\/2295062f55fafd7f0eff32ab66f9609a747.jpg\" data-button=\"none\">\n\t\t\t\t\t<img src=\"\/\/www.linksalpha.com\/images\/social_share_button.png\" alt=\"Share\" class=\"linksalpha_image\" \/>\n\t\t\t\t\t<\/a><script type=\"text\/javascript\" src=\"\/\/www.linksalpha.com\/scripts\/loader_iconbox.js?v=2.4\"><\/script><\/span><\/div><p style=\"text-align: justify;\"><a href=\"http:\/\/www.blogdopilako.com.br\/wp\/wp-content\/uploads\/2295062f55fafd7f0eff32ab66f9609a747.jpg\"><img loading=\"lazy\" class=\"aligncenter size-full wp-image-71821\" src=\"http:\/\/www.blogdopilako.com.br\/wp\/wp-content\/uploads\/2295062f55fafd7f0eff32ab66f9609a747.jpg\" alt=\"2295062f55fafd7f0eff32ab66f9609a747\" width=\"500\" height=\"500\" \/><\/a><\/p>\n<p style=\"text-align: justify;\"><strong>Jos\u00e9 Ursicino da Silva \u2013 Maestro Duda<\/strong>, nasceu em 23 de dezembro de 1935 em Goiana \u2013 PE.<\/p>\n<p style=\"text-align: justify;\">Em 1950 come\u00e7ou a integrar a Jazz Band Acad\u00eamica e a Orquestra Paraguari. No mesmo per\u00edodo atuou na R\u00e1dio Jornal do Commercio do Recife. Em 1953, j\u00e1 era regente e arranjador da Orquestra Paraguari; ainda em 1953, assumiu o Departamento de M\u00fasica da TV Jornal do Comm\u00e9rcio.<\/p>\n<p style=\"text-align: justify;\">Em 1962, come\u00e7ou a integrar a Orquestra Sinf\u00f4nica do Recife, executando Obo\u00e9 e Corne \u2013 Ingl\u00eas. Em 1963, criou uma orquestra de bailes.<\/p>\n<p style=\"text-align: justify;\">Em 1971, obteve o primeiro lugar no Festival do Frevo pela Rede Tupi com o Frevo de rua (Quinho). Teve frevos gravados pela Orquestra de Severino Araujo, assim como sambas gravados, entre outros, por Jamel\u00e3o.<\/p>\n<p style=\"text-align: justify;\">Em 1980, foi escolhido como arranjador do Festival MPB Shell, promovido pela rede Globo.<\/p>\n<p style=\"text-align: justify;\">Em 1985, sua orquestra representou o Brasil na feira das Na\u00e7\u00f5es em Miami, na Fl\u00f3rida EUA. Teve m\u00fasicas gravadas no exterior, estando em mais de 100 discos.<\/p>\n<p style=\"text-align: justify;\">Foi escolhido pelo projeto Mem\u00f3ria Brasileira da Secretaria de Cultura de S\u00e3o Paulo, como um dos 12 maiores apresentadores do s\u00e9culo.<\/p>\n<p style=\"text-align: justify;\">Em 2007, teve o Frevo Nino, Pernambuquinho relan\u00e7ado pela Spok Frevo Orquestra no CD Passo de Anjo ao vivo, gravado ao vivo no Teatro Santa Isabel, na cidade do Recife.<\/p>\n<p style=\"text-align: justify;\">Obras: Cidad\u00e3o Frevo, Esta\u00e7\u00e3o do Frevo, Fantasia Carnavalesca, Furac\u00e3o. Homenagem \u00e0 Princesa Isabel, Marcela, Nino o Pernambuquinho, Quinho, Su\u00edte Nordestina, para Banda e Orquestra, Su\u00edte Pernambucana de Bolso.<\/p>\n<p style=\"text-align: justify;\"><strong>Nino, o Pernambuquinho<\/strong><\/p>\n<p style=\"text-align: justify;\">Autor: Maestro Duda<\/p>\n<p><iframe loading=\"lazy\" src=\"https:\/\/www.youtube.com\/embed\/LAaxnHw1Jd0\" width=\"600\" height=\"450\" frameborder=\"0\" allowfullscreen=\"allowfullscreen\"><\/iframe><\/p>\n<p><strong><a href=\"http:\/\/www.blogdopilako.com.br\/wp\/wp-content\/uploads\/leo.jpg\" rel=\"lightbox[70066]\"><img loading=\"lazy\" class=\"alignleft\" src=\"http:\/\/www.blogdopilako.com.br\/wp\/wp-content\/uploads\/leo.jpg\" alt=\"leo\" width=\"232\" height=\"194\" \/><\/a><\/strong><\/p>\n<p>&nbsp;<\/p>\n<p><strong>Leo dos Monges<\/strong><\/p>\n\n\t\t\t\t<div class=\"mr_social_sharing_wrapper\">\n\t\t\t\t<!-- Social Sharing Toolkit v2.2 --><span class=\"mr_social_sharing_top\"><span style=\"display: inline-block; width: 55px; height: 62px; overflow: hidden;\"><div class=\"fb-like\" data-href=\"http:\/\/www.blogdopilako.com.br\/wp\/2015\/02\/12\/curiosidades-musicais-maestro-duda-por-leo-dos-monges\/\" data-send=\"false\" data-layout=\"box_count\" data-width=\"55\" data-show-faces=\"false\"><\/div><\/span><\/span><span class=\"mr_social_sharing_top\"><fb:share-button type=\"box_count\" href=\"http:\/\/www.blogdopilako.com.br\/wp\/2015\/02\/12\/curiosidades-musicais-maestro-duda-por-leo-dos-monges\/\"><\/fb:share-button><\/span><span class=\"mr_social_sharing\"><a rel=\"nofollow\" class=\"linksalpha_button linksalpha_link\" href=\"\/\/www.linksalpha.com\/social\/mobile\" data-url=\"http:\/\/www.blogdopilako.com.br\/wp\/2015\/02\/12\/curiosidades-musicais-maestro-duda-por-leo-dos-monges\/\" data-text=\"CURIOSIDADES MUSICAIS \u2013 MAESTRO DUDA \u2013 por L\u00e9o dos Monges\" data-desc=\"Jos\u00e9 Ursicino da Silva \u2013 Maestro Duda, nasceu em 23 de dezembro de 1935 em Goiana \u2013 PE. Em 1950 come\u00e7ou a integrar a Jazz Band Acad\u00eamica e a Orquestra Paraguari. No mesmo per\u00edodo atuou na R\u00e1dio Jornal do Commercio do Recife. Em 1953, j\u00e1 era regente e arranjador da Orquestra Paraguari;\" data-image=\"http:\/\/www.blogdopilako.com.br\/wp\/wp-content\/uploads\/2295062f55fafd7f0eff32ab66f9609a747.jpg\" data-button=\"none\">\n\t\t\t\t\t<img src=\"\/\/www.linksalpha.com\/images\/social_share_button.png\" alt=\"Share\" class=\"linksalpha_image\" \/>\n\t\t\t\t\t<\/a><script type=\"text\/javascript\" src=\"\/\/www.linksalpha.com\/scripts\/loader_iconbox.js?v=2.4\"><\/script><\/span><\/div>","protected":false},"excerpt":{"rendered":"\n\t\t\t\t<div class=\"mr_social_sharing_wrapper\">\n\t\t\t\t<!-- Social Sharing Toolkit v2.2 --><span class=\"mr_social_sharing_top\"><span style=\"display: inline-block; width: 55px; height: 62px; overflow: hidden;\"><div class=\"fb-like\" data-href=\"http:\/\/www.blogdopilako.com.br\/wp\/2015\/02\/12\/curiosidades-musicais-maestro-duda-por-leo-dos-monges\/\" data-send=\"false\" data-layout=\"box_count\" data-width=\"55\" data-show-faces=\"false\"><\/div><\/span><\/span><span class=\"mr_social_sharing_top\"><fb:share-button type=\"box_count\" href=\"http:\/\/www.blogdopilako.com.br\/wp\/2015\/02\/12\/curiosidades-musicais-maestro-duda-por-leo-dos-monges\/\"><\/fb:share-button><\/span><span class=\"mr_social_sharing\"><a rel=\"nofollow\" class=\"linksalpha_button linksalpha_link\" href=\"\/\/www.linksalpha.com\/social\/mobile\" data-url=\"http:\/\/www.blogdopilako.com.br\/wp\/2015\/02\/12\/curiosidades-musicais-maestro-duda-por-leo-dos-monges\/\" data-text=\"CURIOSIDADES MUSICAIS \u2013 MAESTRO DUDA \u2013 por L\u00e9o dos Monges\" data-desc=\"Jos\u00e9 Ursicino da Silva \u2013 Maestro Duda, nasceu em 23 de dezembro de 1935 em Goiana \u2013 PE. Em 1950 come\u00e7ou a integrar a Jazz Band Acad\u00eamica e a Orquestra Paraguari. No mesmo per\u00edodo atuou na R\u00e1dio Jornal do Commercio do Recife. Em 1953, j\u00e1 era regente e arranjador da Orquestra Paraguari;\" data-image=\"\" data-button=\"none\">\n\t\t\t\t\t<img src=\"\/\/www.linksalpha.com\/images\/social_share_button.png\" alt=\"Share\" class=\"linksalpha_image\" \/>\n\t\t\t\t\t<\/a><script type=\"text\/javascript\" src=\"\/\/www.linksalpha.com\/scripts\/loader_iconbox.js?v=2.4\"><\/script><\/span><\/div><p>Jos\u00e9 Ursicino da Silva \u2013 Maestro Duda, nasceu em 23 de dezembro de 1935 em Goiana \u2013 PE. Em 1950 come\u00e7ou a integrar a Jazz Band Acad\u00eamica e a Orquestra Paraguari. No mesmo per\u00edodo atuou na R\u00e1dio Jornal do Commercio &hellip; <a href=\"http:\/\/www.blogdopilako.com.br\/wp\/2015\/02\/12\/curiosidades-musicais-maestro-duda-por-leo-dos-monges\/\">Continue lendo <span class=\"meta-nav\">&rarr;<\/span><\/a><\/p>\n\n\t\t\t\t<div class=\"mr_social_sharing_wrapper\">\n\t\t\t\t<!-- Social Sharing Toolkit v2.2 --><span class=\"mr_social_sharing_top\"><span style=\"display: inline-block; width: 55px; height: 62px; overflow: hidden;\"><div class=\"fb-like\" data-href=\"http:\/\/www.blogdopilako.com.br\/wp\/2015\/02\/12\/curiosidades-musicais-maestro-duda-por-leo-dos-monges\/\" data-send=\"false\" data-layout=\"box_count\" data-width=\"55\" data-show-faces=\"false\"><\/div><\/span><\/span><span class=\"mr_social_sharing_top\"><fb:share-button type=\"box_count\" href=\"http:\/\/www.blogdopilako.com.br\/wp\/2015\/02\/12\/curiosidades-musicais-maestro-duda-por-leo-dos-monges\/\"><\/fb:share-button><\/span><span class=\"mr_social_sharing\"><a rel=\"nofollow\" class=\"linksalpha_button linksalpha_link\" href=\"\/\/www.linksalpha.com\/social\/mobile\" data-url=\"http:\/\/www.blogdopilako.com.br\/wp\/2015\/02\/12\/curiosidades-musicais-maestro-duda-por-leo-dos-monges\/\" data-text=\"CURIOSIDADES MUSICAIS \u2013 MAESTRO DUDA \u2013 por L\u00e9o dos Monges\" data-desc=\"Jos\u00e9 Ursicino da Silva \u2013 Maestro Duda, nasceu em 23 de dezembro de 1935 em Goiana \u2013 PE. Em 1950 come\u00e7ou a integrar a Jazz Band Acad\u00eamica e a Orquestra Paraguari. No mesmo per\u00edodo atuou na R\u00e1dio Jornal do Commercio do Recife. Em 1953, j\u00e1 era regente e arranjador da Orquestra Paraguari;\" data-image=\"\" data-button=\"none\">\n\t\t\t\t\t<img src=\"\/\/www.linksalpha.com\/images\/social_share_button.png\" alt=\"Share\" class=\"linksalpha_image\" \/>\n\t\t\t\t\t<\/a><script type=\"text\/javascript\" src=\"\/\/www.linksalpha.com\/scripts\/loader_iconbox.js?v=2.4\"><\/script><\/span><\/div>","protected":false},"author":1,"featured_media":0,"comment_status":"open","ping_status":"open","sticky":false,"template":"","format":"standard","meta":[],"categories":[129],"tags":[],"_links":{"self":[{"href":"http:\/\/www.blogdopilako.com.br\/wp\/wp-json\/wp\/v2\/posts\/71820"}],"collection":[{"href":"http:\/\/www.blogdopilako.com.br\/wp\/wp-json\/wp\/v2\/posts"}],"about":[{"href":"http:\/\/www.blogdopilako.com.br\/wp\/wp-json\/wp\/v2\/types\/post"}],"author":[{"embeddable":true,"href":"http:\/\/www.blogdopilako.com.br\/wp\/wp-json\/wp\/v2\/users\/1"}],"replies":[{"embeddable":true,"href":"http:\/\/www.blogdopilako.com.br\/wp\/wp-json\/wp\/v2\/comments?post=71820"}],"version-history":[{"count":1,"href":"http:\/\/www.blogdopilako.com.br\/wp\/wp-json\/wp\/v2\/posts\/71820\/revisions"}],"predecessor-version":[{"id":71822,"href":"http:\/\/www.blogdopilako.com.br\/wp\/wp-json\/wp\/v2\/posts\/71820\/revisions\/71822"}],"wp:attachment":[{"href":"http:\/\/www.blogdopilako.com.br\/wp\/wp-json\/wp\/v2\/media?parent=71820"}],"wp:term":[{"taxonomy":"category","embeddable":true,"href":"http:\/\/www.blogdopilako.com.br\/wp\/wp-json\/wp\/v2\/categories?post=71820"},{"taxonomy":"post_tag","embeddable":true,"href":"http:\/\/www.blogdopilako.com.br\/wp\/wp-json\/wp\/v2\/tags?post=71820"}],"curies":[{"name":"wp","href":"https:\/\/api.w.org\/{rel}","templated":true}]}}