{"id":69165,"date":"2014-12-11T15:08:44","date_gmt":"2014-12-11T18:08:44","guid":{"rendered":"http:\/\/www.blogdopilako.com.br\/wp\/?p=69165"},"modified":"2014-12-11T15:08:44","modified_gmt":"2014-12-11T18:08:44","slug":"confraternizacao-da-imprensa-romulo-e-sosigenes","status":"publish","type":"post","link":"http:\/\/www.blogdopilako.com.br\/wp\/2014\/12\/11\/confraternizacao-da-imprensa-romulo-e-sosigenes\/","title":{"rendered":"Confraterniza\u00e7\u00e3o da Imprensa: R\u00f4mulo e Sos\u00edgenes."},"content":{"rendered":"\n\t\t\t\t<div class=\"mr_social_sharing_wrapper\">\n\t\t\t\t<!-- Social Sharing Toolkit v2.2 --><span class=\"mr_social_sharing_top\"><span style=\"display: inline-block; width: 55px; height: 62px; overflow: hidden;\"><div class=\"fb-like\" data-href=\"http:\/\/www.blogdopilako.com.br\/wp\/2014\/12\/11\/confraternizacao-da-imprensa-romulo-e-sosigenes\/\" data-send=\"false\" data-layout=\"box_count\" data-width=\"55\" data-show-faces=\"false\"><\/div><\/span><\/span><span class=\"mr_social_sharing_top\"><fb:share-button type=\"box_count\" href=\"http:\/\/www.blogdopilako.com.br\/wp\/2014\/12\/11\/confraternizacao-da-imprensa-romulo-e-sosigenes\/\"><\/fb:share-button><\/span><span class=\"mr_social_sharing\"><a rel=\"nofollow\" class=\"linksalpha_button linksalpha_link\" href=\"\/\/www.linksalpha.com\/social\/mobile\" data-url=\"http:\/\/www.blogdopilako.com.br\/wp\/2014\/12\/11\/confraternizacao-da-imprensa-romulo-e-sosigenes\/\" data-text=\"Confraterniza\u00e7\u00e3o da Imprensa: R\u00f4mulo e Sos\u00edgenes.\" data-desc=\"Dando continuidade \u00e0s postagens com os v\u00eddeos gravados na confraterniza\u00e7\u00e3o da imprensa, ocorrida na \u00faltima sexta (05) no\u00a0Restaurante Varanda do Tadeu, destacaremos a participa\u00e7\u00e3o do diretor da MR DIVULGADORA, R\u00f4mulo de Deus,\u00a0 \u00a0quando o mesmo diz: \u201c este \u00e9 um momento m\u00e1gico\u201d. Veja o\" data-image=\"\" data-button=\"none\">\n\t\t\t\t\t<img src=\"\/\/www.linksalpha.com\/images\/social_share_button.png\" alt=\"Share\" class=\"linksalpha_image\" \/>\n\t\t\t\t\t<\/a><script type=\"text\/javascript\" src=\"\/\/www.linksalpha.com\/scripts\/loader_iconbox.js?v=2.4\"><\/script><\/span><\/div><p style=\"text-align: justify;\">Dando continuidade \u00e0s postagens com os v\u00eddeos gravados na confraterniza\u00e7\u00e3o da imprensa, ocorrida na \u00faltima sexta (05) no\u00a0<strong>Restaurante Varanda do Tadeu<\/strong>, destacaremos a participa\u00e7\u00e3o do diretor da MR DIVULGADORA, <strong>R\u00f4mulo de Deus<\/strong>,\u00a0 \u00a0quando o mesmo diz: \u201c este \u00e9 um momento m\u00e1gico\u201d. Veja o v\u00eddeo:<\/p>\n<p style=\"text-align: justify;\"><iframe loading=\"lazy\" src=\"\/\/www.youtube.com\/embed\/z9H0xHA8e-M\" width=\"600\" height=\"338\" frameborder=\"0\" allowfullscreen=\"allowfullscreen\"><\/iframe><\/p>\n<p style=\"text-align: justify;\">Neste outro v\u00eddeo destacamos a participa\u00e7\u00e3o do blogueiros,\u00a0<strong>Sos\u00edgenes Bittencourt<\/strong>, quando o mesmo \u00a0afirma: \u201c deveria ter mais participa\u00e7\u00e3o por parte das pessoas da \u00e1rea da comunica\u00e7\u00e3o\u201d. Veja o v\u00eddeo:<\/p>\n<p style=\"text-align: justify;\"><iframe loading=\"lazy\" src=\"\/\/www.youtube.com\/embed\/UKghknJtWSo\" width=\"600\" height=\"338\" frameborder=\"0\" allowfullscreen=\"allowfullscreen\"><\/iframe><\/p>\n\n\t\t\t\t<div class=\"mr_social_sharing_wrapper\">\n\t\t\t\t<!-- Social Sharing Toolkit v2.2 --><span class=\"mr_social_sharing_top\"><span style=\"display: inline-block; width: 55px; height: 62px; overflow: hidden;\"><div class=\"fb-like\" data-href=\"http:\/\/www.blogdopilako.com.br\/wp\/2014\/12\/11\/confraternizacao-da-imprensa-romulo-e-sosigenes\/\" data-send=\"false\" data-layout=\"box_count\" data-width=\"55\" data-show-faces=\"false\"><\/div><\/span><\/span><span class=\"mr_social_sharing_top\"><fb:share-button type=\"box_count\" href=\"http:\/\/www.blogdopilako.com.br\/wp\/2014\/12\/11\/confraternizacao-da-imprensa-romulo-e-sosigenes\/\"><\/fb:share-button><\/span><span class=\"mr_social_sharing\"><a rel=\"nofollow\" class=\"linksalpha_button linksalpha_link\" href=\"\/\/www.linksalpha.com\/social\/mobile\" data-url=\"http:\/\/www.blogdopilako.com.br\/wp\/2014\/12\/11\/confraternizacao-da-imprensa-romulo-e-sosigenes\/\" data-text=\"Confraterniza\u00e7\u00e3o da Imprensa: R\u00f4mulo e Sos\u00edgenes.\" data-desc=\"Dando continuidade \u00e0s postagens com os v\u00eddeos gravados na confraterniza\u00e7\u00e3o da imprensa, ocorrida na \u00faltima sexta (05) no\u00a0Restaurante Varanda do Tadeu, destacaremos a participa\u00e7\u00e3o do diretor da MR DIVULGADORA, R\u00f4mulo de Deus,\u00a0 \u00a0quando o mesmo diz: \u201c este \u00e9 um momento m\u00e1gico\u201d. Veja o\" data-image=\"\" data-button=\"none\">\n\t\t\t\t\t<img src=\"\/\/www.linksalpha.com\/images\/social_share_button.png\" alt=\"Share\" class=\"linksalpha_image\" \/>\n\t\t\t\t\t<\/a><script type=\"text\/javascript\" src=\"\/\/www.linksalpha.com\/scripts\/loader_iconbox.js?v=2.4\"><\/script><\/span><\/div>","protected":false},"excerpt":{"rendered":"\n\t\t\t\t<div class=\"mr_social_sharing_wrapper\">\n\t\t\t\t<!-- Social Sharing Toolkit v2.2 --><span class=\"mr_social_sharing_top\"><span style=\"display: inline-block; width: 55px; height: 62px; overflow: hidden;\"><div class=\"fb-like\" data-href=\"http:\/\/www.blogdopilako.com.br\/wp\/2014\/12\/11\/confraternizacao-da-imprensa-romulo-e-sosigenes\/\" data-send=\"false\" data-layout=\"box_count\" data-width=\"55\" data-show-faces=\"false\"><\/div><\/span><\/span><span class=\"mr_social_sharing_top\"><fb:share-button type=\"box_count\" href=\"http:\/\/www.blogdopilako.com.br\/wp\/2014\/12\/11\/confraternizacao-da-imprensa-romulo-e-sosigenes\/\"><\/fb:share-button><\/span><span class=\"mr_social_sharing\"><a rel=\"nofollow\" class=\"linksalpha_button linksalpha_link\" href=\"\/\/www.linksalpha.com\/social\/mobile\" data-url=\"http:\/\/www.blogdopilako.com.br\/wp\/2014\/12\/11\/confraternizacao-da-imprensa-romulo-e-sosigenes\/\" data-text=\"Confraterniza\u00e7\u00e3o da Imprensa: R\u00f4mulo e Sos\u00edgenes.\" data-desc=\"Dando continuidade \u00e0s postagens com os v\u00eddeos gravados na confraterniza\u00e7\u00e3o da imprensa, ocorrida na \u00faltima sexta (05) no\u00a0Restaurante Varanda do Tadeu, destacaremos a participa\u00e7\u00e3o do diretor da MR DIVULGADORA, R\u00f4mulo de Deus,\u00a0 \u00a0quando o mesmo diz: \u201c este \u00e9 um momento m\u00e1gico\u201d. Veja o\" data-image=\"\" data-button=\"none\">\n\t\t\t\t\t<img src=\"\/\/www.linksalpha.com\/images\/social_share_button.png\" alt=\"Share\" class=\"linksalpha_image\" \/>\n\t\t\t\t\t<\/a><script type=\"text\/javascript\" src=\"\/\/www.linksalpha.com\/scripts\/loader_iconbox.js?v=2.4\"><\/script><\/span><\/div><p>Dando continuidade \u00e0s postagens com os v\u00eddeos gravados na confraterniza\u00e7\u00e3o da imprensa, ocorrida na \u00faltima sexta (05) no\u00a0Restaurante Varanda do Tadeu, destacaremos a participa\u00e7\u00e3o do diretor da MR DIVULGADORA, R\u00f4mulo de Deus,\u00a0 \u00a0quando o mesmo diz: \u201c este \u00e9 um &hellip; <a href=\"http:\/\/www.blogdopilako.com.br\/wp\/2014\/12\/11\/confraternizacao-da-imprensa-romulo-e-sosigenes\/\">Continue lendo <span class=\"meta-nav\">&rarr;<\/span><\/a><\/p>\n\n\t\t\t\t<div class=\"mr_social_sharing_wrapper\">\n\t\t\t\t<!-- Social Sharing Toolkit v2.2 --><span class=\"mr_social_sharing_top\"><span style=\"display: inline-block; width: 55px; height: 62px; overflow: hidden;\"><div class=\"fb-like\" data-href=\"http:\/\/www.blogdopilako.com.br\/wp\/2014\/12\/11\/confraternizacao-da-imprensa-romulo-e-sosigenes\/\" data-send=\"false\" data-layout=\"box_count\" data-width=\"55\" data-show-faces=\"false\"><\/div><\/span><\/span><span class=\"mr_social_sharing_top\"><fb:share-button type=\"box_count\" href=\"http:\/\/www.blogdopilako.com.br\/wp\/2014\/12\/11\/confraternizacao-da-imprensa-romulo-e-sosigenes\/\"><\/fb:share-button><\/span><span class=\"mr_social_sharing\"><a rel=\"nofollow\" class=\"linksalpha_button linksalpha_link\" href=\"\/\/www.linksalpha.com\/social\/mobile\" data-url=\"http:\/\/www.blogdopilako.com.br\/wp\/2014\/12\/11\/confraternizacao-da-imprensa-romulo-e-sosigenes\/\" data-text=\"Confraterniza\u00e7\u00e3o da Imprensa: R\u00f4mulo e Sos\u00edgenes.\" data-desc=\"Dando continuidade \u00e0s postagens com os v\u00eddeos gravados na confraterniza\u00e7\u00e3o da imprensa, ocorrida na \u00faltima sexta (05) no\u00a0Restaurante Varanda do Tadeu, destacaremos a participa\u00e7\u00e3o do diretor da MR DIVULGADORA, R\u00f4mulo de Deus,\u00a0 \u00a0quando o mesmo diz: \u201c este \u00e9 um momento m\u00e1gico\u201d. Veja o\" data-image=\"\" data-button=\"none\">\n\t\t\t\t\t<img src=\"\/\/www.linksalpha.com\/images\/social_share_button.png\" alt=\"Share\" class=\"linksalpha_image\" \/>\n\t\t\t\t\t<\/a><script type=\"text\/javascript\" src=\"\/\/www.linksalpha.com\/scripts\/loader_iconbox.js?v=2.4\"><\/script><\/span><\/div>","protected":false},"author":4,"featured_media":0,"comment_status":"open","ping_status":"open","sticky":false,"template":"","format":"standard","meta":[],"categories":[22],"tags":[],"_links":{"self":[{"href":"http:\/\/www.blogdopilako.com.br\/wp\/wp-json\/wp\/v2\/posts\/69165"}],"collection":[{"href":"http:\/\/www.blogdopilako.com.br\/wp\/wp-json\/wp\/v2\/posts"}],"about":[{"href":"http:\/\/www.blogdopilako.com.br\/wp\/wp-json\/wp\/v2\/types\/post"}],"author":[{"embeddable":true,"href":"http:\/\/www.blogdopilako.com.br\/wp\/wp-json\/wp\/v2\/users\/4"}],"replies":[{"embeddable":true,"href":"http:\/\/www.blogdopilako.com.br\/wp\/wp-json\/wp\/v2\/comments?post=69165"}],"version-history":[{"count":3,"href":"http:\/\/www.blogdopilako.com.br\/wp\/wp-json\/wp\/v2\/posts\/69165\/revisions"}],"predecessor-version":[{"id":69192,"href":"http:\/\/www.blogdopilako.com.br\/wp\/wp-json\/wp\/v2\/posts\/69165\/revisions\/69192"}],"wp:attachment":[{"href":"http:\/\/www.blogdopilako.com.br\/wp\/wp-json\/wp\/v2\/media?parent=69165"}],"wp:term":[{"taxonomy":"category","embeddable":true,"href":"http:\/\/www.blogdopilako.com.br\/wp\/wp-json\/wp\/v2\/categories?post=69165"},{"taxonomy":"post_tag","embeddable":true,"href":"http:\/\/www.blogdopilako.com.br\/wp\/wp-json\/wp\/v2\/tags?post=69165"}],"curies":[{"name":"wp","href":"https:\/\/api.w.org\/{rel}","templated":true}]}}