{"id":6861,"date":"2011-10-12T08:10:24","date_gmt":"2011-10-12T11:10:24","guid":{"rendered":"http:\/\/www.blogdopilako.com.br\/wp\/?p=6861"},"modified":"2011-10-12T11:33:36","modified_gmt":"2011-10-12T14:33:36","slug":"feliz-dia-das-criancas","status":"publish","type":"post","link":"http:\/\/www.blogdopilako.com.br\/wp\/2011\/10\/12\/feliz-dia-das-criancas\/","title":{"rendered":"Feliz Dia das Crian\u00e7as"},"content":{"rendered":"\n\t\t\t\t<div class=\"mr_social_sharing_wrapper\">\n\t\t\t\t<!-- Social Sharing Toolkit v2.2 --><span class=\"mr_social_sharing_top\"><span style=\"display: inline-block; width: 55px; height: 62px; overflow: hidden;\"><div class=\"fb-like\" data-href=\"http:\/\/www.blogdopilako.com.br\/wp\/2011\/10\/12\/feliz-dia-das-criancas\/\" data-send=\"false\" data-layout=\"box_count\" data-width=\"55\" data-show-faces=\"false\"><\/div><\/span><\/span><span class=\"mr_social_sharing_top\"><fb:share-button type=\"box_count\" href=\"http:\/\/www.blogdopilako.com.br\/wp\/2011\/10\/12\/feliz-dia-das-criancas\/\"><\/fb:share-button><\/span><span class=\"mr_social_sharing\"><a rel=\"nofollow\" class=\"linksalpha_button linksalpha_link\" href=\"\/\/www.linksalpha.com\/social\/mobile\" data-url=\"http:\/\/www.blogdopilako.com.br\/wp\/2011\/10\/12\/feliz-dia-das-criancas\/\" data-text=\"Feliz Dia das Crian\u00e7as\" data-desc=\"Em comemora\u00e7\u00e3o ao dia da Crian\u00e7a, o Blog do Pilako reuniu, a medida do que foi possivel, fotos de vitorienses quando crian\u00e7a. Voc\u00ea conhece algum deles? Comente! \u00a0\" data-image=\"http:\/\/www.blogdopilako.com.br\/wp\/wp-content\/uploads\/especia_criancas1.jpg\" data-button=\"none\">\n\t\t\t\t\t<img src=\"\/\/www.linksalpha.com\/images\/social_share_button.png\" alt=\"Share\" class=\"linksalpha_image\" \/>\n\t\t\t\t\t<\/a><script type=\"text\/javascript\" src=\"\/\/www.linksalpha.com\/scripts\/loader_iconbox.js?v=2.4\"><\/script><\/span><\/div><p style=\"text-align: justify;\">Em comemora\u00e7\u00e3o ao dia da Crian\u00e7a, o Blog do Pilako reuniu, a medida do que foi possivel, fotos de vitorienses quando crian\u00e7a. Voc\u00ea conhece algum deles? <strong>Comente!<\/strong><\/p>\n<p style=\"text-align: justify;\"><strong><a href=\"http:\/\/www.blogdopilako.com.br\/wp\/wp-content\/uploads\/especia_criancas1.jpg\"><img loading=\"lazy\" class=\"aligncenter size-full wp-image-6874\" title=\"especia_criancas1\" src=\"http:\/\/www.blogdopilako.com.br\/wp\/wp-content\/uploads\/especia_criancas1.jpg\" alt=\"\" width=\"639\" height=\"4563\" \/><\/a><br \/>\n<\/strong><\/p>\n<p>&nbsp;<\/p>\n\n\t\t\t\t<div class=\"mr_social_sharing_wrapper\">\n\t\t\t\t<!-- Social Sharing Toolkit v2.2 --><span class=\"mr_social_sharing_top\"><span style=\"display: inline-block; width: 55px; height: 62px; overflow: hidden;\"><div class=\"fb-like\" data-href=\"http:\/\/www.blogdopilako.com.br\/wp\/2011\/10\/12\/feliz-dia-das-criancas\/\" data-send=\"false\" data-layout=\"box_count\" data-width=\"55\" data-show-faces=\"false\"><\/div><\/span><\/span><span class=\"mr_social_sharing_top\"><fb:share-button type=\"box_count\" href=\"http:\/\/www.blogdopilako.com.br\/wp\/2011\/10\/12\/feliz-dia-das-criancas\/\"><\/fb:share-button><\/span><span class=\"mr_social_sharing\"><a rel=\"nofollow\" class=\"linksalpha_button linksalpha_link\" href=\"\/\/www.linksalpha.com\/social\/mobile\" data-url=\"http:\/\/www.blogdopilako.com.br\/wp\/2011\/10\/12\/feliz-dia-das-criancas\/\" data-text=\"Feliz Dia das Crian\u00e7as\" data-desc=\"Em comemora\u00e7\u00e3o ao dia da Crian\u00e7a, o Blog do Pilako reuniu, a medida do que foi possivel, fotos de vitorienses quando crian\u00e7a. Voc\u00ea conhece algum deles? Comente! \u00a0\" data-image=\"http:\/\/www.blogdopilako.com.br\/wp\/wp-content\/uploads\/especia_criancas1.jpg\" data-button=\"none\">\n\t\t\t\t\t<img src=\"\/\/www.linksalpha.com\/images\/social_share_button.png\" alt=\"Share\" class=\"linksalpha_image\" \/>\n\t\t\t\t\t<\/a><script type=\"text\/javascript\" src=\"\/\/www.linksalpha.com\/scripts\/loader_iconbox.js?v=2.4\"><\/script><\/span><\/div>","protected":false},"excerpt":{"rendered":"\n\t\t\t\t<div class=\"mr_social_sharing_wrapper\">\n\t\t\t\t<!-- Social Sharing Toolkit v2.2 --><span class=\"mr_social_sharing_top\"><span style=\"display: inline-block; width: 55px; height: 62px; overflow: hidden;\"><div class=\"fb-like\" data-href=\"http:\/\/www.blogdopilako.com.br\/wp\/2011\/10\/12\/feliz-dia-das-criancas\/\" data-send=\"false\" data-layout=\"box_count\" data-width=\"55\" data-show-faces=\"false\"><\/div><\/span><\/span><span class=\"mr_social_sharing_top\"><fb:share-button type=\"box_count\" href=\"http:\/\/www.blogdopilako.com.br\/wp\/2011\/10\/12\/feliz-dia-das-criancas\/\"><\/fb:share-button><\/span><span class=\"mr_social_sharing\"><a rel=\"nofollow\" class=\"linksalpha_button linksalpha_link\" href=\"\/\/www.linksalpha.com\/social\/mobile\" data-url=\"http:\/\/www.blogdopilako.com.br\/wp\/2011\/10\/12\/feliz-dia-das-criancas\/\" data-text=\"Feliz Dia das Crian\u00e7as\" data-desc=\"Em comemora\u00e7\u00e3o ao dia da Crian\u00e7a, o Blog do Pilako reuniu, a medida do que foi possivel, fotos de vitorienses quando crian\u00e7a. Voc\u00ea conhece algum deles? Comente! \u00a0\" data-image=\"\" data-button=\"none\">\n\t\t\t\t\t<img src=\"\/\/www.linksalpha.com\/images\/social_share_button.png\" alt=\"Share\" class=\"linksalpha_image\" \/>\n\t\t\t\t\t<\/a><script type=\"text\/javascript\" src=\"\/\/www.linksalpha.com\/scripts\/loader_iconbox.js?v=2.4\"><\/script><\/span><\/div><p>Em comemora\u00e7\u00e3o ao dia da Crian\u00e7a, o Blog do Pilako reuniu, a medida do que foi possivel, fotos de vitorienses quando crian\u00e7a. Voc\u00ea conhece algum deles? Comente! &nbsp;<\/p>\n\n\t\t\t\t<div class=\"mr_social_sharing_wrapper\">\n\t\t\t\t<!-- Social Sharing Toolkit v2.2 --><span class=\"mr_social_sharing_top\"><span style=\"display: inline-block; width: 55px; height: 62px; overflow: hidden;\"><div class=\"fb-like\" data-href=\"http:\/\/www.blogdopilako.com.br\/wp\/2011\/10\/12\/feliz-dia-das-criancas\/\" data-send=\"false\" data-layout=\"box_count\" data-width=\"55\" data-show-faces=\"false\"><\/div><\/span><\/span><span class=\"mr_social_sharing_top\"><fb:share-button type=\"box_count\" href=\"http:\/\/www.blogdopilako.com.br\/wp\/2011\/10\/12\/feliz-dia-das-criancas\/\"><\/fb:share-button><\/span><span class=\"mr_social_sharing\"><a rel=\"nofollow\" class=\"linksalpha_button linksalpha_link\" href=\"\/\/www.linksalpha.com\/social\/mobile\" data-url=\"http:\/\/www.blogdopilako.com.br\/wp\/2011\/10\/12\/feliz-dia-das-criancas\/\" data-text=\"Feliz Dia das Crian\u00e7as\" data-desc=\"Em comemora\u00e7\u00e3o ao dia da Crian\u00e7a, o Blog do Pilako reuniu, a medida do que foi possivel, fotos de vitorienses quando crian\u00e7a. Voc\u00ea conhece algum deles? Comente! \u00a0\" data-image=\"\" data-button=\"none\">\n\t\t\t\t\t<img src=\"\/\/www.linksalpha.com\/images\/social_share_button.png\" alt=\"Share\" class=\"linksalpha_image\" \/>\n\t\t\t\t\t<\/a><script type=\"text\/javascript\" src=\"\/\/www.linksalpha.com\/scripts\/loader_iconbox.js?v=2.4\"><\/script><\/span><\/div>","protected":false},"author":4,"featured_media":0,"comment_status":"open","ping_status":"open","sticky":false,"template":"","format":"standard","meta":[],"categories":[22],"tags":[],"_links":{"self":[{"href":"http:\/\/www.blogdopilako.com.br\/wp\/wp-json\/wp\/v2\/posts\/6861"}],"collection":[{"href":"http:\/\/www.blogdopilako.com.br\/wp\/wp-json\/wp\/v2\/posts"}],"about":[{"href":"http:\/\/www.blogdopilako.com.br\/wp\/wp-json\/wp\/v2\/types\/post"}],"author":[{"embeddable":true,"href":"http:\/\/www.blogdopilako.com.br\/wp\/wp-json\/wp\/v2\/users\/4"}],"replies":[{"embeddable":true,"href":"http:\/\/www.blogdopilako.com.br\/wp\/wp-json\/wp\/v2\/comments?post=6861"}],"version-history":[{"count":4,"href":"http:\/\/www.blogdopilako.com.br\/wp\/wp-json\/wp\/v2\/posts\/6861\/revisions"}],"predecessor-version":[{"id":6873,"href":"http:\/\/www.blogdopilako.com.br\/wp\/wp-json\/wp\/v2\/posts\/6861\/revisions\/6873"}],"wp:attachment":[{"href":"http:\/\/www.blogdopilako.com.br\/wp\/wp-json\/wp\/v2\/media?parent=6861"}],"wp:term":[{"taxonomy":"category","embeddable":true,"href":"http:\/\/www.blogdopilako.com.br\/wp\/wp-json\/wp\/v2\/categories?post=6861"},{"taxonomy":"post_tag","embeddable":true,"href":"http:\/\/www.blogdopilako.com.br\/wp\/wp-json\/wp\/v2\/tags?post=6861"}],"curies":[{"name":"wp","href":"https:\/\/api.w.org\/{rel}","templated":true}]}}