{"id":68310,"date":"2014-11-24T15:32:58","date_gmt":"2014-11-24T18:32:58","guid":{"rendered":"http:\/\/www.blogdopilako.com.br\/wp\/?p=68310"},"modified":"2014-11-24T15:41:05","modified_gmt":"2014-11-24T18:41:05","slug":"alunos-do-cavvitoria-realizam-manifestacao-cobrando-seguranca-no-entorno-do-predio-da-universidade","status":"publish","type":"post","link":"http:\/\/www.blogdopilako.com.br\/wp\/2014\/11\/24\/alunos-do-cavvitoria-realizam-manifestacao-cobrando-seguranca-no-entorno-do-predio-da-universidade\/","title":{"rendered":"Alunos do CAV\/Vit\u00f3ria realizaram manifesta\u00e7\u00e3o cobrando seguran\u00e7a no entorno do pr\u00e9dio da Universidade."},"content":{"rendered":"\n\t\t\t\t<div class=\"mr_social_sharing_wrapper\">\n\t\t\t\t<!-- Social Sharing Toolkit v2.2 --><span class=\"mr_social_sharing_top\"><span style=\"display: inline-block; width: 55px; height: 62px; overflow: hidden;\"><div class=\"fb-like\" data-href=\"http:\/\/www.blogdopilako.com.br\/wp\/2014\/11\/24\/alunos-do-cavvitoria-realizam-manifestacao-cobrando-seguranca-no-entorno-do-predio-da-universidade\/\" data-send=\"false\" data-layout=\"box_count\" data-width=\"55\" data-show-faces=\"false\"><\/div><\/span><\/span><span class=\"mr_social_sharing_top\"><fb:share-button type=\"box_count\" href=\"http:\/\/www.blogdopilako.com.br\/wp\/2014\/11\/24\/alunos-do-cavvitoria-realizam-manifestacao-cobrando-seguranca-no-entorno-do-predio-da-universidade\/\"><\/fb:share-button><\/span><span class=\"mr_social_sharing\"><a rel=\"nofollow\" class=\"linksalpha_button linksalpha_link\" href=\"\/\/www.linksalpha.com\/social\/mobile\" data-url=\"http:\/\/www.blogdopilako.com.br\/wp\/2014\/11\/24\/alunos-do-cavvitoria-realizam-manifestacao-cobrando-seguranca-no-entorno-do-predio-da-universidade\/\" data-text=\"Alunos do CAV\/Vit\u00f3ria realizaram manifesta\u00e7\u00e3o cobrando seguran\u00e7a no entorno do pr\u00e9dio da Universidade.\" data-desc=\"Ap\u00f3s ter tomado ci\u00eancia atrav\u00e9s de uma mensagem via Facebook, no final da manh\u00e3 da sexta (21), recebi um telefonema de um estudante da Universidade Federal, daqui da Vit\u00f3ria, refor\u00e7ando o convite para participar da manifesta\u00e7\u00e3o promovida pelos alunos, ocorrida no in\u00edcio da tarde do mesmo\" data-image=\"http:\/\/www.blogdopilako.com.br\/wp\/wp-content\/uploads\/10309133_724370854317802_2281495056447265203_n.jpg\" data-button=\"none\">\n\t\t\t\t\t<img src=\"\/\/www.linksalpha.com\/images\/social_share_button.png\" alt=\"Share\" class=\"linksalpha_image\" \/>\n\t\t\t\t\t<\/a><script type=\"text\/javascript\" src=\"\/\/www.linksalpha.com\/scripts\/loader_iconbox.js?v=2.4\"><\/script><\/span><\/div><p style=\"text-align: justify;\"><a href=\"http:\/\/www.blogdopilako.com.br\/wp\/wp-content\/uploads\/10309133_724370854317802_2281495056447265203_n.jpg\"><img loading=\"lazy\" class=\"aligncenter size-full wp-image-68318\" src=\"http:\/\/www.blogdopilako.com.br\/wp\/wp-content\/uploads\/10309133_724370854317802_2281495056447265203_n.jpg\" alt=\"10309133_724370854317802_2281495056447265203_n\" width=\"550\" height=\"412\" \/><\/a><\/p>\n<p style=\"text-align: justify;\">Ap\u00f3s ter tomado ci\u00eancia atrav\u00e9s de uma mensagem via Facebook, no final da manh\u00e3 da sexta (21), recebi um telefonema de um estudante da Universidade Federal, daqui da Vit\u00f3ria, refor\u00e7ando o convite para participar da manifesta\u00e7\u00e3o promovida pelos alunos, ocorrida no in\u00edcio da tarde do mesmo dia, onde os mesmos protestaram contra a inseguran\u00e7a no entorno do pr\u00e9dio da Universidade. Antecipadamente, agrade\u00e7o a aten\u00e7\u00e3o pelo convite e ao mesmo tempo pe\u00e7o desculpas por n\u00e3o ter participado, pois j\u00e1 havia assumido outros compromissos no mesmo hor\u00e1rio.<\/p>\n<p style=\"text-align: justify;\">Pois bem, as informa\u00e7\u00f5es que nos chega \u00e9 que existe uma quadrilha atuando na \u00e1rea que vem aterrorizando os funcion\u00e1rios, professores e alunos do Centro Acad\u00eamico. S\u00f3 em um dia, segundo informa\u00e7\u00f5es dispon\u00edveis nas redes sociais, foram mais de uma d\u00fazia de assaltos.<\/p>\n<p style=\"text-align: justify;\">Os alunos sa\u00edram em passeata pelas principais ruas da cidade fazendo muito barulho para chamar a aten\u00e7\u00e3o da sociedade para o problema da inseguran\u00e7a. Por algum tempo, segundo informa\u00e7\u00f5es \u2013 cerca de 30 minutos \u2013 fecharam o tr\u00e1fego de ve\u00edculos na movimentada Avenida Henrique de Holanda, na altura da subida do Reservat\u00f3rio.<\/p>\n<p style=\"text-align: justify;\"><a href=\"http:\/\/www.blogdopilako.com.br\/wp\/wp-content\/uploads\/224920_724371237651097_3168061078064248067_n.jpg\"><img loading=\"lazy\" class=\"aligncenter size-full wp-image-68313\" src=\"http:\/\/www.blogdopilako.com.br\/wp\/wp-content\/uploads\/224920_724371237651097_3168061078064248067_n.jpg\" alt=\"224920_724371237651097_3168061078064248067_n\" width=\"550\" height=\"412\" \/><\/a><\/p>\n<p style=\"text-align: justify;\">Todos n\u00f3s sabemos o peso que tem uma manifesta\u00e7\u00e3o de rua, sobretudo quando os participantes n\u00e3o est\u00e3o sendo financiados por partidos pol\u00edticos ou por quem quer que seja. \u00a0As autoridades, normalmente, s\u00e3o mais \u00e1geis quando este tipo de cobran\u00e7a acontece. De parab\u00e9ns est\u00e3o os alunos do CAV por se organizarem para cobrar atitude das autoridades locais.<\/p>\n<p style=\"text-align: justify;\">Gostaria de fazer um coment\u00e1rio, real\u00e7ando duas mat\u00e9rias que fiz l\u00e1 no m\u00eas de <strong>abril de 2012<\/strong>, que \u00a0tem, de certa forma, uma liga\u00e7\u00e3o com o movimento reivindicat\u00f3rio, ocorrido na tarde da sexta.<\/p>\n<p style=\"text-align: justify;\"><strong>Primeiro:<\/strong> no dia 19 de abril de 2012, fiz uma mat\u00e9ria, cujo t\u00edtulo foi: <a href=\"http:\/\/www.blogdopilako.com.br\/wp\/2012\/04\/19\/santo-antao-esta-fazendo-a-sua-parte\/\" target=\"_blank\">Santo Ant\u00e3o est\u00e1 fazendo a parte dele,<\/a> que falava, entre outras coisas, da falta de infraestrutura enfrentada pelos alunos para chegar ao Centro Acad\u00eamico. (<a href=\"http:\/\/www.blogdopilako.com.br\/wp\/2012\/04\/19\/santo-antao-esta-fazendo-a-sua-parte\/\" target=\"_blank\">veja a mat\u00e9ria aqui<\/a>).<\/p>\n<p style=\"text-align: justify;\"><strong>Segundo:<\/strong> j\u00e1 no dia 23 de abril, do mesmo ano, confeccionei uma mat\u00e9ria que teve como t\u00edtulo a seguinte frase:<a href=\"http:\/\/www.blogdopilako.com.br\/wp\/2012\/04\/23\/depois-desse-movimento-vitoria-nunca-mais-sera-a-mesma\/\" target=\"_blank\"> Depois deste movimento, Vit\u00f3ria nunca mais ser\u00e1 a mesma.<\/a> Nesta ocasi\u00e3o, fiz refer\u00eancia para o engajamento pol\u00edtico de alguns \u00a0jovens esclarecidos da cidade que, naquele momento, pelo menos para mim, haviam assumido um papel de protagonismo na cidade. (<a href=\"http:\/\/www.blogdopilako.com.br\/wp\/2012\/04\/23\/depois-desse-movimento-vitoria-nunca-mais-sera-a-mesma\/\" target=\"_blank\">veja est\u00e1 mat\u00e9ria aqui<\/a>).<\/p>\n<p style=\"text-align: justify;\">Portanto, quero me solidarizar, neste momento, com os funcion\u00e1rios, professores e alunos do CAV\/Vit\u00f3ria e dizer que estamos a disposi\u00e7\u00e3o, na qualidade de \u00f3rg\u00e3o de difus\u00e3o de noticias, para ajudar no que for necess\u00e1rio nesta quest\u00e3o.<\/p>\n\n\t\t<style type=\"text\/css\">\n\t\t\t#gallery-1 {\n\t\t\t\tmargin: auto;\n\t\t\t}\n\t\t\t#gallery-1 .gallery-item {\n\t\t\t\tfloat: left;\n\t\t\t\tmargin-top: 10px;\n\t\t\t\ttext-align: center;\n\t\t\t\twidth: 25%;\n\t\t\t}\n\t\t\t#gallery-1 img {\n\t\t\t\tborder: 2px solid #cfcfcf;\n\t\t\t}\n\t\t\t#gallery-1 .gallery-caption {\n\t\t\t\tmargin-left: 0;\n\t\t\t}\n\t\t\t\/* see gallery_shortcode() in wp-includes\/media.php *\/\n\t\t<\/style>\n\t\t<div id='gallery-1' class='gallery galleryid-68310 gallery-columns-4 gallery-size-thumbnail'><dl class='gallery-item'>\n\t\t\t<dt class='gallery-icon '>\n\t\t\t\t<a href='http:\/\/www.blogdopilako.com.br\/wp\/wp-content\/uploads\/10698648_724371324317755_1599080136743775209_n.jpg'>10698648_724371324317755_1599080136743775209_n<\/a>\n\t\t\t<\/dt><\/dl><dl class='gallery-item'>\n\t\t\t<dt class='gallery-icon '>\n\t\t\t\t<a href='http:\/\/www.blogdopilako.com.br\/wp\/wp-content\/uploads\/10407192_724371287651092_1133672343150367572_n.jpg'>10407192_724371287651092_1133672343150367572_n<\/a>\n\t\t\t<\/dt><\/dl><dl class='gallery-item'>\n\t\t\t<dt class='gallery-icon '>\n\t\t\t\t<a href='http:\/\/www.blogdopilako.com.br\/wp\/wp-content\/uploads\/10309133_724370854317802_2281495056447265203_n.jpg'>10309133_724370854317802_2281495056447265203_n<\/a>\n\t\t\t<\/dt><\/dl><dl class='gallery-item'>\n\t\t\t<dt class='gallery-icon '>\n\t\t\t\t<a href='http:\/\/www.blogdopilako.com.br\/wp\/wp-content\/uploads\/10409111_724371084317779_2031038830726291054_n.jpg'>10409111_724371084317779_2031038830726291054_n<\/a>\n\t\t\t<\/dt><\/dl><br style=\"clear: both\" \/><dl class='gallery-item'>\n\t\t\t<dt class='gallery-icon '>\n\t\t\t\t<a href='http:\/\/www.blogdopilako.com.br\/wp\/wp-content\/uploads\/1978807_724371367651084_7948863609663504008_n.jpg'>1978807_724371367651084_7948863609663504008_n<\/a>\n\t\t\t<\/dt><\/dl><dl class='gallery-item'>\n\t\t\t<dt class='gallery-icon '>\n\t\t\t\t<a href='http:\/\/www.blogdopilako.com.br\/wp\/wp-content\/uploads\/10150663_724371027651118_8699709830551160724_n.jpg'>10150663_724371027651118_8699709830551160724_n<\/a>\n\t\t\t<\/dt><\/dl><dl class='gallery-item'>\n\t\t\t<dt class='gallery-icon '>\n\t\t\t\t<a href='http:\/\/www.blogdopilako.com.br\/wp\/wp-content\/uploads\/10404138_724371544317733_2736105720009046416_n.jpg'>10404138_724371544317733_2736105720009046416_n<\/a>\n\t\t\t<\/dt><\/dl><dl class='gallery-item'>\n\t\t\t<dt class='gallery-icon '>\n\t\t\t\t<a href='http:\/\/www.blogdopilako.com.br\/wp\/wp-content\/uploads\/1898180_724371407651080_7846336789456929196_n.jpg'>1898180_724371407651080_7846336789456929196_n<\/a>\n\t\t\t<\/dt><\/dl><br style=\"clear: both\" \/><dl class='gallery-item'>\n\t\t\t<dt class='gallery-icon '>\n\t\t\t\t<a href='http:\/\/www.blogdopilako.com.br\/wp\/wp-content\/uploads\/1601513_724371460984408_3729752030711855647_n.jpg'>1601513_724371460984408_3729752030711855647_n<\/a>\n\t\t\t<\/dt><\/dl><dl class='gallery-item'>\n\t\t\t<dt class='gallery-icon '>\n\t\t\t\t<a href='http:\/\/www.blogdopilako.com.br\/wp\/wp-content\/uploads\/224920_724371237651097_3168061078064248067_n.jpg'>224920_724371237651097_3168061078064248067_n<\/a>\n\t\t\t<\/dt><\/dl><dl class='gallery-item'>\n\t\t\t<dt class='gallery-icon '>\n\t\t\t\t<a href='http:\/\/www.blogdopilako.com.br\/wp\/wp-content\/uploads\/10429290_724371510984403_7163359507433353450_n.jpg'>10429290_724371510984403_7163359507433353450_n<\/a>\n\t\t\t<\/dt><\/dl>\n\t\t\t<br style='clear: both' \/>\n\t\t<\/div>\n\n<p><strong>Fotos: Reprodu\u00e7\u00e3o\/Facebook pessoal de Arthur de Andrade.<\/strong><\/p>\n\n\t\t\t\t<div class=\"mr_social_sharing_wrapper\">\n\t\t\t\t<!-- Social Sharing Toolkit v2.2 --><span class=\"mr_social_sharing_top\"><span style=\"display: inline-block; width: 55px; height: 62px; overflow: hidden;\"><div class=\"fb-like\" data-href=\"http:\/\/www.blogdopilako.com.br\/wp\/2014\/11\/24\/alunos-do-cavvitoria-realizam-manifestacao-cobrando-seguranca-no-entorno-do-predio-da-universidade\/\" data-send=\"false\" data-layout=\"box_count\" data-width=\"55\" data-show-faces=\"false\"><\/div><\/span><\/span><span class=\"mr_social_sharing_top\"><fb:share-button type=\"box_count\" href=\"http:\/\/www.blogdopilako.com.br\/wp\/2014\/11\/24\/alunos-do-cavvitoria-realizam-manifestacao-cobrando-seguranca-no-entorno-do-predio-da-universidade\/\"><\/fb:share-button><\/span><span class=\"mr_social_sharing\"><a rel=\"nofollow\" class=\"linksalpha_button linksalpha_link\" href=\"\/\/www.linksalpha.com\/social\/mobile\" data-url=\"http:\/\/www.blogdopilako.com.br\/wp\/2014\/11\/24\/alunos-do-cavvitoria-realizam-manifestacao-cobrando-seguranca-no-entorno-do-predio-da-universidade\/\" data-text=\"Alunos do CAV\/Vit\u00f3ria realizaram manifesta\u00e7\u00e3o cobrando seguran\u00e7a no entorno do pr\u00e9dio da Universidade.\" data-desc=\"Ap\u00f3s ter tomado ci\u00eancia atrav\u00e9s de uma mensagem via Facebook, no final da manh\u00e3 da sexta (21), recebi um telefonema de um estudante da Universidade Federal, daqui da Vit\u00f3ria, refor\u00e7ando o convite para participar da manifesta\u00e7\u00e3o promovida pelos alunos, ocorrida no in\u00edcio da tarde do mesmo\" data-image=\"http:\/\/www.blogdopilako.com.br\/wp\/wp-content\/uploads\/10309133_724370854317802_2281495056447265203_n.jpg\" data-button=\"none\">\n\t\t\t\t\t<img src=\"\/\/www.linksalpha.com\/images\/social_share_button.png\" alt=\"Share\" class=\"linksalpha_image\" \/>\n\t\t\t\t\t<\/a><script type=\"text\/javascript\" src=\"\/\/www.linksalpha.com\/scripts\/loader_iconbox.js?v=2.4\"><\/script><\/span><\/div>","protected":false},"excerpt":{"rendered":"\n\t\t\t\t<div class=\"mr_social_sharing_wrapper\">\n\t\t\t\t<!-- Social Sharing Toolkit v2.2 --><span class=\"mr_social_sharing_top\"><span style=\"display: inline-block; width: 55px; height: 62px; overflow: hidden;\"><div class=\"fb-like\" data-href=\"http:\/\/www.blogdopilako.com.br\/wp\/2014\/11\/24\/alunos-do-cavvitoria-realizam-manifestacao-cobrando-seguranca-no-entorno-do-predio-da-universidade\/\" data-send=\"false\" data-layout=\"box_count\" data-width=\"55\" data-show-faces=\"false\"><\/div><\/span><\/span><span class=\"mr_social_sharing_top\"><fb:share-button type=\"box_count\" href=\"http:\/\/www.blogdopilako.com.br\/wp\/2014\/11\/24\/alunos-do-cavvitoria-realizam-manifestacao-cobrando-seguranca-no-entorno-do-predio-da-universidade\/\"><\/fb:share-button><\/span><span class=\"mr_social_sharing\"><a rel=\"nofollow\" class=\"linksalpha_button linksalpha_link\" href=\"\/\/www.linksalpha.com\/social\/mobile\" data-url=\"http:\/\/www.blogdopilako.com.br\/wp\/2014\/11\/24\/alunos-do-cavvitoria-realizam-manifestacao-cobrando-seguranca-no-entorno-do-predio-da-universidade\/\" data-text=\"Alunos do CAV\/Vit\u00f3ria realizaram manifesta\u00e7\u00e3o cobrando seguran\u00e7a no entorno do pr\u00e9dio da Universidade.\" data-desc=\"Ap\u00f3s ter tomado ci\u00eancia atrav\u00e9s de uma mensagem via Facebook, no final da manh\u00e3 da sexta (21), recebi um telefonema de um estudante da Universidade Federal, daqui da Vit\u00f3ria, refor\u00e7ando o convite para participar da manifesta\u00e7\u00e3o promovida pelos alunos, ocorrida no in\u00edcio da tarde do mesmo\" data-image=\"\" data-button=\"none\">\n\t\t\t\t\t<img src=\"\/\/www.linksalpha.com\/images\/social_share_button.png\" alt=\"Share\" class=\"linksalpha_image\" \/>\n\t\t\t\t\t<\/a><script type=\"text\/javascript\" src=\"\/\/www.linksalpha.com\/scripts\/loader_iconbox.js?v=2.4\"><\/script><\/span><\/div><p>Ap\u00f3s ter tomado ci\u00eancia atrav\u00e9s de uma mensagem via Facebook, no final da manh\u00e3 da sexta (21), recebi um telefonema de um estudante da Universidade Federal, daqui da Vit\u00f3ria, refor\u00e7ando o convite para participar da manifesta\u00e7\u00e3o promovida pelos alunos, ocorrida &hellip; <a href=\"http:\/\/www.blogdopilako.com.br\/wp\/2014\/11\/24\/alunos-do-cavvitoria-realizam-manifestacao-cobrando-seguranca-no-entorno-do-predio-da-universidade\/\">Continue lendo <span class=\"meta-nav\">&rarr;<\/span><\/a><\/p>\n\n\t\t\t\t<div class=\"mr_social_sharing_wrapper\">\n\t\t\t\t<!-- Social Sharing Toolkit v2.2 --><span class=\"mr_social_sharing_top\"><span style=\"display: inline-block; width: 55px; height: 62px; overflow: hidden;\"><div class=\"fb-like\" data-href=\"http:\/\/www.blogdopilako.com.br\/wp\/2014\/11\/24\/alunos-do-cavvitoria-realizam-manifestacao-cobrando-seguranca-no-entorno-do-predio-da-universidade\/\" data-send=\"false\" data-layout=\"box_count\" data-width=\"55\" data-show-faces=\"false\"><\/div><\/span><\/span><span class=\"mr_social_sharing_top\"><fb:share-button type=\"box_count\" href=\"http:\/\/www.blogdopilako.com.br\/wp\/2014\/11\/24\/alunos-do-cavvitoria-realizam-manifestacao-cobrando-seguranca-no-entorno-do-predio-da-universidade\/\"><\/fb:share-button><\/span><span class=\"mr_social_sharing\"><a rel=\"nofollow\" class=\"linksalpha_button linksalpha_link\" href=\"\/\/www.linksalpha.com\/social\/mobile\" data-url=\"http:\/\/www.blogdopilako.com.br\/wp\/2014\/11\/24\/alunos-do-cavvitoria-realizam-manifestacao-cobrando-seguranca-no-entorno-do-predio-da-universidade\/\" data-text=\"Alunos do CAV\/Vit\u00f3ria realizaram manifesta\u00e7\u00e3o cobrando seguran\u00e7a no entorno do pr\u00e9dio da Universidade.\" data-desc=\"Ap\u00f3s ter tomado ci\u00eancia atrav\u00e9s de uma mensagem via Facebook, no final da manh\u00e3 da sexta (21), recebi um telefonema de um estudante da Universidade Federal, daqui da Vit\u00f3ria, refor\u00e7ando o convite para participar da manifesta\u00e7\u00e3o promovida pelos alunos, ocorrida no in\u00edcio da tarde do mesmo\" data-image=\"\" data-button=\"none\">\n\t\t\t\t\t<img src=\"\/\/www.linksalpha.com\/images\/social_share_button.png\" alt=\"Share\" class=\"linksalpha_image\" \/>\n\t\t\t\t\t<\/a><script type=\"text\/javascript\" src=\"\/\/www.linksalpha.com\/scripts\/loader_iconbox.js?v=2.4\"><\/script><\/span><\/div>","protected":false},"author":4,"featured_media":0,"comment_status":"open","ping_status":"open","sticky":false,"template":"","format":"standard","meta":[],"categories":[21,22],"tags":[],"_links":{"self":[{"href":"http:\/\/www.blogdopilako.com.br\/wp\/wp-json\/wp\/v2\/posts\/68310"}],"collection":[{"href":"http:\/\/www.blogdopilako.com.br\/wp\/wp-json\/wp\/v2\/posts"}],"about":[{"href":"http:\/\/www.blogdopilako.com.br\/wp\/wp-json\/wp\/v2\/types\/post"}],"author":[{"embeddable":true,"href":"http:\/\/www.blogdopilako.com.br\/wp\/wp-json\/wp\/v2\/users\/4"}],"replies":[{"embeddable":true,"href":"http:\/\/www.blogdopilako.com.br\/wp\/wp-json\/wp\/v2\/comments?post=68310"}],"version-history":[{"count":4,"href":"http:\/\/www.blogdopilako.com.br\/wp\/wp-json\/wp\/v2\/posts\/68310\/revisions"}],"predecessor-version":[{"id":68325,"href":"http:\/\/www.blogdopilako.com.br\/wp\/wp-json\/wp\/v2\/posts\/68310\/revisions\/68325"}],"wp:attachment":[{"href":"http:\/\/www.blogdopilako.com.br\/wp\/wp-json\/wp\/v2\/media?parent=68310"}],"wp:term":[{"taxonomy":"category","embeddable":true,"href":"http:\/\/www.blogdopilako.com.br\/wp\/wp-json\/wp\/v2\/categories?post=68310"},{"taxonomy":"post_tag","embeddable":true,"href":"http:\/\/www.blogdopilako.com.br\/wp\/wp-json\/wp\/v2\/tags?post=68310"}],"curies":[{"name":"wp","href":"https:\/\/api.w.org\/{rel}","templated":true}]}}