{"id":65991,"date":"2014-09-30T14:41:37","date_gmt":"2014-09-30T17:41:37","guid":{"rendered":"http:\/\/www.blogdopilako.com.br\/wp\/?p=65991"},"modified":"2014-09-30T14:41:37","modified_gmt":"2014-09-30T17:41:37","slug":"internauta-fernando-lima-acompanha-segundo-encontro-dos-amigos-da-vitoria-pelo-blog","status":"publish","type":"post","link":"http:\/\/www.blogdopilako.com.br\/wp\/2014\/09\/30\/internauta-fernando-lima-acompanha-segundo-encontro-dos-amigos-da-vitoria-pelo-blog\/","title":{"rendered":"Internauta Fernando Lima acompanha Segundo Encontro dos Amigos da Vit\u00f3ria, pelo blog."},"content":{"rendered":"\n\t\t\t\t<div class=\"mr_social_sharing_wrapper\">\n\t\t\t\t<!-- Social Sharing Toolkit v2.2 --><span class=\"mr_social_sharing_top\"><span style=\"display: inline-block; width: 55px; height: 62px; overflow: hidden;\"><div class=\"fb-like\" data-href=\"http:\/\/www.blogdopilako.com.br\/wp\/2014\/09\/30\/internauta-fernando-lima-acompanha-segundo-encontro-dos-amigos-da-vitoria-pelo-blog\/\" data-send=\"false\" data-layout=\"box_count\" data-width=\"55\" data-show-faces=\"false\"><\/div><\/span><\/span><span class=\"mr_social_sharing_top\"><fb:share-button type=\"box_count\" href=\"http:\/\/www.blogdopilako.com.br\/wp\/2014\/09\/30\/internauta-fernando-lima-acompanha-segundo-encontro-dos-amigos-da-vitoria-pelo-blog\/\"><\/fb:share-button><\/span><span class=\"mr_social_sharing\"><a rel=\"nofollow\" class=\"linksalpha_button linksalpha_link\" href=\"\/\/www.linksalpha.com\/social\/mobile\" data-url=\"http:\/\/www.blogdopilako.com.br\/wp\/2014\/09\/30\/internauta-fernando-lima-acompanha-segundo-encontro-dos-amigos-da-vitoria-pelo-blog\/\" data-text=\"Internauta Fernando Lima acompanha Segundo Encontro dos Amigos da Vit\u00f3ria, pelo blog.\" data-desc=\"Coment\u00e1rio postado na mat\u00e9ria \"Segundo Encontro dos Amigos da Vit\u00f3ria foi um Sucesso.\". Parab\u00e9ns pela cobertura, Pilako!Infelizmente n\u00e3o pude comparecer, mas estava com o cora\u00e7\u00e3o e a mente sintonizada nesse encontro de amigos que fizeram e fazem parte da minha vida.Que seria um sucesso eu\" data-image=\"\" data-button=\"none\">\n\t\t\t\t\t<img src=\"\/\/www.linksalpha.com\/images\/social_share_button.png\" alt=\"Share\" class=\"linksalpha_image\" \/>\n\t\t\t\t\t<\/a><script type=\"text\/javascript\" src=\"\/\/www.linksalpha.com\/scripts\/loader_iconbox.js?v=2.4\"><\/script><\/span><\/div><p>Coment\u00e1rio postado na mat\u00e9ria &#8220;<a href=\"http:\/\/www.blogdopilako.com.br\/wp\/2014\/09\/29\/segundo-encontro-dos-amigos-da-vitoria-foi-um-sucesso\/\" target=\"_blank\">Segundo Encontro dos Amigos da Vit\u00f3ria foi um Sucesso.<\/a>&#8220;.<\/p>\n<blockquote>\n<p style=\"text-align: justify;\"><span style=\"color: #333333;\">Parab\u00e9ns pela cobertura, Pilako!<\/span><br style=\"color: #333333;\" \/><span style=\"color: #333333;\">Infelizmente n\u00e3o pude comparecer, mas estava com o cora\u00e7\u00e3o e a mente sintonizada nesse encontro de amigos que fizeram e fazem parte da minha vida.<\/span><br style=\"color: #333333;\" \/><span style=\"color: #333333;\">Que seria um sucesso eu n\u00e3o tinha a menor d\u00favida.<\/span><br style=\"color: #333333;\" \/><span style=\"color: #333333;\">Come\u00e7ando a contagem regressiva para o pr\u00f3ximo\u2026.<\/span><br style=\"color: #333333;\" \/><span style=\"color: #333333;\">Um forte abra\u00e7o<\/span><\/p>\n<p style=\"text-align: justify;\"><span style=\"font-weight: 600; color: #555555;\">Fernando Lima<\/span><\/p>\n<\/blockquote>\n\n\t\t\t\t<div class=\"mr_social_sharing_wrapper\">\n\t\t\t\t<!-- Social Sharing Toolkit v2.2 --><span class=\"mr_social_sharing_top\"><span style=\"display: inline-block; width: 55px; height: 62px; overflow: hidden;\"><div class=\"fb-like\" data-href=\"http:\/\/www.blogdopilako.com.br\/wp\/2014\/09\/30\/internauta-fernando-lima-acompanha-segundo-encontro-dos-amigos-da-vitoria-pelo-blog\/\" data-send=\"false\" data-layout=\"box_count\" data-width=\"55\" data-show-faces=\"false\"><\/div><\/span><\/span><span class=\"mr_social_sharing_top\"><fb:share-button type=\"box_count\" href=\"http:\/\/www.blogdopilako.com.br\/wp\/2014\/09\/30\/internauta-fernando-lima-acompanha-segundo-encontro-dos-amigos-da-vitoria-pelo-blog\/\"><\/fb:share-button><\/span><span class=\"mr_social_sharing\"><a rel=\"nofollow\" class=\"linksalpha_button linksalpha_link\" href=\"\/\/www.linksalpha.com\/social\/mobile\" data-url=\"http:\/\/www.blogdopilako.com.br\/wp\/2014\/09\/30\/internauta-fernando-lima-acompanha-segundo-encontro-dos-amigos-da-vitoria-pelo-blog\/\" data-text=\"Internauta Fernando Lima acompanha Segundo Encontro dos Amigos da Vit\u00f3ria, pelo blog.\" data-desc=\"Coment\u00e1rio postado na mat\u00e9ria \"Segundo Encontro dos Amigos da Vit\u00f3ria foi um Sucesso.\". Parab\u00e9ns pela cobertura, Pilako!Infelizmente n\u00e3o pude comparecer, mas estava com o cora\u00e7\u00e3o e a mente sintonizada nesse encontro de amigos que fizeram e fazem parte da minha vida.Que seria um sucesso eu\" data-image=\"\" data-button=\"none\">\n\t\t\t\t\t<img src=\"\/\/www.linksalpha.com\/images\/social_share_button.png\" alt=\"Share\" class=\"linksalpha_image\" \/>\n\t\t\t\t\t<\/a><script type=\"text\/javascript\" src=\"\/\/www.linksalpha.com\/scripts\/loader_iconbox.js?v=2.4\"><\/script><\/span><\/div>","protected":false},"excerpt":{"rendered":"\n\t\t\t\t<div class=\"mr_social_sharing_wrapper\">\n\t\t\t\t<!-- Social Sharing Toolkit v2.2 --><span class=\"mr_social_sharing_top\"><span style=\"display: inline-block; width: 55px; height: 62px; overflow: hidden;\"><div class=\"fb-like\" data-href=\"http:\/\/www.blogdopilako.com.br\/wp\/2014\/09\/30\/internauta-fernando-lima-acompanha-segundo-encontro-dos-amigos-da-vitoria-pelo-blog\/\" data-send=\"false\" data-layout=\"box_count\" data-width=\"55\" data-show-faces=\"false\"><\/div><\/span><\/span><span class=\"mr_social_sharing_top\"><fb:share-button type=\"box_count\" href=\"http:\/\/www.blogdopilako.com.br\/wp\/2014\/09\/30\/internauta-fernando-lima-acompanha-segundo-encontro-dos-amigos-da-vitoria-pelo-blog\/\"><\/fb:share-button><\/span><span class=\"mr_social_sharing\"><a rel=\"nofollow\" class=\"linksalpha_button linksalpha_link\" href=\"\/\/www.linksalpha.com\/social\/mobile\" data-url=\"http:\/\/www.blogdopilako.com.br\/wp\/2014\/09\/30\/internauta-fernando-lima-acompanha-segundo-encontro-dos-amigos-da-vitoria-pelo-blog\/\" data-text=\"Internauta Fernando Lima acompanha Segundo Encontro dos Amigos da Vit\u00f3ria, pelo blog.\" data-desc=\"Coment\u00e1rio postado na mat\u00e9ria \"Segundo Encontro dos Amigos da Vit\u00f3ria foi um Sucesso.\". Parab\u00e9ns pela cobertura, Pilako!Infelizmente n\u00e3o pude comparecer, mas estava com o cora\u00e7\u00e3o e a mente sintonizada nesse encontro de amigos que fizeram e fazem parte da minha vida.Que seria um sucesso eu\" data-image=\"\" data-button=\"none\">\n\t\t\t\t\t<img src=\"\/\/www.linksalpha.com\/images\/social_share_button.png\" alt=\"Share\" class=\"linksalpha_image\" \/>\n\t\t\t\t\t<\/a><script type=\"text\/javascript\" src=\"\/\/www.linksalpha.com\/scripts\/loader_iconbox.js?v=2.4\"><\/script><\/span><\/div><p>Coment\u00e1rio postado na mat\u00e9ria &#8220;Segundo Encontro dos Amigos da Vit\u00f3ria foi um Sucesso.&#8220;. Parab\u00e9ns pela cobertura, Pilako!Infelizmente n\u00e3o pude comparecer, mas estava com o cora\u00e7\u00e3o e a mente sintonizada nesse encontro de amigos que fizeram e fazem parte da minha &hellip; <a href=\"http:\/\/www.blogdopilako.com.br\/wp\/2014\/09\/30\/internauta-fernando-lima-acompanha-segundo-encontro-dos-amigos-da-vitoria-pelo-blog\/\">Continue lendo <span class=\"meta-nav\">&rarr;<\/span><\/a><\/p>\n\n\t\t\t\t<div class=\"mr_social_sharing_wrapper\">\n\t\t\t\t<!-- Social Sharing Toolkit v2.2 --><span class=\"mr_social_sharing_top\"><span style=\"display: inline-block; width: 55px; height: 62px; overflow: hidden;\"><div class=\"fb-like\" data-href=\"http:\/\/www.blogdopilako.com.br\/wp\/2014\/09\/30\/internauta-fernando-lima-acompanha-segundo-encontro-dos-amigos-da-vitoria-pelo-blog\/\" data-send=\"false\" data-layout=\"box_count\" data-width=\"55\" data-show-faces=\"false\"><\/div><\/span><\/span><span class=\"mr_social_sharing_top\"><fb:share-button type=\"box_count\" href=\"http:\/\/www.blogdopilako.com.br\/wp\/2014\/09\/30\/internauta-fernando-lima-acompanha-segundo-encontro-dos-amigos-da-vitoria-pelo-blog\/\"><\/fb:share-button><\/span><span class=\"mr_social_sharing\"><a rel=\"nofollow\" class=\"linksalpha_button linksalpha_link\" href=\"\/\/www.linksalpha.com\/social\/mobile\" data-url=\"http:\/\/www.blogdopilako.com.br\/wp\/2014\/09\/30\/internauta-fernando-lima-acompanha-segundo-encontro-dos-amigos-da-vitoria-pelo-blog\/\" data-text=\"Internauta Fernando Lima acompanha Segundo Encontro dos Amigos da Vit\u00f3ria, pelo blog.\" data-desc=\"Coment\u00e1rio postado na mat\u00e9ria \"Segundo Encontro dos Amigos da Vit\u00f3ria foi um Sucesso.\". Parab\u00e9ns pela cobertura, Pilako!Infelizmente n\u00e3o pude comparecer, mas estava com o cora\u00e7\u00e3o e a mente sintonizada nesse encontro de amigos que fizeram e fazem parte da minha vida.Que seria um sucesso eu\" data-image=\"\" data-button=\"none\">\n\t\t\t\t\t<img src=\"\/\/www.linksalpha.com\/images\/social_share_button.png\" alt=\"Share\" class=\"linksalpha_image\" \/>\n\t\t\t\t\t<\/a><script type=\"text\/javascript\" src=\"\/\/www.linksalpha.com\/scripts\/loader_iconbox.js?v=2.4\"><\/script><\/span><\/div>","protected":false},"author":1,"featured_media":0,"comment_status":"open","ping_status":"open","sticky":false,"template":"","format":"standard","meta":[],"categories":[21,22],"tags":[],"_links":{"self":[{"href":"http:\/\/www.blogdopilako.com.br\/wp\/wp-json\/wp\/v2\/posts\/65991"}],"collection":[{"href":"http:\/\/www.blogdopilako.com.br\/wp\/wp-json\/wp\/v2\/posts"}],"about":[{"href":"http:\/\/www.blogdopilako.com.br\/wp\/wp-json\/wp\/v2\/types\/post"}],"author":[{"embeddable":true,"href":"http:\/\/www.blogdopilako.com.br\/wp\/wp-json\/wp\/v2\/users\/1"}],"replies":[{"embeddable":true,"href":"http:\/\/www.blogdopilako.com.br\/wp\/wp-json\/wp\/v2\/comments?post=65991"}],"version-history":[{"count":1,"href":"http:\/\/www.blogdopilako.com.br\/wp\/wp-json\/wp\/v2\/posts\/65991\/revisions"}],"predecessor-version":[{"id":65992,"href":"http:\/\/www.blogdopilako.com.br\/wp\/wp-json\/wp\/v2\/posts\/65991\/revisions\/65992"}],"wp:attachment":[{"href":"http:\/\/www.blogdopilako.com.br\/wp\/wp-json\/wp\/v2\/media?parent=65991"}],"wp:term":[{"taxonomy":"category","embeddable":true,"href":"http:\/\/www.blogdopilako.com.br\/wp\/wp-json\/wp\/v2\/categories?post=65991"},{"taxonomy":"post_tag","embeddable":true,"href":"http:\/\/www.blogdopilako.com.br\/wp\/wp-json\/wp\/v2\/tags?post=65991"}],"curies":[{"name":"wp","href":"https:\/\/api.w.org\/{rel}","templated":true}]}}