{"id":6514,"date":"2011-10-06T11:10:49","date_gmt":"2011-10-06T14:10:49","guid":{"rendered":"http:\/\/www.blogdopilako.com.br\/wp\/?p=6514"},"modified":"2011-10-06T11:14:24","modified_gmt":"2011-10-06T14:14:24","slug":"programacao-desta-quinta-feira-05-das-festividades-da-paroquia-nossa-senhora-da-conceicao-aparecida","status":"publish","type":"post","link":"http:\/\/www.blogdopilako.com.br\/wp\/2011\/10\/06\/programacao-desta-quinta-feira-05-das-festividades-da-paroquia-nossa-senhora-da-conceicao-aparecida\/","title":{"rendered":"Programa\u00e7\u00e3o desta quinta-feira (05) das festividades da Par\u00f3quia Nossa Senhora da Concei\u00e7\u00e3o Aparecida"},"content":{"rendered":"\n\t\t\t\t<div class=\"mr_social_sharing_wrapper\">\n\t\t\t\t<!-- Social Sharing Toolkit v2.2 --><span class=\"mr_social_sharing_top\"><span style=\"display: inline-block; width: 55px; height: 62px; overflow: hidden;\"><div class=\"fb-like\" data-href=\"http:\/\/www.blogdopilako.com.br\/wp\/2011\/10\/06\/programacao-desta-quinta-feira-05-das-festividades-da-paroquia-nossa-senhora-da-conceicao-aparecida\/\" data-send=\"false\" data-layout=\"box_count\" data-width=\"55\" data-show-faces=\"false\"><\/div><\/span><\/span><span class=\"mr_social_sharing_top\"><fb:share-button type=\"box_count\" href=\"http:\/\/www.blogdopilako.com.br\/wp\/2011\/10\/06\/programacao-desta-quinta-feira-05-das-festividades-da-paroquia-nossa-senhora-da-conceicao-aparecida\/\"><\/fb:share-button><\/span><span class=\"mr_social_sharing\"><a rel=\"nofollow\" class=\"linksalpha_button linksalpha_link\" href=\"\/\/www.linksalpha.com\/social\/mobile\" data-url=\"http:\/\/www.blogdopilako.com.br\/wp\/2011\/10\/06\/programacao-desta-quinta-feira-05-das-festividades-da-paroquia-nossa-senhora-da-conceicao-aparecida\/\" data-text=\"Programa\u00e7\u00e3o desta quinta-feira (05) das festividades da Par\u00f3quia Nossa Senhora da Concei\u00e7\u00e3o Aparecida\" data-desc=\"Programa\u00e7\u00e3o de Hoje Quinta-feira \u2013 06\/10 6:00h \u2013 Missa 18:40 \u2013 Recita\u00e7\u00e3o do Ter\u00e7o 19:30h \u2013 Celebra\u00e7\u00e3o da Novena 21h \u2013 Atra\u00e7\u00f5es Culturais Celebrante \u2013 Pe. Jo\u00e3o Pedro Tema \u2013 Maria: Cora\u00e7\u00e3o consolador dos aflitos. Movimento \u2013 M\u00e3e Rainha Comunidades: Gameleira e Varzea\" data-image=\"http:\/\/www.blogdopilako.com.br\/wp\/wp-content\/uploads\/nossasenhoraaparecida2.jpg\" data-button=\"none\">\n\t\t\t\t\t<img src=\"\/\/www.linksalpha.com\/images\/social_share_button.png\" alt=\"Share\" class=\"linksalpha_image\" \/>\n\t\t\t\t\t<\/a><script type=\"text\/javascript\" src=\"\/\/www.linksalpha.com\/scripts\/loader_iconbox.js?v=2.4\"><\/script><\/span><\/div><div>\n<div>\n<p style=\"text-align: center;\"><a href=\"http:\/\/www.blogdopilako.com.br\/wp\/wp-content\/uploads\/nossasenhoraaparecida2.jpg\"><img loading=\"lazy\" class=\"aligncenter\" title=\"nossasenhoraaparecida2\" src=\"http:\/\/www.blogdopilako.com.br\/wp\/wp-content\/uploads\/nossasenhoraaparecida2.jpg\" alt=\"\" width=\"330\" height=\"522\" \/><\/a><\/p>\n<h3><strong>Programa\u00e7\u00e3o de Hoje<\/strong><\/h3>\n<p><span style=\"color: #000000;\"><strong><strong>Quinta-feira \u2013 06\/10<\/strong><br \/>\n<\/strong>6:00h \u2013 Missa<br \/>\n18:40 \u2013 Recita\u00e7\u00e3o do Ter\u00e7o<br \/>\n19:30h \u2013 Celebra\u00e7\u00e3o da Novena 21h \u2013 Atra\u00e7\u00f5es Culturais<br \/>\nCelebrante \u2013 Pe. Jo\u00e3o Pedro<br \/>\nTema \u2013 Maria: Cora\u00e7\u00e3o consolador dos aflitos.<br \/>\nMovimento \u2013 M\u00e3e Rainha<br \/>\nComunidades: Gameleira e Varzea Grande.<br \/>\nPar\u00f3quia \u2013 S\u00e3o Vicente de Paulo (Vit\u00f3ria \u2013 PE)<br \/>\nB\u00ean\u00e7\u00e3o \u2013 Universit\u00e1rios<\/span><\/p>\n<\/div>\n<\/div>\n\n\t\t\t\t<div class=\"mr_social_sharing_wrapper\">\n\t\t\t\t<!-- Social Sharing Toolkit v2.2 --><span class=\"mr_social_sharing_top\"><span style=\"display: inline-block; width: 55px; height: 62px; overflow: hidden;\"><div class=\"fb-like\" data-href=\"http:\/\/www.blogdopilako.com.br\/wp\/2011\/10\/06\/programacao-desta-quinta-feira-05-das-festividades-da-paroquia-nossa-senhora-da-conceicao-aparecida\/\" data-send=\"false\" data-layout=\"box_count\" data-width=\"55\" data-show-faces=\"false\"><\/div><\/span><\/span><span class=\"mr_social_sharing_top\"><fb:share-button type=\"box_count\" href=\"http:\/\/www.blogdopilako.com.br\/wp\/2011\/10\/06\/programacao-desta-quinta-feira-05-das-festividades-da-paroquia-nossa-senhora-da-conceicao-aparecida\/\"><\/fb:share-button><\/span><span class=\"mr_social_sharing\"><a rel=\"nofollow\" class=\"linksalpha_button linksalpha_link\" href=\"\/\/www.linksalpha.com\/social\/mobile\" data-url=\"http:\/\/www.blogdopilako.com.br\/wp\/2011\/10\/06\/programacao-desta-quinta-feira-05-das-festividades-da-paroquia-nossa-senhora-da-conceicao-aparecida\/\" data-text=\"Programa\u00e7\u00e3o desta quinta-feira (05) das festividades da Par\u00f3quia Nossa Senhora da Concei\u00e7\u00e3o Aparecida\" data-desc=\"Programa\u00e7\u00e3o de Hoje Quinta-feira \u2013 06\/10 6:00h \u2013 Missa 18:40 \u2013 Recita\u00e7\u00e3o do Ter\u00e7o 19:30h \u2013 Celebra\u00e7\u00e3o da Novena 21h \u2013 Atra\u00e7\u00f5es Culturais Celebrante \u2013 Pe. Jo\u00e3o Pedro Tema \u2013 Maria: Cora\u00e7\u00e3o consolador dos aflitos. Movimento \u2013 M\u00e3e Rainha Comunidades: Gameleira e Varzea\" data-image=\"http:\/\/www.blogdopilako.com.br\/wp\/wp-content\/uploads\/nossasenhoraaparecida2.jpg\" data-button=\"none\">\n\t\t\t\t\t<img src=\"\/\/www.linksalpha.com\/images\/social_share_button.png\" alt=\"Share\" class=\"linksalpha_image\" \/>\n\t\t\t\t\t<\/a><script type=\"text\/javascript\" src=\"\/\/www.linksalpha.com\/scripts\/loader_iconbox.js?v=2.4\"><\/script><\/span><\/div>","protected":false},"excerpt":{"rendered":"\n\t\t\t\t<div class=\"mr_social_sharing_wrapper\">\n\t\t\t\t<!-- Social Sharing Toolkit v2.2 --><span class=\"mr_social_sharing_top\"><span style=\"display: inline-block; width: 55px; height: 62px; overflow: hidden;\"><div class=\"fb-like\" data-href=\"http:\/\/www.blogdopilako.com.br\/wp\/2011\/10\/06\/programacao-desta-quinta-feira-05-das-festividades-da-paroquia-nossa-senhora-da-conceicao-aparecida\/\" data-send=\"false\" data-layout=\"box_count\" data-width=\"55\" data-show-faces=\"false\"><\/div><\/span><\/span><span class=\"mr_social_sharing_top\"><fb:share-button type=\"box_count\" href=\"http:\/\/www.blogdopilako.com.br\/wp\/2011\/10\/06\/programacao-desta-quinta-feira-05-das-festividades-da-paroquia-nossa-senhora-da-conceicao-aparecida\/\"><\/fb:share-button><\/span><span class=\"mr_social_sharing\"><a rel=\"nofollow\" class=\"linksalpha_button linksalpha_link\" href=\"\/\/www.linksalpha.com\/social\/mobile\" data-url=\"http:\/\/www.blogdopilako.com.br\/wp\/2011\/10\/06\/programacao-desta-quinta-feira-05-das-festividades-da-paroquia-nossa-senhora-da-conceicao-aparecida\/\" data-text=\"Programa\u00e7\u00e3o desta quinta-feira (05) das festividades da Par\u00f3quia Nossa Senhora da Concei\u00e7\u00e3o Aparecida\" data-desc=\"Programa\u00e7\u00e3o de Hoje Quinta-feira \u2013 06\/10 6:00h \u2013 Missa 18:40 \u2013 Recita\u00e7\u00e3o do Ter\u00e7o 19:30h \u2013 Celebra\u00e7\u00e3o da Novena 21h \u2013 Atra\u00e7\u00f5es Culturais Celebrante \u2013 Pe. Jo\u00e3o Pedro Tema \u2013 Maria: Cora\u00e7\u00e3o consolador dos aflitos. Movimento \u2013 M\u00e3e Rainha Comunidades: Gameleira e Varzea\" data-image=\"\" data-button=\"none\">\n\t\t\t\t\t<img src=\"\/\/www.linksalpha.com\/images\/social_share_button.png\" alt=\"Share\" class=\"linksalpha_image\" \/>\n\t\t\t\t\t<\/a><script type=\"text\/javascript\" src=\"\/\/www.linksalpha.com\/scripts\/loader_iconbox.js?v=2.4\"><\/script><\/span><\/div><p>Programa\u00e7\u00e3o de Hoje Quinta-feira \u2013 06\/10 6:00h \u2013 Missa 18:40 \u2013 Recita\u00e7\u00e3o do Ter\u00e7o 19:30h \u2013 Celebra\u00e7\u00e3o da Novena 21h \u2013 Atra\u00e7\u00f5es Culturais Celebrante \u2013 Pe. Jo\u00e3o Pedro Tema \u2013 Maria: Cora\u00e7\u00e3o consolador dos aflitos. Movimento \u2013 M\u00e3e Rainha Comunidades: &hellip; <a href=\"http:\/\/www.blogdopilako.com.br\/wp\/2011\/10\/06\/programacao-desta-quinta-feira-05-das-festividades-da-paroquia-nossa-senhora-da-conceicao-aparecida\/\">Continue lendo <span class=\"meta-nav\">&rarr;<\/span><\/a><\/p>\n\n\t\t\t\t<div class=\"mr_social_sharing_wrapper\">\n\t\t\t\t<!-- Social Sharing Toolkit v2.2 --><span class=\"mr_social_sharing_top\"><span style=\"display: inline-block; width: 55px; height: 62px; overflow: hidden;\"><div class=\"fb-like\" data-href=\"http:\/\/www.blogdopilako.com.br\/wp\/2011\/10\/06\/programacao-desta-quinta-feira-05-das-festividades-da-paroquia-nossa-senhora-da-conceicao-aparecida\/\" data-send=\"false\" data-layout=\"box_count\" data-width=\"55\" data-show-faces=\"false\"><\/div><\/span><\/span><span class=\"mr_social_sharing_top\"><fb:share-button type=\"box_count\" href=\"http:\/\/www.blogdopilako.com.br\/wp\/2011\/10\/06\/programacao-desta-quinta-feira-05-das-festividades-da-paroquia-nossa-senhora-da-conceicao-aparecida\/\"><\/fb:share-button><\/span><span class=\"mr_social_sharing\"><a rel=\"nofollow\" class=\"linksalpha_button linksalpha_link\" href=\"\/\/www.linksalpha.com\/social\/mobile\" data-url=\"http:\/\/www.blogdopilako.com.br\/wp\/2011\/10\/06\/programacao-desta-quinta-feira-05-das-festividades-da-paroquia-nossa-senhora-da-conceicao-aparecida\/\" data-text=\"Programa\u00e7\u00e3o desta quinta-feira (05) das festividades da Par\u00f3quia Nossa Senhora da Concei\u00e7\u00e3o Aparecida\" data-desc=\"Programa\u00e7\u00e3o de Hoje Quinta-feira \u2013 06\/10 6:00h \u2013 Missa 18:40 \u2013 Recita\u00e7\u00e3o do Ter\u00e7o 19:30h \u2013 Celebra\u00e7\u00e3o da Novena 21h \u2013 Atra\u00e7\u00f5es Culturais Celebrante \u2013 Pe. Jo\u00e3o Pedro Tema \u2013 Maria: Cora\u00e7\u00e3o consolador dos aflitos. Movimento \u2013 M\u00e3e Rainha Comunidades: Gameleira e Varzea\" data-image=\"\" data-button=\"none\">\n\t\t\t\t\t<img src=\"\/\/www.linksalpha.com\/images\/social_share_button.png\" alt=\"Share\" class=\"linksalpha_image\" \/>\n\t\t\t\t\t<\/a><script type=\"text\/javascript\" src=\"\/\/www.linksalpha.com\/scripts\/loader_iconbox.js?v=2.4\"><\/script><\/span><\/div>","protected":false},"author":4,"featured_media":0,"comment_status":"open","ping_status":"open","sticky":false,"template":"","format":"standard","meta":[],"categories":[22],"tags":[],"_links":{"self":[{"href":"http:\/\/www.blogdopilako.com.br\/wp\/wp-json\/wp\/v2\/posts\/6514"}],"collection":[{"href":"http:\/\/www.blogdopilako.com.br\/wp\/wp-json\/wp\/v2\/posts"}],"about":[{"href":"http:\/\/www.blogdopilako.com.br\/wp\/wp-json\/wp\/v2\/types\/post"}],"author":[{"embeddable":true,"href":"http:\/\/www.blogdopilako.com.br\/wp\/wp-json\/wp\/v2\/users\/4"}],"replies":[{"embeddable":true,"href":"http:\/\/www.blogdopilako.com.br\/wp\/wp-json\/wp\/v2\/comments?post=6514"}],"version-history":[{"count":3,"href":"http:\/\/www.blogdopilako.com.br\/wp\/wp-json\/wp\/v2\/posts\/6514\/revisions"}],"predecessor-version":[{"id":6516,"href":"http:\/\/www.blogdopilako.com.br\/wp\/wp-json\/wp\/v2\/posts\/6514\/revisions\/6516"}],"wp:attachment":[{"href":"http:\/\/www.blogdopilako.com.br\/wp\/wp-json\/wp\/v2\/media?parent=6514"}],"wp:term":[{"taxonomy":"category","embeddable":true,"href":"http:\/\/www.blogdopilako.com.br\/wp\/wp-json\/wp\/v2\/categories?post=6514"},{"taxonomy":"post_tag","embeddable":true,"href":"http:\/\/www.blogdopilako.com.br\/wp\/wp-json\/wp\/v2\/tags?post=6514"}],"curies":[{"name":"wp","href":"https:\/\/api.w.org\/{rel}","templated":true}]}}