{"id":64942,"date":"2014-09-03T15:48:46","date_gmt":"2014-09-03T18:48:46","guid":{"rendered":"http:\/\/www.blogdopilako.com.br\/wp\/?p=64942"},"modified":"2014-09-03T15:48:46","modified_gmt":"2014-09-03T18:48:46","slug":"lula-e-dilma-voltam-a-pernambuco-para-dois-grandes-atos-com-armando-e-joao-paulo","status":"publish","type":"post","link":"http:\/\/www.blogdopilako.com.br\/wp\/2014\/09\/03\/lula-e-dilma-voltam-a-pernambuco-para-dois-grandes-atos-com-armando-e-joao-paulo\/","title":{"rendered":"Lula e Dilma voltam a Pernambuco para dois grandes atos com Armando e Jo\u00e3o Paulo"},"content":{"rendered":"\n\t\t\t\t<div class=\"mr_social_sharing_wrapper\">\n\t\t\t\t<!-- Social Sharing Toolkit v2.2 --><span class=\"mr_social_sharing_top\"><span style=\"display: inline-block; width: 55px; height: 62px; overflow: hidden;\"><div class=\"fb-like\" data-href=\"http:\/\/www.blogdopilako.com.br\/wp\/2014\/09\/03\/lula-e-dilma-voltam-a-pernambuco-para-dois-grandes-atos-com-armando-e-joao-paulo\/\" data-send=\"false\" data-layout=\"box_count\" data-width=\"55\" data-show-faces=\"false\"><\/div><\/span><\/span><span class=\"mr_social_sharing_top\"><fb:share-button type=\"box_count\" href=\"http:\/\/www.blogdopilako.com.br\/wp\/2014\/09\/03\/lula-e-dilma-voltam-a-pernambuco-para-dois-grandes-atos-com-armando-e-joao-paulo\/\"><\/fb:share-button><\/span><span class=\"mr_social_sharing\"><a rel=\"nofollow\" class=\"linksalpha_button linksalpha_link\" href=\"\/\/www.linksalpha.com\/social\/mobile\" data-url=\"http:\/\/www.blogdopilako.com.br\/wp\/2014\/09\/03\/lula-e-dilma-voltam-a-pernambuco-para-dois-grandes-atos-com-armando-e-joao-paulo\/\" data-text=\"Lula e Dilma voltam a Pernambuco para dois grandes atos com Armando e Jo\u00e3o Paulo\" data-desc=\"Cr\u00e9dito da foto: L\u00e9o Caldas\/Divulga\u00e7\u00e3o Dois grandes eventos, um no Sert\u00e3o de Pernambuco e outro no Recife, capital do Estado, est\u00e3o sendo preparados para receber o ex-presidente Lula e a presidente e candidata \u00e0 reelei\u00e7\u00e3o Dilma Rousseff nesta quinta-feira (4). Os atos refor\u00e7am as\" data-image=\"http:\/\/www.blogdopilako.com.br\/wp\/wp-content\/uploads\/2fbb72e5-e147-4d76-b20c-b830fddff642.jpg\" data-button=\"none\">\n\t\t\t\t\t<img src=\"\/\/www.linksalpha.com\/images\/social_share_button.png\" alt=\"Share\" class=\"linksalpha_image\" \/>\n\t\t\t\t\t<\/a><script type=\"text\/javascript\" src=\"\/\/www.linksalpha.com\/scripts\/loader_iconbox.js?v=2.4\"><\/script><\/span><\/div><div id=\"attachment_64943\" style=\"width: 604px\" class=\"wp-caption alignnone\"><a href=\"http:\/\/www.blogdopilako.com.br\/wp\/wp-content\/uploads\/2fbb72e5-e147-4d76-b20c-b830fddff642.jpg\"><img aria-describedby=\"caption-attachment-64943\" loading=\"lazy\" class=\" wp-image-64943\" src=\"http:\/\/www.blogdopilako.com.br\/wp\/wp-content\/uploads\/2fbb72e5-e147-4d76-b20c-b830fddff642.jpg\" alt=\"Cr\u00e9dito da foto: L\u00e9o Caldas\/Divulga\u00e7\u00e3o\" width=\"594\" height=\"396\" \/><\/a><p id=\"caption-attachment-64943\" class=\"wp-caption-text\">Cr\u00e9dito da foto: L\u00e9o Caldas\/Divulga\u00e7\u00e3o<\/p><\/div>\n<p style=\"text-align: justify;\"><span style=\"color: #222222;\">Dois grandes eventos, um no Sert\u00e3o de Pernambuco e outro no Recife, capital do Estado, est\u00e3o sendo preparados para receber o ex-presidente Lula e a presidente e candidata \u00e0 reelei\u00e7\u00e3o Dilma Rousseff nesta quinta-feira (4). Os atos refor\u00e7am as campanhas de Armando Monteiro (PTB) ao governo de Pernambuco, de Jo\u00e3o Paulo (PT) ao Senado, e de todos os candidatos a deputado estadual e deputado federal da Coliga\u00e7\u00e3o Pernambuco Vai Mais Longe.<\/span><br style=\"color: #222222;\" \/><span style=\"color: #222222;\">\u00a0<\/span><br style=\"color: #222222;\" \/><span style=\"color: #222222;\">O primeiro grande ato ser\u00e1 realizado em Petrolina. O ex-presidente Lula desembarca no Aeroporto Senador Nilo Coelho \u00e0s 14h30, e ser\u00e1 recepcionado por Armando, Jo\u00e3o Paulo, e pelo prefeito Julio Lossio (PMDB). De l\u00e1, eles ser\u00e3o acompanhados pela milit\u00e2ncia at\u00e9 a Pra\u00e7a 21 de Setembro, no Centro da cidade, onde a partir das 15h acontece um grande com\u00edcio. Ap\u00f3s a demonstra\u00e7\u00e3o de for\u00e7a em Petrolina, Lula, Armando e Jo\u00e3o Paulo seguem para o Recife, para participar de mais um com\u00edcio no bairro de Bras\u00edlia Teimosa, com a presen\u00e7a de Dilma, \u00e0s 19h.<\/span><br style=\"color: #222222;\" \/><span style=\"color: #222222;\">\u00a0<\/span><br style=\"color: #222222;\" \/><span style=\"color: #222222;\">Nos dois atos, a expectativa da organiza\u00e7\u00e3o do evento \u00e9 de reunir mais de 50 mil pessoas. \u201cTenho certeza que vai ser uma grande festa. Vamos mostrar que Pernambuco sabe quem realmente fez pelo nosso Estado e quem tem condi\u00e7\u00f5es de levar adiante as mudan\u00e7as que o Brasil precisa\u201d, afirmou o coordenador da campanha de Dilma no Estado, senador Humberto Costa (PT).<\/span><br style=\"color: #222222;\" \/><span style=\"color: #222222;\">\u00a0<\/span><br style=\"color: #222222;\" \/><span style=\"color: #222222;\">De acordo com Armando Monteiro, os eventos s\u00e3o \u201cum marco importante\u201d para a campanha no Estado. \u201cAs presen\u00e7as de Dilma e Lula s\u00e3o sempre festejadas aqui em Pernambuco. Esta rela\u00e7\u00e3o come\u00e7ou a ser constru\u00edda j\u00e1 nos mandatos de Lula, que \u00e9 muito querido e \u00e9 sempre bem-vindo no Estado\u201d, afirmou o candidato.<\/span><br style=\"color: #222222;\" \/><span style=\"color: #222222;\">\u00a0<\/span><br style=\"color: #222222;\" \/><span style=\"color: #222222;\">Armando tamb\u00e9m lembrou que a escolha do local do evento no Recife foi feita pelo pr\u00f3prio Lula, que tem uma rela\u00e7\u00e3o afetiva com Bras\u00edlia Teimosa. Foi na gest\u00e3o de Lula, com Jo\u00e3o Paulo \u00e0 frente da Prefeitura do Recife, que o bairro foi reurbanizado. Centenas de fam\u00edlias, que at\u00e9 ent\u00e3o viviam em palafitas de madeira e papel\u00e3o, foram beneficiados com a reestrutura\u00e7\u00e3o da \u00e1rea e a constru\u00e7\u00e3o de habita\u00e7\u00f5es populares.<\/span><br style=\"color: #222222;\" \/><span style=\"color: #222222;\">\u00a0<\/span><br style=\"color: #222222;\" \/><strong style=\"color: #222222;\">Credenciamento \u2013\u00a0<\/strong><span style=\"color: #222222;\">Informa\u00e7\u00f5es sore o credenciamento para o evento no Recife estar\u00e3o no site da campanha da presidente:\u00a0<\/span><a style=\"color: #6dc6dd;\" href=\"http:\/\/armandomonteiro.us7.list-manage1.com\/track\/click?u=2d1f40694ec59975fce463269&amp;id=986078a2fe&amp;e=024c1f654a\" target=\"_blank\">www.dilma.com.br<\/a><span style=\"color: #222222;\">, a partir da tarde desta quarta-feira (03). J\u00e1 em Petrolina, n\u00e3o haver\u00e1 necessidade de credenciamento.<\/span><br style=\"color: #222222;\" \/><span style=\"color: #222222;\">\u00a0<\/span><br style=\"color: #222222;\" \/><strong style=\"color: #222222;\">SERVI\u00c7O:<\/strong><br style=\"color: #222222;\" \/><span style=\"color: #222222;\">\u00a0<\/span><br style=\"color: #222222;\" \/><strong style=\"color: #222222;\">PETROLINA<\/strong><br style=\"color: #222222;\" \/><strong style=\"color: #222222;\">15h \u2013<\/strong><span style=\"color: #222222;\">\u00a0Com\u00edcio com Lula, Armando e Jo\u00e3o Paulo<\/span><br style=\"color: #222222;\" \/><strong style=\"color: #222222;\">Local:<\/strong><span style=\"color: #222222;\">\u00a0Pra\u00e7a 21 de Setembro (centro)<\/span><br style=\"color: #222222;\" \/><span style=\"color: #222222;\">\u00a0<\/span><br style=\"color: #222222;\" \/><strong style=\"color: #222222;\">RECIFE<\/strong><br style=\"color: #222222;\" \/><strong style=\"color: #222222;\">19h<\/strong><span style=\"color: #222222;\">\u00a0\u2013 Com\u00edcio em Bras\u00edlia Teimosa<\/span><br style=\"color: #222222;\" \/><strong style=\"color: #222222;\">Local:<\/strong><span style=\"color: #222222;\">\u00a0Avenida Bras\u00edlia Formosa (pr\u00f3ximo ao Bar Biruta)<\/span><br style=\"color: #222222;\" \/><strong style=\"color: #222222;\"><span style=\"text-decoration: underline;\">Informa\u00e7\u00f5es para a imprensa<\/span><\/strong><strong style=\"color: #222222;\">:<\/strong><br style=\"color: #222222;\" \/><strong style=\"color: #222222;\">Vanessa Campos:<\/strong><span style=\"color: #222222;\">\u00a0(61) 8625.5478<\/span><br style=\"color: #222222;\" \/><strong style=\"color: #222222;\">Natalia Kozmhinsky:\u00a0<\/strong><span style=\"color: #222222;\">(81) 9244.7590<\/span><br style=\"color: #222222;\" \/><strong style=\"color: #222222;\">Mariana Silveira:\u00a0<\/strong><span style=\"color: #222222;\">(81) 9733.9607<\/span><br style=\"color: #222222;\" \/><strong style=\"color: #222222;\">Comit\u00ea de Dilma:<\/strong><span style=\"color: #222222;\">\u00a0(81) 3212.4888<\/span><\/p>\n\n\t\t\t\t<div class=\"mr_social_sharing_wrapper\">\n\t\t\t\t<!-- Social Sharing Toolkit v2.2 --><span class=\"mr_social_sharing_top\"><span style=\"display: inline-block; width: 55px; height: 62px; overflow: hidden;\"><div class=\"fb-like\" data-href=\"http:\/\/www.blogdopilako.com.br\/wp\/2014\/09\/03\/lula-e-dilma-voltam-a-pernambuco-para-dois-grandes-atos-com-armando-e-joao-paulo\/\" data-send=\"false\" data-layout=\"box_count\" data-width=\"55\" data-show-faces=\"false\"><\/div><\/span><\/span><span class=\"mr_social_sharing_top\"><fb:share-button type=\"box_count\" href=\"http:\/\/www.blogdopilako.com.br\/wp\/2014\/09\/03\/lula-e-dilma-voltam-a-pernambuco-para-dois-grandes-atos-com-armando-e-joao-paulo\/\"><\/fb:share-button><\/span><span class=\"mr_social_sharing\"><a rel=\"nofollow\" class=\"linksalpha_button linksalpha_link\" href=\"\/\/www.linksalpha.com\/social\/mobile\" data-url=\"http:\/\/www.blogdopilako.com.br\/wp\/2014\/09\/03\/lula-e-dilma-voltam-a-pernambuco-para-dois-grandes-atos-com-armando-e-joao-paulo\/\" data-text=\"Lula e Dilma voltam a Pernambuco para dois grandes atos com Armando e Jo\u00e3o Paulo\" data-desc=\"Cr\u00e9dito da foto: L\u00e9o Caldas\/Divulga\u00e7\u00e3o Dois grandes eventos, um no Sert\u00e3o de Pernambuco e outro no Recife, capital do Estado, est\u00e3o sendo preparados para receber o ex-presidente Lula e a presidente e candidata \u00e0 reelei\u00e7\u00e3o Dilma Rousseff nesta quinta-feira (4). Os atos refor\u00e7am as\" data-image=\"http:\/\/www.blogdopilako.com.br\/wp\/wp-content\/uploads\/2fbb72e5-e147-4d76-b20c-b830fddff642.jpg\" data-button=\"none\">\n\t\t\t\t\t<img src=\"\/\/www.linksalpha.com\/images\/social_share_button.png\" alt=\"Share\" class=\"linksalpha_image\" \/>\n\t\t\t\t\t<\/a><script type=\"text\/javascript\" src=\"\/\/www.linksalpha.com\/scripts\/loader_iconbox.js?v=2.4\"><\/script><\/span><\/div>","protected":false},"excerpt":{"rendered":"\n\t\t\t\t<div class=\"mr_social_sharing_wrapper\">\n\t\t\t\t<!-- Social Sharing Toolkit v2.2 --><span class=\"mr_social_sharing_top\"><span style=\"display: inline-block; width: 55px; height: 62px; overflow: hidden;\"><div class=\"fb-like\" data-href=\"http:\/\/www.blogdopilako.com.br\/wp\/2014\/09\/03\/lula-e-dilma-voltam-a-pernambuco-para-dois-grandes-atos-com-armando-e-joao-paulo\/\" data-send=\"false\" data-layout=\"box_count\" data-width=\"55\" data-show-faces=\"false\"><\/div><\/span><\/span><span class=\"mr_social_sharing_top\"><fb:share-button type=\"box_count\" href=\"http:\/\/www.blogdopilako.com.br\/wp\/2014\/09\/03\/lula-e-dilma-voltam-a-pernambuco-para-dois-grandes-atos-com-armando-e-joao-paulo\/\"><\/fb:share-button><\/span><span class=\"mr_social_sharing\"><a rel=\"nofollow\" class=\"linksalpha_button linksalpha_link\" href=\"\/\/www.linksalpha.com\/social\/mobile\" data-url=\"http:\/\/www.blogdopilako.com.br\/wp\/2014\/09\/03\/lula-e-dilma-voltam-a-pernambuco-para-dois-grandes-atos-com-armando-e-joao-paulo\/\" data-text=\"Lula e Dilma voltam a Pernambuco para dois grandes atos com Armando e Jo\u00e3o Paulo\" data-desc=\"Cr\u00e9dito da foto: L\u00e9o Caldas\/Divulga\u00e7\u00e3o Dois grandes eventos, um no Sert\u00e3o de Pernambuco e outro no Recife, capital do Estado, est\u00e3o sendo preparados para receber o ex-presidente Lula e a presidente e candidata \u00e0 reelei\u00e7\u00e3o Dilma Rousseff nesta quinta-feira (4). Os atos refor\u00e7am as\" data-image=\"\" data-button=\"none\">\n\t\t\t\t\t<img src=\"\/\/www.linksalpha.com\/images\/social_share_button.png\" alt=\"Share\" class=\"linksalpha_image\" \/>\n\t\t\t\t\t<\/a><script type=\"text\/javascript\" src=\"\/\/www.linksalpha.com\/scripts\/loader_iconbox.js?v=2.4\"><\/script><\/span><\/div><p>Dois grandes eventos, um no Sert\u00e3o de Pernambuco e outro no Recife, capital do Estado, est\u00e3o sendo preparados para receber o ex-presidente Lula e a presidente e candidata \u00e0 reelei\u00e7\u00e3o Dilma Rousseff nesta quinta-feira (4). Os atos refor\u00e7am as campanhas &hellip; <a href=\"http:\/\/www.blogdopilako.com.br\/wp\/2014\/09\/03\/lula-e-dilma-voltam-a-pernambuco-para-dois-grandes-atos-com-armando-e-joao-paulo\/\">Continue lendo <span class=\"meta-nav\">&rarr;<\/span><\/a><\/p>\n\n\t\t\t\t<div class=\"mr_social_sharing_wrapper\">\n\t\t\t\t<!-- Social Sharing Toolkit v2.2 --><span class=\"mr_social_sharing_top\"><span style=\"display: inline-block; width: 55px; height: 62px; overflow: hidden;\"><div class=\"fb-like\" data-href=\"http:\/\/www.blogdopilako.com.br\/wp\/2014\/09\/03\/lula-e-dilma-voltam-a-pernambuco-para-dois-grandes-atos-com-armando-e-joao-paulo\/\" data-send=\"false\" data-layout=\"box_count\" data-width=\"55\" data-show-faces=\"false\"><\/div><\/span><\/span><span class=\"mr_social_sharing_top\"><fb:share-button type=\"box_count\" href=\"http:\/\/www.blogdopilako.com.br\/wp\/2014\/09\/03\/lula-e-dilma-voltam-a-pernambuco-para-dois-grandes-atos-com-armando-e-joao-paulo\/\"><\/fb:share-button><\/span><span class=\"mr_social_sharing\"><a rel=\"nofollow\" class=\"linksalpha_button linksalpha_link\" href=\"\/\/www.linksalpha.com\/social\/mobile\" data-url=\"http:\/\/www.blogdopilako.com.br\/wp\/2014\/09\/03\/lula-e-dilma-voltam-a-pernambuco-para-dois-grandes-atos-com-armando-e-joao-paulo\/\" data-text=\"Lula e Dilma voltam a Pernambuco para dois grandes atos com Armando e Jo\u00e3o Paulo\" data-desc=\"Cr\u00e9dito da foto: L\u00e9o Caldas\/Divulga\u00e7\u00e3o Dois grandes eventos, um no Sert\u00e3o de Pernambuco e outro no Recife, capital do Estado, est\u00e3o sendo preparados para receber o ex-presidente Lula e a presidente e candidata \u00e0 reelei\u00e7\u00e3o Dilma Rousseff nesta quinta-feira (4). Os atos refor\u00e7am as\" data-image=\"\" data-button=\"none\">\n\t\t\t\t\t<img src=\"\/\/www.linksalpha.com\/images\/social_share_button.png\" alt=\"Share\" class=\"linksalpha_image\" \/>\n\t\t\t\t\t<\/a><script type=\"text\/javascript\" src=\"\/\/www.linksalpha.com\/scripts\/loader_iconbox.js?v=2.4\"><\/script><\/span><\/div>","protected":false},"author":4,"featured_media":0,"comment_status":"open","ping_status":"open","sticky":false,"template":"","format":"standard","meta":[],"categories":[22],"tags":[],"_links":{"self":[{"href":"http:\/\/www.blogdopilako.com.br\/wp\/wp-json\/wp\/v2\/posts\/64942"}],"collection":[{"href":"http:\/\/www.blogdopilako.com.br\/wp\/wp-json\/wp\/v2\/posts"}],"about":[{"href":"http:\/\/www.blogdopilako.com.br\/wp\/wp-json\/wp\/v2\/types\/post"}],"author":[{"embeddable":true,"href":"http:\/\/www.blogdopilako.com.br\/wp\/wp-json\/wp\/v2\/users\/4"}],"replies":[{"embeddable":true,"href":"http:\/\/www.blogdopilako.com.br\/wp\/wp-json\/wp\/v2\/comments?post=64942"}],"version-history":[{"count":1,"href":"http:\/\/www.blogdopilako.com.br\/wp\/wp-json\/wp\/v2\/posts\/64942\/revisions"}],"predecessor-version":[{"id":64944,"href":"http:\/\/www.blogdopilako.com.br\/wp\/wp-json\/wp\/v2\/posts\/64942\/revisions\/64944"}],"wp:attachment":[{"href":"http:\/\/www.blogdopilako.com.br\/wp\/wp-json\/wp\/v2\/media?parent=64942"}],"wp:term":[{"taxonomy":"category","embeddable":true,"href":"http:\/\/www.blogdopilako.com.br\/wp\/wp-json\/wp\/v2\/categories?post=64942"},{"taxonomy":"post_tag","embeddable":true,"href":"http:\/\/www.blogdopilako.com.br\/wp\/wp-json\/wp\/v2\/tags?post=64942"}],"curies":[{"name":"wp","href":"https:\/\/api.w.org\/{rel}","templated":true}]}}