{"id":6334,"date":"2011-10-03T15:50:36","date_gmt":"2011-10-03T18:50:36","guid":{"rendered":"http:\/\/www.blogdopilako.com.br\/wp\/?p=6334"},"modified":"2011-10-03T16:09:15","modified_gmt":"2011-10-03T19:09:15","slug":"comeca-hoje-a-programacao-das-comemoracoes-da-paroquia-nossa-senhora-da-conceicao-aparecida","status":"publish","type":"post","link":"http:\/\/www.blogdopilako.com.br\/wp\/2011\/10\/03\/comeca-hoje-a-programacao-das-comemoracoes-da-paroquia-nossa-senhora-da-conceicao-aparecida\/","title":{"rendered":"Come\u00e7am hoje (03) as celebra\u00e7\u00f5es da Par\u00f3quia Nossa Senhora da Concei\u00e7\u00e3o Aparecida. Confira a programa\u00e7\u00e3o."},"content":{"rendered":"\n\t\t\t\t<div class=\"mr_social_sharing_wrapper\">\n\t\t\t\t<!-- Social Sharing Toolkit v2.2 --><span class=\"mr_social_sharing_top\"><span style=\"display: inline-block; width: 55px; height: 62px; overflow: hidden;\"><div class=\"fb-like\" data-href=\"http:\/\/www.blogdopilako.com.br\/wp\/2011\/10\/03\/comeca-hoje-a-programacao-das-comemoracoes-da-paroquia-nossa-senhora-da-conceicao-aparecida\/\" data-send=\"false\" data-layout=\"box_count\" data-width=\"55\" data-show-faces=\"false\"><\/div><\/span><\/span><span class=\"mr_social_sharing_top\"><fb:share-button type=\"box_count\" href=\"http:\/\/www.blogdopilako.com.br\/wp\/2011\/10\/03\/comeca-hoje-a-programacao-das-comemoracoes-da-paroquia-nossa-senhora-da-conceicao-aparecida\/\"><\/fb:share-button><\/span><span class=\"mr_social_sharing\"><a rel=\"nofollow\" class=\"linksalpha_button linksalpha_link\" href=\"\/\/www.linksalpha.com\/social\/mobile\" data-url=\"http:\/\/www.blogdopilako.com.br\/wp\/2011\/10\/03\/comeca-hoje-a-programacao-das-comemoracoes-da-paroquia-nossa-senhora-da-conceicao-aparecida\/\" data-text=\"Come\u00e7am hoje (03) as celebra\u00e7\u00f5es da Par\u00f3quia Nossa Senhora da Concei\u00e7\u00e3o Aparecida. Confira a programa\u00e7\u00e3o.\" data-desc=\"Programa\u00e7\u00e3o Segunda-feira \u2013 03\/10 6:00h \u2013 Missa 18:40 \u2013 Recita\u00e7\u00e3o do Ter\u00e7o 19:30h \u2013 Celebra\u00e7\u00e3o da Novena 21h \u2013 Atra\u00e7\u00f5es Culturais Celebrante \u2013 Monsenhor Alb\u00e9rico. Tema \u2013 Maria: Cora\u00e7\u00e3o dedicado ao amor. Movimento \u2013 Ju\u00edzes da festa e da bandeira Par\u00f3quia \u2013 Santo\" data-image=\"http:\/\/www.blogdopilako.com.br\/wp\/wp-content\/uploads\/nossasenhoraaparecida2.jpg\" data-button=\"none\">\n\t\t\t\t\t<img src=\"\/\/www.linksalpha.com\/images\/social_share_button.png\" alt=\"Share\" class=\"linksalpha_image\" \/>\n\t\t\t\t\t<\/a><script type=\"text\/javascript\" src=\"\/\/www.linksalpha.com\/scripts\/loader_iconbox.js?v=2.4\"><\/script><\/span><\/div><p><a href=\"http:\/\/www.blogdopilako.com.br\/wp\/wp-content\/uploads\/nossasenhoraaparecida2.jpg\"><img loading=\"lazy\" class=\"aligncenter size-full wp-image-5640\" title=\"nossasenhoraaparecida2\" src=\"http:\/\/www.blogdopilako.com.br\/wp\/wp-content\/uploads\/nossasenhoraaparecida2.jpg\" alt=\"\" width=\"330\" height=\"522\" \/><\/a><\/p>\n<h2 style=\"text-align: center;\"><strong>Programa\u00e7\u00e3o<\/strong><\/h2>\n<p><strong>Segunda-feira \u2013 03\/10<\/strong><br \/>\n6:00h \u2013 Missa  18:40 \u2013 Recita\u00e7\u00e3o do Ter\u00e7o<br \/>\n19:30h \u2013 Celebra\u00e7\u00e3o da Novena  21h \u2013 Atra\u00e7\u00f5es Culturais<br \/>\nCelebrante \u2013 Monsenhor Alb\u00e9rico.<br \/>\nTema \u2013 Maria: Cora\u00e7\u00e3o dedicado ao amor.<br \/>\nMovimento \u2013 Ju\u00edzes da festa e da bandeira<br \/>\nPar\u00f3quia \u2013 Santo Ant\u00e3o (Vit\u00f3ria \u2013 PE)<br \/>\nB\u00ean\u00e7\u00e3o \u2013 Motoristas<\/p>\n<p><strong>Ter\u00e7a-feira \u2013 04\/10<\/strong><br \/>\n6:00h \u2013 Missa  18:40 \u2013 Recita\u00e7\u00e3o do Ter\u00e7o<br \/>\n19:30h \u2013 Celebra\u00e7\u00e3o da Novena  21h \u2013 Atra\u00e7\u00f5es Culturais<br \/>\nCelebrante \u2013 Pe. Cardoso<br \/>\nTema \u2013 Maria: Cora\u00e7\u00e3o transbordante de Paz.<br \/>\nMovimento \u2013 Ter\u00e7o dos Homens \/ Dizimistas<br \/>\nComunidades: Jardim S\u00e3o Pedro e Lot. Luiz Gonzaga.<br \/>\nB\u00ean\u00e7\u00e3o \u2013 Comerciantes<\/p>\n<p><strong>Quarta-feira \u2013 05\/10<\/strong><br \/>\n6:00h \u2013 Missa  18:40 \u2013 Recita\u00e7\u00e3o do Ter\u00e7o<br \/>\n19:30h \u2013 Celebra\u00e7\u00e3o da Novena  21h \u2013 Atra\u00e7\u00f5es Culturais<br \/>\nCelebrante \u2013 Pe. Gleiber<br \/>\nTema \u2013 Maria: Cora\u00e7\u00e3o solid\u00e1rio e servidor.<br \/>\nMovimento \u2013 Ministros \/ Pastoral da Crian\u00e7a \/ Pastoral da Sa\u00fade \/ Legi\u00e3o de Maria<br \/>\nComunidades: Jardim Brasil, Serraria e Jussaral.<br \/>\nPar\u00f3quia \u2013 S\u00e3o Jos\u00e9 (Jussaral)<br \/>\nB\u00ean\u00e7\u00e3o \u2013 Estudantes<\/p>\n<p><strong>Quinta-feira \u2013 06\/10<\/strong><br \/>\n6:00h \u2013 Missa  18:40 \u2013 Recita\u00e7\u00e3o do Ter\u00e7o<br \/>\n19:30h \u2013 Celebra\u00e7\u00e3o da Novena  21h \u2013 Atra\u00e7\u00f5es Culturais<br \/>\nCelebrante \u2013 Pe. Jo\u00e3o Pedro<br \/>\nTema \u2013 Maria: Cora\u00e7\u00e3o consolador dos aflitos.<br \/>\nMovimento \u2013 M\u00e3e Rainha<br \/>\nComunidades: Gameleira e Varzea Grande.<br \/>\nPar\u00f3quia \u2013 S\u00e3o Vicente de Paulo (Vit\u00f3ria \u2013 PE)<br \/>\nB\u00ean\u00e7\u00e3o \u2013 Universit\u00e1rios<\/p>\n<p><strong>Sexta-feira \u2013 07\/10<\/strong><br \/>\n6:00h \u2013 Missa  18:40 \u2013 Recita\u00e7\u00e3o do Ter\u00e7o<br \/>\n19:30h \u2013 Celebra\u00e7\u00e3o da Novena  21h \u2013 Atra\u00e7\u00f5es Culturais<br \/>\nCelebrante \u2013 Frei Joaquim<br \/>\nTema \u2013 Maria: Cora\u00e7\u00e3o educador da f\u00e9.<br \/>\nMovimento \u2013 Ap\u00f3stolado da Ora\u00e7\u00e3o \/ Batismo \/ Pastoral da Ecologia<br \/>\nComunidades: Borges.<br \/>\nPar\u00f3quia \u2013 Santa Terezinha (Bonan\u00e7a \u2013 PE)<br \/>\nB\u00ean\u00e7\u00e3o \u2013 Professores<\/p>\n<p><strong>S\u00e1bado \u2013 08\/10<\/strong><br \/>\n6:00h \u2013 Missa  18:40 \u2013 Recita\u00e7\u00e3o do Ter\u00e7o<br \/>\n19:30h \u2013 Celebra\u00e7\u00e3o da Novena  21h \u2013 Atra\u00e7\u00f5es Culturais<br \/>\nCelebrante \u2013 Pe. Ant\u00f4nio Pereira<br \/>\nTema \u2013 Maria: Cora\u00e7\u00e3o acolhedor da palavra.<br \/>\nMovimento \u2013 Sal e Luz \/ Grupo Dominus \/ MJAC \/ Coroinhas \/ Pascom<br \/>\nPar\u00f3quia \u2013 Nossa Sra. da Concei\u00e7\u00e3o (Moreno \u2013 PE)<br \/>\nB\u00ean\u00e7\u00e3o \u2013 Jovens<\/p>\n<p><strong>Domingo \u2013 09\/10<\/strong><br \/>\n6:00h \u2013 Missa  18:40 \u2013 Recita\u00e7\u00e3o do Ter\u00e7o<br \/>\n19:30h \u2013 Celebra\u00e7\u00e3o da Novena  9h \u2013 Batizados<br \/>\nCelebrante \u2013 Pe. Mac\u00e1rio<br \/>\nTema \u2013 Maria: Cora\u00e7\u00e3o proclamador da miseric\u00f3rdia.<br \/>\nMovimento \u2013 Divina Miseric\u00f3rdia \/ Grupo de Ora\u00e7\u00e3o<br \/>\nPar\u00f3quia \u2013 Nossa Sra. Aparecida (Vit\u00f3ria \u2013 PE)<br \/>\nB\u00ean\u00e7\u00e3o \u2013 Patrocinadores da Festa<\/p>\n<p><strong>Segunda-feira \u2013 10\/10<\/strong><br \/>\n6:00h \u2013 Missa  18:40 \u2013 Recita\u00e7\u00e3o do Ter\u00e7o<br \/>\n19:30h \u2013 Celebra\u00e7\u00e3o da Novena  21h \u2013 Atra\u00e7\u00f5es Culturais<br \/>\nCelebrante \u2013 Pe. Ildemberg<br \/>\nTema \u2013 Maria: Cora\u00e7\u00e3o inspirador da miss\u00e3o.<br \/>\nMovimento \u2013 Catequese 1\u00ba Eucaristia \/ Crisma \/ Inf\u00e2ncia Mission\u00e1ria \/ Recepcionistas<br \/>\nPar\u00f3quia \u2013 Santo Amaro (Jaboat\u00e3o \u2013 PE)<br \/>\nB\u00ean\u00e7\u00e3o \u2013 Crian\u00e7as<\/p>\n<p><strong>Ter\u00e7a-feira \u2013 11\/10<\/strong><br \/>\n6:00h \u2013 Missa  18:40 \u2013 Recita\u00e7\u00e3o do Ter\u00e7o<br \/>\n19:30h \u2013 Celebra\u00e7\u00e3o da Novena  21h \u2013 Atra\u00e7\u00f5es Culturais<br \/>\nCelebrante \u2013 Pe. Rubens<br \/>\nTema \u2013 Maria: Cora\u00e7\u00e3o Gerador da vida.<br \/>\nMovimento \u2013 Pastoral Familiar \/ ECC \/ Equipes de Nossa Senhora<br \/>\nComunidades: S\u00e3o Francisco de Assis e Loteamento de Bau<br \/>\nPar\u00f3quia \u2013 Nossa Sra. do Livramento<br \/>\nB\u00ean\u00e7\u00e3o \u2013 Dos Profissionais da Constru\u00e7\u00e3o<\/p>\n<p><strong>Dia: 12\/10 &#8211; Quarta-feira<\/strong><br \/>\n(Dia da Festa)<br \/>\n10:00h \u2013 Missa Solene<br \/>\nCelebrante \u2013 Dom Fernando Saburido<br \/>\n16:00h \u2013 Prociss\u00e3o<br \/>\n17:00h \u2013 Prega\u00e7\u00e3o<br \/>\nCelebrante \u2013 Pe. Mauricio \u2013 Vig\u00e1rio Episcopal<br \/>\nFINAL \u2013 Ben\u00e7\u00e3o do Sant\u00edssimo e Show<br \/>\nCelebrante \u2013 Frei Dami\u00e3o<\/p>\n\n\t\t\t\t<div class=\"mr_social_sharing_wrapper\">\n\t\t\t\t<!-- Social Sharing Toolkit v2.2 --><span class=\"mr_social_sharing_top\"><span style=\"display: inline-block; width: 55px; height: 62px; overflow: hidden;\"><div class=\"fb-like\" data-href=\"http:\/\/www.blogdopilako.com.br\/wp\/2011\/10\/03\/comeca-hoje-a-programacao-das-comemoracoes-da-paroquia-nossa-senhora-da-conceicao-aparecida\/\" data-send=\"false\" data-layout=\"box_count\" data-width=\"55\" data-show-faces=\"false\"><\/div><\/span><\/span><span class=\"mr_social_sharing_top\"><fb:share-button type=\"box_count\" href=\"http:\/\/www.blogdopilako.com.br\/wp\/2011\/10\/03\/comeca-hoje-a-programacao-das-comemoracoes-da-paroquia-nossa-senhora-da-conceicao-aparecida\/\"><\/fb:share-button><\/span><span class=\"mr_social_sharing\"><a rel=\"nofollow\" class=\"linksalpha_button linksalpha_link\" href=\"\/\/www.linksalpha.com\/social\/mobile\" data-url=\"http:\/\/www.blogdopilako.com.br\/wp\/2011\/10\/03\/comeca-hoje-a-programacao-das-comemoracoes-da-paroquia-nossa-senhora-da-conceicao-aparecida\/\" data-text=\"Come\u00e7am hoje (03) as celebra\u00e7\u00f5es da Par\u00f3quia Nossa Senhora da Concei\u00e7\u00e3o Aparecida. Confira a programa\u00e7\u00e3o.\" data-desc=\"Programa\u00e7\u00e3o Segunda-feira \u2013 03\/10 6:00h \u2013 Missa 18:40 \u2013 Recita\u00e7\u00e3o do Ter\u00e7o 19:30h \u2013 Celebra\u00e7\u00e3o da Novena 21h \u2013 Atra\u00e7\u00f5es Culturais Celebrante \u2013 Monsenhor Alb\u00e9rico. Tema \u2013 Maria: Cora\u00e7\u00e3o dedicado ao amor. Movimento \u2013 Ju\u00edzes da festa e da bandeira Par\u00f3quia \u2013 Santo\" data-image=\"http:\/\/www.blogdopilako.com.br\/wp\/wp-content\/uploads\/nossasenhoraaparecida2.jpg\" data-button=\"none\">\n\t\t\t\t\t<img src=\"\/\/www.linksalpha.com\/images\/social_share_button.png\" alt=\"Share\" class=\"linksalpha_image\" \/>\n\t\t\t\t\t<\/a><script type=\"text\/javascript\" src=\"\/\/www.linksalpha.com\/scripts\/loader_iconbox.js?v=2.4\"><\/script><\/span><\/div>","protected":false},"excerpt":{"rendered":"\n\t\t\t\t<div class=\"mr_social_sharing_wrapper\">\n\t\t\t\t<!-- Social Sharing Toolkit v2.2 --><span class=\"mr_social_sharing_top\"><span style=\"display: inline-block; width: 55px; height: 62px; overflow: hidden;\"><div class=\"fb-like\" data-href=\"http:\/\/www.blogdopilako.com.br\/wp\/2011\/10\/03\/comeca-hoje-a-programacao-das-comemoracoes-da-paroquia-nossa-senhora-da-conceicao-aparecida\/\" data-send=\"false\" data-layout=\"box_count\" data-width=\"55\" data-show-faces=\"false\"><\/div><\/span><\/span><span class=\"mr_social_sharing_top\"><fb:share-button type=\"box_count\" href=\"http:\/\/www.blogdopilako.com.br\/wp\/2011\/10\/03\/comeca-hoje-a-programacao-das-comemoracoes-da-paroquia-nossa-senhora-da-conceicao-aparecida\/\"><\/fb:share-button><\/span><span class=\"mr_social_sharing\"><a rel=\"nofollow\" class=\"linksalpha_button linksalpha_link\" href=\"\/\/www.linksalpha.com\/social\/mobile\" data-url=\"http:\/\/www.blogdopilako.com.br\/wp\/2011\/10\/03\/comeca-hoje-a-programacao-das-comemoracoes-da-paroquia-nossa-senhora-da-conceicao-aparecida\/\" data-text=\"Come\u00e7am hoje (03) as celebra\u00e7\u00f5es da Par\u00f3quia Nossa Senhora da Concei\u00e7\u00e3o Aparecida. Confira a programa\u00e7\u00e3o.\" data-desc=\"Programa\u00e7\u00e3o Segunda-feira \u2013 03\/10 6:00h \u2013 Missa 18:40 \u2013 Recita\u00e7\u00e3o do Ter\u00e7o 19:30h \u2013 Celebra\u00e7\u00e3o da Novena 21h \u2013 Atra\u00e7\u00f5es Culturais Celebrante \u2013 Monsenhor Alb\u00e9rico. Tema \u2013 Maria: Cora\u00e7\u00e3o dedicado ao amor. Movimento \u2013 Ju\u00edzes da festa e da bandeira Par\u00f3quia \u2013 Santo\" data-image=\"\" data-button=\"none\">\n\t\t\t\t\t<img src=\"\/\/www.linksalpha.com\/images\/social_share_button.png\" alt=\"Share\" class=\"linksalpha_image\" \/>\n\t\t\t\t\t<\/a><script type=\"text\/javascript\" src=\"\/\/www.linksalpha.com\/scripts\/loader_iconbox.js?v=2.4\"><\/script><\/span><\/div><p>Programa\u00e7\u00e3o Segunda-feira \u2013 03\/10 6:00h \u2013 Missa 18:40 \u2013 Recita\u00e7\u00e3o do Ter\u00e7o 19:30h \u2013 Celebra\u00e7\u00e3o da Novena 21h \u2013 Atra\u00e7\u00f5es Culturais Celebrante \u2013 Monsenhor Alb\u00e9rico. Tema \u2013 Maria: Cora\u00e7\u00e3o dedicado ao amor. Movimento \u2013 Ju\u00edzes da festa e da bandeira &hellip; <a href=\"http:\/\/www.blogdopilako.com.br\/wp\/2011\/10\/03\/comeca-hoje-a-programacao-das-comemoracoes-da-paroquia-nossa-senhora-da-conceicao-aparecida\/\">Continue lendo <span class=\"meta-nav\">&rarr;<\/span><\/a><\/p>\n\n\t\t\t\t<div class=\"mr_social_sharing_wrapper\">\n\t\t\t\t<!-- Social Sharing Toolkit v2.2 --><span class=\"mr_social_sharing_top\"><span style=\"display: inline-block; width: 55px; height: 62px; overflow: hidden;\"><div class=\"fb-like\" data-href=\"http:\/\/www.blogdopilako.com.br\/wp\/2011\/10\/03\/comeca-hoje-a-programacao-das-comemoracoes-da-paroquia-nossa-senhora-da-conceicao-aparecida\/\" data-send=\"false\" data-layout=\"box_count\" data-width=\"55\" data-show-faces=\"false\"><\/div><\/span><\/span><span class=\"mr_social_sharing_top\"><fb:share-button type=\"box_count\" href=\"http:\/\/www.blogdopilako.com.br\/wp\/2011\/10\/03\/comeca-hoje-a-programacao-das-comemoracoes-da-paroquia-nossa-senhora-da-conceicao-aparecida\/\"><\/fb:share-button><\/span><span class=\"mr_social_sharing\"><a rel=\"nofollow\" class=\"linksalpha_button linksalpha_link\" href=\"\/\/www.linksalpha.com\/social\/mobile\" data-url=\"http:\/\/www.blogdopilako.com.br\/wp\/2011\/10\/03\/comeca-hoje-a-programacao-das-comemoracoes-da-paroquia-nossa-senhora-da-conceicao-aparecida\/\" data-text=\"Come\u00e7am hoje (03) as celebra\u00e7\u00f5es da Par\u00f3quia Nossa Senhora da Concei\u00e7\u00e3o Aparecida. Confira a programa\u00e7\u00e3o.\" data-desc=\"Programa\u00e7\u00e3o Segunda-feira \u2013 03\/10 6:00h \u2013 Missa 18:40 \u2013 Recita\u00e7\u00e3o do Ter\u00e7o 19:30h \u2013 Celebra\u00e7\u00e3o da Novena 21h \u2013 Atra\u00e7\u00f5es Culturais Celebrante \u2013 Monsenhor Alb\u00e9rico. Tema \u2013 Maria: Cora\u00e7\u00e3o dedicado ao amor. Movimento \u2013 Ju\u00edzes da festa e da bandeira Par\u00f3quia \u2013 Santo\" data-image=\"\" data-button=\"none\">\n\t\t\t\t\t<img src=\"\/\/www.linksalpha.com\/images\/social_share_button.png\" alt=\"Share\" class=\"linksalpha_image\" \/>\n\t\t\t\t\t<\/a><script type=\"text\/javascript\" src=\"\/\/www.linksalpha.com\/scripts\/loader_iconbox.js?v=2.4\"><\/script><\/span><\/div>","protected":false},"author":4,"featured_media":0,"comment_status":"open","ping_status":"open","sticky":false,"template":"","format":"standard","meta":[],"categories":[22],"tags":[],"_links":{"self":[{"href":"http:\/\/www.blogdopilako.com.br\/wp\/wp-json\/wp\/v2\/posts\/6334"}],"collection":[{"href":"http:\/\/www.blogdopilako.com.br\/wp\/wp-json\/wp\/v2\/posts"}],"about":[{"href":"http:\/\/www.blogdopilako.com.br\/wp\/wp-json\/wp\/v2\/types\/post"}],"author":[{"embeddable":true,"href":"http:\/\/www.blogdopilako.com.br\/wp\/wp-json\/wp\/v2\/users\/4"}],"replies":[{"embeddable":true,"href":"http:\/\/www.blogdopilako.com.br\/wp\/wp-json\/wp\/v2\/comments?post=6334"}],"version-history":[{"count":5,"href":"http:\/\/www.blogdopilako.com.br\/wp\/wp-json\/wp\/v2\/posts\/6334\/revisions"}],"predecessor-version":[{"id":6338,"href":"http:\/\/www.blogdopilako.com.br\/wp\/wp-json\/wp\/v2\/posts\/6334\/revisions\/6338"}],"wp:attachment":[{"href":"http:\/\/www.blogdopilako.com.br\/wp\/wp-json\/wp\/v2\/media?parent=6334"}],"wp:term":[{"taxonomy":"category","embeddable":true,"href":"http:\/\/www.blogdopilako.com.br\/wp\/wp-json\/wp\/v2\/categories?post=6334"},{"taxonomy":"post_tag","embeddable":true,"href":"http:\/\/www.blogdopilako.com.br\/wp\/wp-json\/wp\/v2\/tags?post=6334"}],"curies":[{"name":"wp","href":"https:\/\/api.w.org\/{rel}","templated":true}]}}