{"id":60342,"date":"2014-04-29T14:20:44","date_gmt":"2014-04-29T17:20:44","guid":{"rendered":"http:\/\/www.blogdopilako.com.br\/wp\/?p=60342"},"modified":"2014-04-29T12:01:36","modified_gmt":"2014-04-29T15:01:36","slug":"segundo-internauta-carlos-augusto-onibus-dos-estudantes-tambem-param-no-meio-da-rua-na-praca-da-matriz","status":"publish","type":"post","link":"http:\/\/www.blogdopilako.com.br\/wp\/2014\/04\/29\/segundo-internauta-carlos-augusto-onibus-dos-estudantes-tambem-param-no-meio-da-rua-na-praca-da-matriz\/","title":{"rendered":"Segundo internauta Carlos Augusto, \u00f4nibus dos estudantes tamb\u00e9m param no meio da rua, na Pra\u00e7a da Matriz."},"content":{"rendered":"\n\t\t\t\t<div class=\"mr_social_sharing_wrapper\">\n\t\t\t\t<!-- Social Sharing Toolkit v2.2 --><span class=\"mr_social_sharing_top\"><span style=\"display: inline-block; width: 55px; height: 62px; overflow: hidden;\"><div class=\"fb-like\" data-href=\"http:\/\/www.blogdopilako.com.br\/wp\/2014\/04\/29\/segundo-internauta-carlos-augusto-onibus-dos-estudantes-tambem-param-no-meio-da-rua-na-praca-da-matriz\/\" data-send=\"false\" data-layout=\"box_count\" data-width=\"55\" data-show-faces=\"false\"><\/div><\/span><\/span><span class=\"mr_social_sharing_top\"><fb:share-button type=\"box_count\" href=\"http:\/\/www.blogdopilako.com.br\/wp\/2014\/04\/29\/segundo-internauta-carlos-augusto-onibus-dos-estudantes-tambem-param-no-meio-da-rua-na-praca-da-matriz\/\"><\/fb:share-button><\/span><span class=\"mr_social_sharing\"><a rel=\"nofollow\" class=\"linksalpha_button linksalpha_link\" href=\"\/\/www.linksalpha.com\/social\/mobile\" data-url=\"http:\/\/www.blogdopilako.com.br\/wp\/2014\/04\/29\/segundo-internauta-carlos-augusto-onibus-dos-estudantes-tambem-param-no-meio-da-rua-na-praca-da-matriz\/\" data-text=\"Segundo internauta Carlos Augusto, \u00f4nibus dos estudantes tamb\u00e9m param no meio da rua, na Pra\u00e7a da Matriz.\" data-desc=\"Coment\u00e1rio postado na mat\u00e9ria \"Blog do Pilako bota a prefeitura para trabalhar.\". Na pra\u00e7a da matriz est\u00e1 acontecendo a mesma coisa, o \u00f4nibus escolar para no meio da rua, em frente a clinica de fisioterapia e o tr\u00e2nsito que se dane. Tem que ficar esperando at\u00e9 que o \u00faltimo estudante entre no\" data-image=\"\" data-button=\"none\">\n\t\t\t\t\t<img src=\"\/\/www.linksalpha.com\/images\/social_share_button.png\" alt=\"Share\" class=\"linksalpha_image\" \/>\n\t\t\t\t\t<\/a><script type=\"text\/javascript\" src=\"\/\/www.linksalpha.com\/scripts\/loader_iconbox.js?v=2.4\"><\/script><\/span><\/div><p>Coment\u00e1rio postado na mat\u00e9ria &#8220;<a href=\"http:\/\/www.blogdopilako.com.br\/wp\/2014\/04\/25\/blog-do-pilako-bota-a-prefeitura-para-trabalhar-7\/\" target=\"_blank\">Blog do Pilako bota a prefeitura para trabalhar.<\/a>&#8220;.<\/p>\n<blockquote>\n<p style=\"text-align: justify;\"><span style=\"color: #333333;\">Na pra\u00e7a da matriz est\u00e1 acontecendo a mesma coisa, o \u00f4nibus escolar para no meio da rua, em frente a clinica de fisioterapia e o tr\u00e2nsito que se dane. Tem que ficar esperando at\u00e9 que o \u00faltimo estudante entre no \u00f4nibus. A agtran \u00e9 uma engana\u00e7\u00e3o, n\u00e3o serve pra nada, tudo la \u00e9 devagar demais,as vans est\u00e3o invadindo a cidade, desrespeitando a sinaliza\u00e7\u00e3o e ela n\u00e3o faz nada. Nossa cidade precisa de pessoas compromissadas com a administra\u00e7\u00e3o p\u00fablica e n\u00e3o com os \u201cca\u00e7as votos\u201d. Precisamos mudar isso ou Vit\u00f3ria vai se tornar um caos maior do que j\u00e1 est\u00e1. Acorda meu povo!!<\/span><\/p>\n<p style=\"text-align: justify;\"><strong><span style=\"color: #555555;\">Carlos Augusto<\/span><\/strong><\/p>\n<\/blockquote>\n\n\t\t\t\t<div class=\"mr_social_sharing_wrapper\">\n\t\t\t\t<!-- Social Sharing Toolkit v2.2 --><span class=\"mr_social_sharing_top\"><span style=\"display: inline-block; width: 55px; height: 62px; overflow: hidden;\"><div class=\"fb-like\" data-href=\"http:\/\/www.blogdopilako.com.br\/wp\/2014\/04\/29\/segundo-internauta-carlos-augusto-onibus-dos-estudantes-tambem-param-no-meio-da-rua-na-praca-da-matriz\/\" data-send=\"false\" data-layout=\"box_count\" data-width=\"55\" data-show-faces=\"false\"><\/div><\/span><\/span><span class=\"mr_social_sharing_top\"><fb:share-button type=\"box_count\" href=\"http:\/\/www.blogdopilako.com.br\/wp\/2014\/04\/29\/segundo-internauta-carlos-augusto-onibus-dos-estudantes-tambem-param-no-meio-da-rua-na-praca-da-matriz\/\"><\/fb:share-button><\/span><span class=\"mr_social_sharing\"><a rel=\"nofollow\" class=\"linksalpha_button linksalpha_link\" href=\"\/\/www.linksalpha.com\/social\/mobile\" data-url=\"http:\/\/www.blogdopilako.com.br\/wp\/2014\/04\/29\/segundo-internauta-carlos-augusto-onibus-dos-estudantes-tambem-param-no-meio-da-rua-na-praca-da-matriz\/\" data-text=\"Segundo internauta Carlos Augusto, \u00f4nibus dos estudantes tamb\u00e9m param no meio da rua, na Pra\u00e7a da Matriz.\" data-desc=\"Coment\u00e1rio postado na mat\u00e9ria \"Blog do Pilako bota a prefeitura para trabalhar.\". Na pra\u00e7a da matriz est\u00e1 acontecendo a mesma coisa, o \u00f4nibus escolar para no meio da rua, em frente a clinica de fisioterapia e o tr\u00e2nsito que se dane. Tem que ficar esperando at\u00e9 que o \u00faltimo estudante entre no\" data-image=\"\" data-button=\"none\">\n\t\t\t\t\t<img src=\"\/\/www.linksalpha.com\/images\/social_share_button.png\" alt=\"Share\" class=\"linksalpha_image\" \/>\n\t\t\t\t\t<\/a><script type=\"text\/javascript\" src=\"\/\/www.linksalpha.com\/scripts\/loader_iconbox.js?v=2.4\"><\/script><\/span><\/div>","protected":false},"excerpt":{"rendered":"\n\t\t\t\t<div class=\"mr_social_sharing_wrapper\">\n\t\t\t\t<!-- Social Sharing Toolkit v2.2 --><span class=\"mr_social_sharing_top\"><span style=\"display: inline-block; width: 55px; height: 62px; overflow: hidden;\"><div class=\"fb-like\" data-href=\"http:\/\/www.blogdopilako.com.br\/wp\/2014\/04\/29\/segundo-internauta-carlos-augusto-onibus-dos-estudantes-tambem-param-no-meio-da-rua-na-praca-da-matriz\/\" data-send=\"false\" data-layout=\"box_count\" data-width=\"55\" data-show-faces=\"false\"><\/div><\/span><\/span><span class=\"mr_social_sharing_top\"><fb:share-button type=\"box_count\" href=\"http:\/\/www.blogdopilako.com.br\/wp\/2014\/04\/29\/segundo-internauta-carlos-augusto-onibus-dos-estudantes-tambem-param-no-meio-da-rua-na-praca-da-matriz\/\"><\/fb:share-button><\/span><span class=\"mr_social_sharing\"><a rel=\"nofollow\" class=\"linksalpha_button linksalpha_link\" href=\"\/\/www.linksalpha.com\/social\/mobile\" data-url=\"http:\/\/www.blogdopilako.com.br\/wp\/2014\/04\/29\/segundo-internauta-carlos-augusto-onibus-dos-estudantes-tambem-param-no-meio-da-rua-na-praca-da-matriz\/\" data-text=\"Segundo internauta Carlos Augusto, \u00f4nibus dos estudantes tamb\u00e9m param no meio da rua, na Pra\u00e7a da Matriz.\" data-desc=\"Coment\u00e1rio postado na mat\u00e9ria \"Blog do Pilako bota a prefeitura para trabalhar.\". Na pra\u00e7a da matriz est\u00e1 acontecendo a mesma coisa, o \u00f4nibus escolar para no meio da rua, em frente a clinica de fisioterapia e o tr\u00e2nsito que se dane. Tem que ficar esperando at\u00e9 que o \u00faltimo estudante entre no\" data-image=\"\" data-button=\"none\">\n\t\t\t\t\t<img src=\"\/\/www.linksalpha.com\/images\/social_share_button.png\" alt=\"Share\" class=\"linksalpha_image\" \/>\n\t\t\t\t\t<\/a><script type=\"text\/javascript\" src=\"\/\/www.linksalpha.com\/scripts\/loader_iconbox.js?v=2.4\"><\/script><\/span><\/div><p>Coment\u00e1rio postado na mat\u00e9ria &#8220;Blog do Pilako bota a prefeitura para trabalhar.&#8220;. Na pra\u00e7a da matriz est\u00e1 acontecendo a mesma coisa, o \u00f4nibus escolar para no meio da rua, em frente a clinica de fisioterapia e o tr\u00e2nsito que se &hellip; <a href=\"http:\/\/www.blogdopilako.com.br\/wp\/2014\/04\/29\/segundo-internauta-carlos-augusto-onibus-dos-estudantes-tambem-param-no-meio-da-rua-na-praca-da-matriz\/\">Continue lendo <span class=\"meta-nav\">&rarr;<\/span><\/a><\/p>\n\n\t\t\t\t<div class=\"mr_social_sharing_wrapper\">\n\t\t\t\t<!-- Social Sharing Toolkit v2.2 --><span class=\"mr_social_sharing_top\"><span style=\"display: inline-block; width: 55px; height: 62px; overflow: hidden;\"><div class=\"fb-like\" data-href=\"http:\/\/www.blogdopilako.com.br\/wp\/2014\/04\/29\/segundo-internauta-carlos-augusto-onibus-dos-estudantes-tambem-param-no-meio-da-rua-na-praca-da-matriz\/\" data-send=\"false\" data-layout=\"box_count\" data-width=\"55\" data-show-faces=\"false\"><\/div><\/span><\/span><span class=\"mr_social_sharing_top\"><fb:share-button type=\"box_count\" href=\"http:\/\/www.blogdopilako.com.br\/wp\/2014\/04\/29\/segundo-internauta-carlos-augusto-onibus-dos-estudantes-tambem-param-no-meio-da-rua-na-praca-da-matriz\/\"><\/fb:share-button><\/span><span class=\"mr_social_sharing\"><a rel=\"nofollow\" class=\"linksalpha_button linksalpha_link\" href=\"\/\/www.linksalpha.com\/social\/mobile\" data-url=\"http:\/\/www.blogdopilako.com.br\/wp\/2014\/04\/29\/segundo-internauta-carlos-augusto-onibus-dos-estudantes-tambem-param-no-meio-da-rua-na-praca-da-matriz\/\" data-text=\"Segundo internauta Carlos Augusto, \u00f4nibus dos estudantes tamb\u00e9m param no meio da rua, na Pra\u00e7a da Matriz.\" data-desc=\"Coment\u00e1rio postado na mat\u00e9ria \"Blog do Pilako bota a prefeitura para trabalhar.\". Na pra\u00e7a da matriz est\u00e1 acontecendo a mesma coisa, o \u00f4nibus escolar para no meio da rua, em frente a clinica de fisioterapia e o tr\u00e2nsito que se dane. Tem que ficar esperando at\u00e9 que o \u00faltimo estudante entre no\" data-image=\"\" data-button=\"none\">\n\t\t\t\t\t<img src=\"\/\/www.linksalpha.com\/images\/social_share_button.png\" alt=\"Share\" class=\"linksalpha_image\" \/>\n\t\t\t\t\t<\/a><script type=\"text\/javascript\" src=\"\/\/www.linksalpha.com\/scripts\/loader_iconbox.js?v=2.4\"><\/script><\/span><\/div>","protected":false},"author":1,"featured_media":0,"comment_status":"open","ping_status":"open","sticky":false,"template":"","format":"standard","meta":[],"categories":[21,22],"tags":[],"_links":{"self":[{"href":"http:\/\/www.blogdopilako.com.br\/wp\/wp-json\/wp\/v2\/posts\/60342"}],"collection":[{"href":"http:\/\/www.blogdopilako.com.br\/wp\/wp-json\/wp\/v2\/posts"}],"about":[{"href":"http:\/\/www.blogdopilako.com.br\/wp\/wp-json\/wp\/v2\/types\/post"}],"author":[{"embeddable":true,"href":"http:\/\/www.blogdopilako.com.br\/wp\/wp-json\/wp\/v2\/users\/1"}],"replies":[{"embeddable":true,"href":"http:\/\/www.blogdopilako.com.br\/wp\/wp-json\/wp\/v2\/comments?post=60342"}],"version-history":[{"count":1,"href":"http:\/\/www.blogdopilako.com.br\/wp\/wp-json\/wp\/v2\/posts\/60342\/revisions"}],"predecessor-version":[{"id":60343,"href":"http:\/\/www.blogdopilako.com.br\/wp\/wp-json\/wp\/v2\/posts\/60342\/revisions\/60343"}],"wp:attachment":[{"href":"http:\/\/www.blogdopilako.com.br\/wp\/wp-json\/wp\/v2\/media?parent=60342"}],"wp:term":[{"taxonomy":"category","embeddable":true,"href":"http:\/\/www.blogdopilako.com.br\/wp\/wp-json\/wp\/v2\/categories?post=60342"},{"taxonomy":"post_tag","embeddable":true,"href":"http:\/\/www.blogdopilako.com.br\/wp\/wp-json\/wp\/v2\/tags?post=60342"}],"curies":[{"name":"wp","href":"https:\/\/api.w.org\/{rel}","templated":true}]}}