{"id":57874,"date":"2014-03-07T11:22:28","date_gmt":"2014-03-07T14:22:28","guid":{"rendered":"http:\/\/www.blogdopilako.com.br\/wp\/?p=57874"},"modified":"2014-03-07T11:22:28","modified_gmt":"2014-03-07T14:22:28","slug":"paredao-anima-as-cachorras","status":"publish","type":"post","link":"http:\/\/www.blogdopilako.com.br\/wp\/2014\/03\/07\/paredao-anima-as-cachorras\/","title":{"rendered":"&#8220;PARED\u00c3O&#8221; ANIMA AS CACHORRAS."},"content":{"rendered":"\n\t\t\t\t<div class=\"mr_social_sharing_wrapper\">\n\t\t\t\t<!-- Social Sharing Toolkit v2.2 --><span class=\"mr_social_sharing_top\"><span style=\"display: inline-block; width: 55px; height: 62px; overflow: hidden;\"><div class=\"fb-like\" data-href=\"http:\/\/www.blogdopilako.com.br\/wp\/2014\/03\/07\/paredao-anima-as-cachorras\/\" data-send=\"false\" data-layout=\"box_count\" data-width=\"55\" data-show-faces=\"false\"><\/div><\/span><\/span><span class=\"mr_social_sharing_top\"><fb:share-button type=\"box_count\" href=\"http:\/\/www.blogdopilako.com.br\/wp\/2014\/03\/07\/paredao-anima-as-cachorras\/\"><\/fb:share-button><\/span><span class=\"mr_social_sharing\"><a rel=\"nofollow\" class=\"linksalpha_button linksalpha_link\" href=\"\/\/www.linksalpha.com\/social\/mobile\" data-url=\"http:\/\/www.blogdopilako.com.br\/wp\/2014\/03\/07\/paredao-anima-as-cachorras\/\" data-text=\"\u201cPARED\u00c3O\u201d ANIMA AS CACHORRAS.\" data-desc=\"O Bloco das Cachorras se utilizou de um potente \u201cPARED\u00c3O DE SOM\u201d para animar seu pessoal no seu desfile do domingo (02) de carnaval. a \u201cgalera\u201d acompanhou o pared\u00e3o fazendo as coreografias e mostrado que no carnaval tudo \u00e9 festa. Veja o v\u00eddeo.\" data-image=\"http:\/\/www.blogdopilako.com.br\/wp\/wp-content\/uploads\/IMG_4512.jpg\" data-button=\"none\">\n\t\t\t\t\t<img src=\"\/\/www.linksalpha.com\/images\/social_share_button.png\" alt=\"Share\" class=\"linksalpha_image\" \/>\n\t\t\t\t\t<\/a><script type=\"text\/javascript\" src=\"\/\/www.linksalpha.com\/scripts\/loader_iconbox.js?v=2.4\"><\/script><\/span><\/div><p style=\"text-align: justify;\"><a href=\"http:\/\/www.blogdopilako.com.br\/wp\/wp-content\/uploads\/IMG_4512.jpg\"><img loading=\"lazy\" class=\"aligncenter size-full wp-image-57956\" alt=\"IMG_4512\" src=\"http:\/\/www.blogdopilako.com.br\/wp\/wp-content\/uploads\/IMG_4512.jpg\" width=\"597\" height=\"446\" \/><\/a><\/p>\n<p style=\"text-align: justify;\">O <strong>Bloco das Cachorras<\/strong> se utilizou de um potente \u201cPARED\u00c3O DE SOM\u201d para animar seu pessoal no seu desfile do domingo (02) de carnaval. a \u201cgalera\u201d acompanhou o pared\u00e3o fazendo as coreografias e mostrado que no carnaval tudo \u00e9 festa. Veja o v\u00eddeo.<\/p>\n<p><object width=\"600\" height=\"338\" classid=\"clsid:d27cdb6e-ae6d-11cf-96b8-444553540000\" codebase=\"http:\/\/download.macromedia.com\/pub\/shockwave\/cabs\/flash\/swflash.cab#version=6,0,40,0\"><param name=\"allowFullScreen\" value=\"true\" \/><param name=\"allowscriptaccess\" value=\"always\" \/><param name=\"src\" value=\"\/\/www.youtube.com\/v\/CklMPKOOJSk?hl=pt_BR&amp;version=3\" \/><param name=\"allowfullscreen\" value=\"true\" \/><embed width=\"600\" height=\"338\" type=\"application\/x-shockwave-flash\" src=\"\/\/www.youtube.com\/v\/CklMPKOOJSk?hl=pt_BR&amp;version=3\" allowFullScreen=\"true\" allowscriptaccess=\"always\" allowfullscreen=\"true\" \/><\/object><\/p>\n\n\t\t\t\t<div class=\"mr_social_sharing_wrapper\">\n\t\t\t\t<!-- Social Sharing Toolkit v2.2 --><span class=\"mr_social_sharing_top\"><span style=\"display: inline-block; width: 55px; height: 62px; overflow: hidden;\"><div class=\"fb-like\" data-href=\"http:\/\/www.blogdopilako.com.br\/wp\/2014\/03\/07\/paredao-anima-as-cachorras\/\" data-send=\"false\" data-layout=\"box_count\" data-width=\"55\" data-show-faces=\"false\"><\/div><\/span><\/span><span class=\"mr_social_sharing_top\"><fb:share-button type=\"box_count\" href=\"http:\/\/www.blogdopilako.com.br\/wp\/2014\/03\/07\/paredao-anima-as-cachorras\/\"><\/fb:share-button><\/span><span class=\"mr_social_sharing\"><a rel=\"nofollow\" class=\"linksalpha_button linksalpha_link\" href=\"\/\/www.linksalpha.com\/social\/mobile\" data-url=\"http:\/\/www.blogdopilako.com.br\/wp\/2014\/03\/07\/paredao-anima-as-cachorras\/\" data-text=\"\u201cPARED\u00c3O\u201d ANIMA AS CACHORRAS.\" data-desc=\"O Bloco das Cachorras se utilizou de um potente \u201cPARED\u00c3O DE SOM\u201d para animar seu pessoal no seu desfile do domingo (02) de carnaval. a \u201cgalera\u201d acompanhou o pared\u00e3o fazendo as coreografias e mostrado que no carnaval tudo \u00e9 festa. Veja o v\u00eddeo.\" data-image=\"http:\/\/www.blogdopilako.com.br\/wp\/wp-content\/uploads\/IMG_4512.jpg\" data-button=\"none\">\n\t\t\t\t\t<img src=\"\/\/www.linksalpha.com\/images\/social_share_button.png\" alt=\"Share\" class=\"linksalpha_image\" \/>\n\t\t\t\t\t<\/a><script type=\"text\/javascript\" src=\"\/\/www.linksalpha.com\/scripts\/loader_iconbox.js?v=2.4\"><\/script><\/span><\/div>","protected":false},"excerpt":{"rendered":"\n\t\t\t\t<div class=\"mr_social_sharing_wrapper\">\n\t\t\t\t<!-- Social Sharing Toolkit v2.2 --><span class=\"mr_social_sharing_top\"><span style=\"display: inline-block; width: 55px; height: 62px; overflow: hidden;\"><div class=\"fb-like\" data-href=\"http:\/\/www.blogdopilako.com.br\/wp\/2014\/03\/07\/paredao-anima-as-cachorras\/\" data-send=\"false\" data-layout=\"box_count\" data-width=\"55\" data-show-faces=\"false\"><\/div><\/span><\/span><span class=\"mr_social_sharing_top\"><fb:share-button type=\"box_count\" href=\"http:\/\/www.blogdopilako.com.br\/wp\/2014\/03\/07\/paredao-anima-as-cachorras\/\"><\/fb:share-button><\/span><span class=\"mr_social_sharing\"><a rel=\"nofollow\" class=\"linksalpha_button linksalpha_link\" href=\"\/\/www.linksalpha.com\/social\/mobile\" data-url=\"http:\/\/www.blogdopilako.com.br\/wp\/2014\/03\/07\/paredao-anima-as-cachorras\/\" data-text=\"\u201cPARED\u00c3O\u201d ANIMA AS CACHORRAS.\" data-desc=\"O Bloco das Cachorras se utilizou de um potente \u201cPARED\u00c3O DE SOM\u201d para animar seu pessoal no seu desfile do domingo (02) de carnaval. a \u201cgalera\u201d acompanhou o pared\u00e3o fazendo as coreografias e mostrado que no carnaval tudo \u00e9 festa. Veja o v\u00eddeo.\" data-image=\"\" data-button=\"none\">\n\t\t\t\t\t<img src=\"\/\/www.linksalpha.com\/images\/social_share_button.png\" alt=\"Share\" class=\"linksalpha_image\" \/>\n\t\t\t\t\t<\/a><script type=\"text\/javascript\" src=\"\/\/www.linksalpha.com\/scripts\/loader_iconbox.js?v=2.4\"><\/script><\/span><\/div><p>O Bloco das Cachorras se utilizou de um potente \u201cPARED\u00c3O DE SOM\u201d para animar seu pessoal no seu desfile do domingo (02) de carnaval. a \u201cgalera\u201d acompanhou o pared\u00e3o fazendo as coreografias e mostrado que no carnaval tudo \u00e9 festa. &hellip; <a href=\"http:\/\/www.blogdopilako.com.br\/wp\/2014\/03\/07\/paredao-anima-as-cachorras\/\">Continue lendo <span class=\"meta-nav\">&rarr;<\/span><\/a><\/p>\n\n\t\t\t\t<div class=\"mr_social_sharing_wrapper\">\n\t\t\t\t<!-- Social Sharing Toolkit v2.2 --><span class=\"mr_social_sharing_top\"><span style=\"display: inline-block; width: 55px; height: 62px; overflow: hidden;\"><div class=\"fb-like\" data-href=\"http:\/\/www.blogdopilako.com.br\/wp\/2014\/03\/07\/paredao-anima-as-cachorras\/\" data-send=\"false\" data-layout=\"box_count\" data-width=\"55\" data-show-faces=\"false\"><\/div><\/span><\/span><span class=\"mr_social_sharing_top\"><fb:share-button type=\"box_count\" href=\"http:\/\/www.blogdopilako.com.br\/wp\/2014\/03\/07\/paredao-anima-as-cachorras\/\"><\/fb:share-button><\/span><span class=\"mr_social_sharing\"><a rel=\"nofollow\" class=\"linksalpha_button linksalpha_link\" href=\"\/\/www.linksalpha.com\/social\/mobile\" data-url=\"http:\/\/www.blogdopilako.com.br\/wp\/2014\/03\/07\/paredao-anima-as-cachorras\/\" data-text=\"\u201cPARED\u00c3O\u201d ANIMA AS CACHORRAS.\" data-desc=\"O Bloco das Cachorras se utilizou de um potente \u201cPARED\u00c3O DE SOM\u201d para animar seu pessoal no seu desfile do domingo (02) de carnaval. a \u201cgalera\u201d acompanhou o pared\u00e3o fazendo as coreografias e mostrado que no carnaval tudo \u00e9 festa. Veja o v\u00eddeo.\" data-image=\"\" data-button=\"none\">\n\t\t\t\t\t<img src=\"\/\/www.linksalpha.com\/images\/social_share_button.png\" alt=\"Share\" class=\"linksalpha_image\" \/>\n\t\t\t\t\t<\/a><script type=\"text\/javascript\" src=\"\/\/www.linksalpha.com\/scripts\/loader_iconbox.js?v=2.4\"><\/script><\/span><\/div>","protected":false},"author":4,"featured_media":0,"comment_status":"open","ping_status":"open","sticky":false,"template":"","format":"standard","meta":[],"categories":[22],"tags":[],"_links":{"self":[{"href":"http:\/\/www.blogdopilako.com.br\/wp\/wp-json\/wp\/v2\/posts\/57874"}],"collection":[{"href":"http:\/\/www.blogdopilako.com.br\/wp\/wp-json\/wp\/v2\/posts"}],"about":[{"href":"http:\/\/www.blogdopilako.com.br\/wp\/wp-json\/wp\/v2\/types\/post"}],"author":[{"embeddable":true,"href":"http:\/\/www.blogdopilako.com.br\/wp\/wp-json\/wp\/v2\/users\/4"}],"replies":[{"embeddable":true,"href":"http:\/\/www.blogdopilako.com.br\/wp\/wp-json\/wp\/v2\/comments?post=57874"}],"version-history":[{"count":3,"href":"http:\/\/www.blogdopilako.com.br\/wp\/wp-json\/wp\/v2\/posts\/57874\/revisions"}],"predecessor-version":[{"id":57957,"href":"http:\/\/www.blogdopilako.com.br\/wp\/wp-json\/wp\/v2\/posts\/57874\/revisions\/57957"}],"wp:attachment":[{"href":"http:\/\/www.blogdopilako.com.br\/wp\/wp-json\/wp\/v2\/media?parent=57874"}],"wp:term":[{"taxonomy":"category","embeddable":true,"href":"http:\/\/www.blogdopilako.com.br\/wp\/wp-json\/wp\/v2\/categories?post=57874"},{"taxonomy":"post_tag","embeddable":true,"href":"http:\/\/www.blogdopilako.com.br\/wp\/wp-json\/wp\/v2\/tags?post=57874"}],"curies":[{"name":"wp","href":"https:\/\/api.w.org\/{rel}","templated":true}]}}