{"id":5524,"date":"2011-09-19T18:01:24","date_gmt":"2011-09-19T21:01:24","guid":{"rendered":"http:\/\/www.blogdopilako.com.br\/wp\/?p=5524"},"modified":"2011-09-20T09:21:41","modified_gmt":"2011-09-20T12:21:41","slug":"esgoto-a-ceu-aberto","status":"publish","type":"post","link":"http:\/\/www.blogdopilako.com.br\/wp\/2011\/09\/19\/esgoto-a-ceu-aberto\/","title":{"rendered":"Esgoto a c\u00e9u aberto"},"content":{"rendered":"\n\t\t\t\t<div class=\"mr_social_sharing_wrapper\">\n\t\t\t\t<!-- Social Sharing Toolkit v2.2 --><span class=\"mr_social_sharing_top\"><span style=\"display: inline-block; width: 55px; height: 62px; overflow: hidden;\"><div class=\"fb-like\" data-href=\"http:\/\/www.blogdopilako.com.br\/wp\/2011\/09\/19\/esgoto-a-ceu-aberto\/\" data-send=\"false\" data-layout=\"box_count\" data-width=\"55\" data-show-faces=\"false\"><\/div><\/span><\/span><span class=\"mr_social_sharing_top\"><fb:share-button type=\"box_count\" href=\"http:\/\/www.blogdopilako.com.br\/wp\/2011\/09\/19\/esgoto-a-ceu-aberto\/\"><\/fb:share-button><\/span><span class=\"mr_social_sharing\"><a rel=\"nofollow\" class=\"linksalpha_button linksalpha_link\" href=\"\/\/www.linksalpha.com\/social\/mobile\" data-url=\"http:\/\/www.blogdopilako.com.br\/wp\/2011\/09\/19\/esgoto-a-ceu-aberto\/\" data-text=\"Esgoto a c\u00e9u aberto\" data-desc=\"Como n\u00e3o se bastassem os buracos espalhados por nossa cidade, as ruas e vielas no entorno da Rua Primitivo de Miranda \u00e9 outro p\u00e9ssimo exemplo da falta de sensibilidade da Prefeitura com todos n\u00f3s, vitorienses. L\u00e1, n\u00e3o h\u00e1 saneamento, o esgoto corre a c\u00e9u aberto. Sequer h\u00e1 preocupa\u00e7\u00e3o da\" data-image=\"http:\/\/www.blogdopilako.com.br\/wp\/wp-content\/uploads\/primitivo_2.jpg\" data-button=\"none\">\n\t\t\t\t\t<img src=\"\/\/www.linksalpha.com\/images\/social_share_button.png\" alt=\"Share\" class=\"linksalpha_image\" \/>\n\t\t\t\t\t<\/a><script type=\"text\/javascript\" src=\"\/\/www.linksalpha.com\/scripts\/loader_iconbox.js?v=2.4\"><\/script><\/span><\/div><p style=\"text-align: justify;\"><a href=\"http:\/\/www.blogdopilako.com.br\/wp\/wp-content\/uploads\/primitivo_1.jpg\"><\/a><a href=\"http:\/\/www.blogdopilako.com.br\/wp\/wp-content\/uploads\/primitivo_2.jpg\"><img loading=\"lazy\" class=\"aligncenter size-full wp-image-5528\" title=\"primitivo_2\" src=\"http:\/\/www.blogdopilako.com.br\/wp\/wp-content\/uploads\/primitivo_2.jpg\" alt=\"\" width=\"581\" height=\"436\" \/><\/a><\/p>\n<p style=\"text-align: justify;\">Como n\u00e3o se bastassem os buracos espalhados por nossa cidade, as ruas e vielas no entorno da <strong>Rua Primitivo de Miranda<\/strong> \u00e9 outro p\u00e9ssimo exemplo da falta de sensibilidade da Prefeitura com todos n\u00f3s, vitorienses. L\u00e1, n\u00e3o h\u00e1 saneamento, o esgoto corre a c\u00e9u aberto. Sequer h\u00e1 preocupa\u00e7\u00e3o da prefeitura em retirar lixo ou fazer uma simples limpeza dos \u201cmatos\u201d do local, na tentativa de diminuir aquela situa\u00e7\u00e3o.<\/p>\n<p style=\"text-align: justify;\">A Assist\u00eancia Social \u00e9 um direito obrigat\u00f3rio para quem dela necessite, devendo os \u00f3rg\u00e3os p\u00fablicos assegurar ao cidad\u00e3o pol\u00edticas <strong>b\u00e1sicas<\/strong>, mas aqui em Vit\u00f3ria parece que a coisa destoa do contexto, afinal, diante das fotos registradas por nossa equipe, na Rua Primitivo de Miranda, fica dif\u00edcil acreditar que os nossos governantes se preocupam com a popula\u00e7\u00e3o mais carente de nossa cidade. N\u00f3s\u00a0\u00faltimos\u00a0<strong>10 anos <\/strong>nem o\u00a0<strong>ex-prefeito Jos\u00e9 Aglailson<\/strong> muito menos o <strong>atual prefeito Elias Lira<\/strong>, nada fizeram de concreto para transformar aquela situa\u00e7\u00e3o,\u00a0uma coisa que ambos sabem fazer: \u00e9 usar do assistencialismo com vistas eleitorais. A popula\u00e7\u00e3o, carente que \u00e9, acaba trocando o seu voto, em detrimento de a\u00e7\u00f5es que j\u00e1 s\u00e3o asseguradas por lei. Lament\u00e1vel.<\/p>\n<p><a href=\"http:\/\/www.blogdopilako.com.br\/wp\/wp-content\/uploads\/primitivo_3.jpg\"><img loading=\"lazy\" class=\"aligncenter size-full wp-image-5527\" title=\"primitivo_3\" src=\"http:\/\/www.blogdopilako.com.br\/wp\/wp-content\/uploads\/primitivo_3.jpg\" alt=\"\" width=\"581\" height=\"436\" \/><\/a><\/p>\n<p><a href=\"http:\/\/www.blogdopilako.com.br\/wp\/wp-content\/uploads\/primitivo_3.jpg\"><\/a><a href=\"http:\/\/www.blogdopilako.com.br\/wp\/wp-content\/uploads\/primitivo_1.jpg\"><img loading=\"lazy\" class=\"aligncenter size-full wp-image-5526\" title=\"primitivo_1\" src=\"http:\/\/www.blogdopilako.com.br\/wp\/wp-content\/uploads\/primitivo_1.jpg\" alt=\"\" width=\"581\" height=\"436\" \/><\/a><\/p>\n\n\t\t\t\t<div class=\"mr_social_sharing_wrapper\">\n\t\t\t\t<!-- Social Sharing Toolkit v2.2 --><span class=\"mr_social_sharing_top\"><span style=\"display: inline-block; width: 55px; height: 62px; overflow: hidden;\"><div class=\"fb-like\" data-href=\"http:\/\/www.blogdopilako.com.br\/wp\/2011\/09\/19\/esgoto-a-ceu-aberto\/\" data-send=\"false\" data-layout=\"box_count\" data-width=\"55\" data-show-faces=\"false\"><\/div><\/span><\/span><span class=\"mr_social_sharing_top\"><fb:share-button type=\"box_count\" href=\"http:\/\/www.blogdopilako.com.br\/wp\/2011\/09\/19\/esgoto-a-ceu-aberto\/\"><\/fb:share-button><\/span><span class=\"mr_social_sharing\"><a rel=\"nofollow\" class=\"linksalpha_button linksalpha_link\" href=\"\/\/www.linksalpha.com\/social\/mobile\" data-url=\"http:\/\/www.blogdopilako.com.br\/wp\/2011\/09\/19\/esgoto-a-ceu-aberto\/\" data-text=\"Esgoto a c\u00e9u aberto\" data-desc=\"Como n\u00e3o se bastassem os buracos espalhados por nossa cidade, as ruas e vielas no entorno da Rua Primitivo de Miranda \u00e9 outro p\u00e9ssimo exemplo da falta de sensibilidade da Prefeitura com todos n\u00f3s, vitorienses. L\u00e1, n\u00e3o h\u00e1 saneamento, o esgoto corre a c\u00e9u aberto. Sequer h\u00e1 preocupa\u00e7\u00e3o da\" data-image=\"http:\/\/www.blogdopilako.com.br\/wp\/wp-content\/uploads\/primitivo_2.jpg\" data-button=\"none\">\n\t\t\t\t\t<img src=\"\/\/www.linksalpha.com\/images\/social_share_button.png\" alt=\"Share\" class=\"linksalpha_image\" \/>\n\t\t\t\t\t<\/a><script type=\"text\/javascript\" src=\"\/\/www.linksalpha.com\/scripts\/loader_iconbox.js?v=2.4\"><\/script><\/span><\/div>","protected":false},"excerpt":{"rendered":"\n\t\t\t\t<div class=\"mr_social_sharing_wrapper\">\n\t\t\t\t<!-- Social Sharing Toolkit v2.2 --><span class=\"mr_social_sharing_top\"><span style=\"display: inline-block; width: 55px; height: 62px; overflow: hidden;\"><div class=\"fb-like\" data-href=\"http:\/\/www.blogdopilako.com.br\/wp\/2011\/09\/19\/esgoto-a-ceu-aberto\/\" data-send=\"false\" data-layout=\"box_count\" data-width=\"55\" data-show-faces=\"false\"><\/div><\/span><\/span><span class=\"mr_social_sharing_top\"><fb:share-button type=\"box_count\" href=\"http:\/\/www.blogdopilako.com.br\/wp\/2011\/09\/19\/esgoto-a-ceu-aberto\/\"><\/fb:share-button><\/span><span class=\"mr_social_sharing\"><a rel=\"nofollow\" class=\"linksalpha_button linksalpha_link\" href=\"\/\/www.linksalpha.com\/social\/mobile\" data-url=\"http:\/\/www.blogdopilako.com.br\/wp\/2011\/09\/19\/esgoto-a-ceu-aberto\/\" data-text=\"Esgoto a c\u00e9u aberto\" data-desc=\"Como n\u00e3o se bastassem os buracos espalhados por nossa cidade, as ruas e vielas no entorno da Rua Primitivo de Miranda \u00e9 outro p\u00e9ssimo exemplo da falta de sensibilidade da Prefeitura com todos n\u00f3s, vitorienses. L\u00e1, n\u00e3o h\u00e1 saneamento, o esgoto corre a c\u00e9u aberto. Sequer h\u00e1 preocupa\u00e7\u00e3o da\" data-image=\"\" data-button=\"none\">\n\t\t\t\t\t<img src=\"\/\/www.linksalpha.com\/images\/social_share_button.png\" alt=\"Share\" class=\"linksalpha_image\" \/>\n\t\t\t\t\t<\/a><script type=\"text\/javascript\" src=\"\/\/www.linksalpha.com\/scripts\/loader_iconbox.js?v=2.4\"><\/script><\/span><\/div><p>Como n\u00e3o se bastassem os buracos espalhados por nossa cidade, as ruas e vielas no entorno da Rua Primitivo de Miranda \u00e9 outro p\u00e9ssimo exemplo da falta de sensibilidade da Prefeitura com todos n\u00f3s, vitorienses. L\u00e1, n\u00e3o h\u00e1 saneamento, o &hellip; <a href=\"http:\/\/www.blogdopilako.com.br\/wp\/2011\/09\/19\/esgoto-a-ceu-aberto\/\">Continue lendo <span class=\"meta-nav\">&rarr;<\/span><\/a><\/p>\n\n\t\t\t\t<div class=\"mr_social_sharing_wrapper\">\n\t\t\t\t<!-- Social Sharing Toolkit v2.2 --><span class=\"mr_social_sharing_top\"><span style=\"display: inline-block; width: 55px; height: 62px; overflow: hidden;\"><div class=\"fb-like\" data-href=\"http:\/\/www.blogdopilako.com.br\/wp\/2011\/09\/19\/esgoto-a-ceu-aberto\/\" data-send=\"false\" data-layout=\"box_count\" data-width=\"55\" data-show-faces=\"false\"><\/div><\/span><\/span><span class=\"mr_social_sharing_top\"><fb:share-button type=\"box_count\" href=\"http:\/\/www.blogdopilako.com.br\/wp\/2011\/09\/19\/esgoto-a-ceu-aberto\/\"><\/fb:share-button><\/span><span class=\"mr_social_sharing\"><a rel=\"nofollow\" class=\"linksalpha_button linksalpha_link\" href=\"\/\/www.linksalpha.com\/social\/mobile\" data-url=\"http:\/\/www.blogdopilako.com.br\/wp\/2011\/09\/19\/esgoto-a-ceu-aberto\/\" data-text=\"Esgoto a c\u00e9u aberto\" data-desc=\"Como n\u00e3o se bastassem os buracos espalhados por nossa cidade, as ruas e vielas no entorno da Rua Primitivo de Miranda \u00e9 outro p\u00e9ssimo exemplo da falta de sensibilidade da Prefeitura com todos n\u00f3s, vitorienses. L\u00e1, n\u00e3o h\u00e1 saneamento, o esgoto corre a c\u00e9u aberto. Sequer h\u00e1 preocupa\u00e7\u00e3o da\" data-image=\"\" data-button=\"none\">\n\t\t\t\t\t<img src=\"\/\/www.linksalpha.com\/images\/social_share_button.png\" alt=\"Share\" class=\"linksalpha_image\" \/>\n\t\t\t\t\t<\/a><script type=\"text\/javascript\" src=\"\/\/www.linksalpha.com\/scripts\/loader_iconbox.js?v=2.4\"><\/script><\/span><\/div>","protected":false},"author":4,"featured_media":0,"comment_status":"open","ping_status":"open","sticky":false,"template":"","format":"standard","meta":[],"categories":[21,22],"tags":[],"_links":{"self":[{"href":"http:\/\/www.blogdopilako.com.br\/wp\/wp-json\/wp\/v2\/posts\/5524"}],"collection":[{"href":"http:\/\/www.blogdopilako.com.br\/wp\/wp-json\/wp\/v2\/posts"}],"about":[{"href":"http:\/\/www.blogdopilako.com.br\/wp\/wp-json\/wp\/v2\/types\/post"}],"author":[{"embeddable":true,"href":"http:\/\/www.blogdopilako.com.br\/wp\/wp-json\/wp\/v2\/users\/4"}],"replies":[{"embeddable":true,"href":"http:\/\/www.blogdopilako.com.br\/wp\/wp-json\/wp\/v2\/comments?post=5524"}],"version-history":[{"count":4,"href":"http:\/\/www.blogdopilako.com.br\/wp\/wp-json\/wp\/v2\/posts\/5524\/revisions"}],"predecessor-version":[{"id":5533,"href":"http:\/\/www.blogdopilako.com.br\/wp\/wp-json\/wp\/v2\/posts\/5524\/revisions\/5533"}],"wp:attachment":[{"href":"http:\/\/www.blogdopilako.com.br\/wp\/wp-json\/wp\/v2\/media?parent=5524"}],"wp:term":[{"taxonomy":"category","embeddable":true,"href":"http:\/\/www.blogdopilako.com.br\/wp\/wp-json\/wp\/v2\/categories?post=5524"},{"taxonomy":"post_tag","embeddable":true,"href":"http:\/\/www.blogdopilako.com.br\/wp\/wp-json\/wp\/v2\/tags?post=5524"}],"curies":[{"name":"wp","href":"https:\/\/api.w.org\/{rel}","templated":true}]}}