{"id":55199,"date":"2014-01-16T11:00:29","date_gmt":"2014-01-16T14:00:29","guid":{"rendered":"http:\/\/www.blogdopilako.com.br\/wp\/?p=55199"},"modified":"2014-01-15T15:14:17","modified_gmt":"2014-01-15T18:14:17","slug":"colunista-de-ferias","status":"publish","type":"post","link":"http:\/\/www.blogdopilako.com.br\/wp\/2014\/01\/16\/colunista-de-ferias\/","title":{"rendered":"Colunista de f\u00e9rias&#8230;"},"content":{"rendered":"\n\t\t\t\t<div class=\"mr_social_sharing_wrapper\">\n\t\t\t\t<!-- Social Sharing Toolkit v2.2 --><span class=\"mr_social_sharing_top\"><span style=\"display: inline-block; width: 55px; height: 62px; overflow: hidden;\"><div class=\"fb-like\" data-href=\"http:\/\/www.blogdopilako.com.br\/wp\/2014\/01\/16\/colunista-de-ferias\/\" data-send=\"false\" data-layout=\"box_count\" data-width=\"55\" data-show-faces=\"false\"><\/div><\/span><\/span><span class=\"mr_social_sharing_top\"><fb:share-button type=\"box_count\" href=\"http:\/\/www.blogdopilako.com.br\/wp\/2014\/01\/16\/colunista-de-ferias\/\"><\/fb:share-button><\/span><span class=\"mr_social_sharing\"><a rel=\"nofollow\" class=\"linksalpha_button linksalpha_link\" href=\"\/\/www.linksalpha.com\/social\/mobile\" data-url=\"http:\/\/www.blogdopilako.com.br\/wp\/2014\/01\/16\/colunista-de-ferias\/\" data-text=\"Colunista de f\u00e9rias\u2026\" data-desc=\"O amigo e colunista das Curiosidades Musicais \u00a0do \u00a0nosso blog, L\u00e9o dos Monges, conhecedor profundo do universo musical, local, nacional e at\u00e9 internacional est\u00e1 de \u201cf\u00e9rias\u201d. Mas, mandou avisar que na primeira semana de fevereiro estar\u00e1 de volta trazendo nomes da nossa cultura\" data-image=\"http:\/\/www.blogdopilako.com.br\/wp\/wp-content\/uploads\/leo.jpg\" data-button=\"none\">\n\t\t\t\t\t<img src=\"\/\/www.linksalpha.com\/images\/social_share_button.png\" alt=\"Share\" class=\"linksalpha_image\" \/>\n\t\t\t\t\t<\/a><script type=\"text\/javascript\" src=\"\/\/www.linksalpha.com\/scripts\/loader_iconbox.js?v=2.4\"><\/script><\/span><\/div><p style=\"text-align: justify;\">O amigo e colunista das <strong>Curiosidades Musicais \u00a0<\/strong>do \u00a0nosso blog, <strong>L\u00e9o dos Monges<\/strong>, conhecedor profundo do universo musical, local, nacional e at\u00e9 internacional est\u00e1 de \u201cf\u00e9rias\u201d. Mas, mandou avisar que na primeira semana de fevereiro estar\u00e1 de volta trazendo nomes da nossa cultura carnavalesca. Vamos aguardar&#8230;<\/p>\n<p><strong><a href=\"http:\/\/www.blogdopilako.com.br\/wp\/wp-content\/uploads\/leo.jpg\"><img loading=\"lazy\" class=\"alignleft\" alt=\"leo\" src=\"http:\/\/www.blogdopilako.com.br\/wp\/wp-content\/uploads\/leo.jpg\" width=\"232\" height=\"194\" \/><\/a><\/strong><strong><\/strong><\/p>\n<p>&nbsp;<\/p>\n<p><strong>Leo dos Monges<\/strong><\/p>\n<p><strong>\u00a0<\/strong><\/p>\n<p>&nbsp;<\/p>\n\n\t\t\t\t<div class=\"mr_social_sharing_wrapper\">\n\t\t\t\t<!-- Social Sharing Toolkit v2.2 --><span class=\"mr_social_sharing_top\"><span style=\"display: inline-block; width: 55px; height: 62px; overflow: hidden;\"><div class=\"fb-like\" data-href=\"http:\/\/www.blogdopilako.com.br\/wp\/2014\/01\/16\/colunista-de-ferias\/\" data-send=\"false\" data-layout=\"box_count\" data-width=\"55\" data-show-faces=\"false\"><\/div><\/span><\/span><span class=\"mr_social_sharing_top\"><fb:share-button type=\"box_count\" href=\"http:\/\/www.blogdopilako.com.br\/wp\/2014\/01\/16\/colunista-de-ferias\/\"><\/fb:share-button><\/span><span class=\"mr_social_sharing\"><a rel=\"nofollow\" class=\"linksalpha_button linksalpha_link\" href=\"\/\/www.linksalpha.com\/social\/mobile\" data-url=\"http:\/\/www.blogdopilako.com.br\/wp\/2014\/01\/16\/colunista-de-ferias\/\" data-text=\"Colunista de f\u00e9rias\u2026\" data-desc=\"O amigo e colunista das Curiosidades Musicais \u00a0do \u00a0nosso blog, L\u00e9o dos Monges, conhecedor profundo do universo musical, local, nacional e at\u00e9 internacional est\u00e1 de \u201cf\u00e9rias\u201d. Mas, mandou avisar que na primeira semana de fevereiro estar\u00e1 de volta trazendo nomes da nossa cultura\" data-image=\"http:\/\/www.blogdopilako.com.br\/wp\/wp-content\/uploads\/leo.jpg\" data-button=\"none\">\n\t\t\t\t\t<img src=\"\/\/www.linksalpha.com\/images\/social_share_button.png\" alt=\"Share\" class=\"linksalpha_image\" \/>\n\t\t\t\t\t<\/a><script type=\"text\/javascript\" src=\"\/\/www.linksalpha.com\/scripts\/loader_iconbox.js?v=2.4\"><\/script><\/span><\/div>","protected":false},"excerpt":{"rendered":"\n\t\t\t\t<div class=\"mr_social_sharing_wrapper\">\n\t\t\t\t<!-- Social Sharing Toolkit v2.2 --><span class=\"mr_social_sharing_top\"><span style=\"display: inline-block; width: 55px; height: 62px; overflow: hidden;\"><div class=\"fb-like\" data-href=\"http:\/\/www.blogdopilako.com.br\/wp\/2014\/01\/16\/colunista-de-ferias\/\" data-send=\"false\" data-layout=\"box_count\" data-width=\"55\" data-show-faces=\"false\"><\/div><\/span><\/span><span class=\"mr_social_sharing_top\"><fb:share-button type=\"box_count\" href=\"http:\/\/www.blogdopilako.com.br\/wp\/2014\/01\/16\/colunista-de-ferias\/\"><\/fb:share-button><\/span><span class=\"mr_social_sharing\"><a rel=\"nofollow\" class=\"linksalpha_button linksalpha_link\" href=\"\/\/www.linksalpha.com\/social\/mobile\" data-url=\"http:\/\/www.blogdopilako.com.br\/wp\/2014\/01\/16\/colunista-de-ferias\/\" data-text=\"Colunista de f\u00e9rias\u2026\" data-desc=\"O amigo e colunista das Curiosidades Musicais \u00a0do \u00a0nosso blog, L\u00e9o dos Monges, conhecedor profundo do universo musical, local, nacional e at\u00e9 internacional est\u00e1 de \u201cf\u00e9rias\u201d. Mas, mandou avisar que na primeira semana de fevereiro estar\u00e1 de volta trazendo nomes da nossa cultura\" data-image=\"\" data-button=\"none\">\n\t\t\t\t\t<img src=\"\/\/www.linksalpha.com\/images\/social_share_button.png\" alt=\"Share\" class=\"linksalpha_image\" \/>\n\t\t\t\t\t<\/a><script type=\"text\/javascript\" src=\"\/\/www.linksalpha.com\/scripts\/loader_iconbox.js?v=2.4\"><\/script><\/span><\/div><p>O amigo e colunista das Curiosidades Musicais \u00a0do \u00a0nosso blog, L\u00e9o dos Monges, conhecedor profundo do universo musical, local, nacional e at\u00e9 internacional est\u00e1 de \u201cf\u00e9rias\u201d. Mas, mandou avisar que na primeira semana de fevereiro estar\u00e1 de volta trazendo nomes &hellip; <a href=\"http:\/\/www.blogdopilako.com.br\/wp\/2014\/01\/16\/colunista-de-ferias\/\">Continue lendo <span class=\"meta-nav\">&rarr;<\/span><\/a><\/p>\n\n\t\t\t\t<div class=\"mr_social_sharing_wrapper\">\n\t\t\t\t<!-- Social Sharing Toolkit v2.2 --><span class=\"mr_social_sharing_top\"><span style=\"display: inline-block; width: 55px; height: 62px; overflow: hidden;\"><div class=\"fb-like\" data-href=\"http:\/\/www.blogdopilako.com.br\/wp\/2014\/01\/16\/colunista-de-ferias\/\" data-send=\"false\" data-layout=\"box_count\" data-width=\"55\" data-show-faces=\"false\"><\/div><\/span><\/span><span class=\"mr_social_sharing_top\"><fb:share-button type=\"box_count\" href=\"http:\/\/www.blogdopilako.com.br\/wp\/2014\/01\/16\/colunista-de-ferias\/\"><\/fb:share-button><\/span><span class=\"mr_social_sharing\"><a rel=\"nofollow\" class=\"linksalpha_button linksalpha_link\" href=\"\/\/www.linksalpha.com\/social\/mobile\" data-url=\"http:\/\/www.blogdopilako.com.br\/wp\/2014\/01\/16\/colunista-de-ferias\/\" data-text=\"Colunista de f\u00e9rias\u2026\" data-desc=\"O amigo e colunista das Curiosidades Musicais \u00a0do \u00a0nosso blog, L\u00e9o dos Monges, conhecedor profundo do universo musical, local, nacional e at\u00e9 internacional est\u00e1 de \u201cf\u00e9rias\u201d. Mas, mandou avisar que na primeira semana de fevereiro estar\u00e1 de volta trazendo nomes da nossa cultura\" data-image=\"\" data-button=\"none\">\n\t\t\t\t\t<img src=\"\/\/www.linksalpha.com\/images\/social_share_button.png\" alt=\"Share\" class=\"linksalpha_image\" \/>\n\t\t\t\t\t<\/a><script type=\"text\/javascript\" src=\"\/\/www.linksalpha.com\/scripts\/loader_iconbox.js?v=2.4\"><\/script><\/span><\/div>","protected":false},"author":4,"featured_media":0,"comment_status":"open","ping_status":"open","sticky":false,"template":"","format":"standard","meta":[],"categories":[129,22],"tags":[],"_links":{"self":[{"href":"http:\/\/www.blogdopilako.com.br\/wp\/wp-json\/wp\/v2\/posts\/55199"}],"collection":[{"href":"http:\/\/www.blogdopilako.com.br\/wp\/wp-json\/wp\/v2\/posts"}],"about":[{"href":"http:\/\/www.blogdopilako.com.br\/wp\/wp-json\/wp\/v2\/types\/post"}],"author":[{"embeddable":true,"href":"http:\/\/www.blogdopilako.com.br\/wp\/wp-json\/wp\/v2\/users\/4"}],"replies":[{"embeddable":true,"href":"http:\/\/www.blogdopilako.com.br\/wp\/wp-json\/wp\/v2\/comments?post=55199"}],"version-history":[{"count":3,"href":"http:\/\/www.blogdopilako.com.br\/wp\/wp-json\/wp\/v2\/posts\/55199\/revisions"}],"predecessor-version":[{"id":55352,"href":"http:\/\/www.blogdopilako.com.br\/wp\/wp-json\/wp\/v2\/posts\/55199\/revisions\/55352"}],"wp:attachment":[{"href":"http:\/\/www.blogdopilako.com.br\/wp\/wp-json\/wp\/v2\/media?parent=55199"}],"wp:term":[{"taxonomy":"category","embeddable":true,"href":"http:\/\/www.blogdopilako.com.br\/wp\/wp-json\/wp\/v2\/categories?post=55199"},{"taxonomy":"post_tag","embeddable":true,"href":"http:\/\/www.blogdopilako.com.br\/wp\/wp-json\/wp\/v2\/tags?post=55199"}],"curies":[{"name":"wp","href":"https:\/\/api.w.org\/{rel}","templated":true}]}}