{"id":54809,"date":"2013-12-31T07:35:51","date_gmt":"2013-12-31T10:35:51","guid":{"rendered":"http:\/\/www.blogdopilako.com.br\/wp\/?p=54809"},"modified":"2013-12-30T22:36:31","modified_gmt":"2013-12-31T01:36:31","slug":"retrospectiva-2013-video-mais-acessado-do-ano","status":"publish","type":"post","link":"http:\/\/www.blogdopilako.com.br\/wp\/2013\/12\/31\/retrospectiva-2013-video-mais-acessado-do-ano\/","title":{"rendered":"RETROSPECTIVA 2013: V\u00eddeo mais acessado do ano"},"content":{"rendered":"\n\t\t\t\t<div class=\"mr_social_sharing_wrapper\">\n\t\t\t\t<!-- Social Sharing Toolkit v2.2 --><span class=\"mr_social_sharing_top\"><span style=\"display: inline-block; width: 55px; height: 62px; overflow: hidden;\"><div class=\"fb-like\" data-href=\"http:\/\/www.blogdopilako.com.br\/wp\/2013\/12\/31\/retrospectiva-2013-video-mais-acessado-do-ano\/\" data-send=\"false\" data-layout=\"box_count\" data-width=\"55\" data-show-faces=\"false\"><\/div><\/span><\/span><span class=\"mr_social_sharing_top\"><fb:share-button type=\"box_count\" href=\"http:\/\/www.blogdopilako.com.br\/wp\/2013\/12\/31\/retrospectiva-2013-video-mais-acessado-do-ano\/\"><\/fb:share-button><\/span><span class=\"mr_social_sharing\"><a rel=\"nofollow\" class=\"linksalpha_button linksalpha_link\" href=\"\/\/www.linksalpha.com\/social\/mobile\" data-url=\"http:\/\/www.blogdopilako.com.br\/wp\/2013\/12\/31\/retrospectiva-2013-video-mais-acessado-do-ano\/\" data-text=\"RETROSPECTIVA 2013: V\u00eddeo mais acessado do ano\" data-desc=\"O V\u00eddeo mais acessado do ano foi \"A Girafa - Pierre - Carnaval 2013\", com 1.634 visualiza\u00e7\u00f5es \u00fanicas. Relembre o v\u00eddeo:\" data-image=\"\" data-button=\"none\">\n\t\t\t\t\t<img src=\"\/\/www.linksalpha.com\/images\/social_share_button.png\" alt=\"Share\" class=\"linksalpha_image\" \/>\n\t\t\t\t\t<\/a><script type=\"text\/javascript\" src=\"\/\/www.linksalpha.com\/scripts\/loader_iconbox.js?v=2.4\"><\/script><\/span><\/div><h2 style=\"text-align: justify;\">O V\u00eddeo mais acessado do ano foi &#8220;<span style=\"color: #0000ff;\"><strong>A Girafa &#8211; Pierre &#8211; Carnaval 2013<\/strong><\/span>&#8220;, com <span style=\"color: #0000ff;\">1.634<\/span> visualiza\u00e7\u00f5es \u00fanicas.<\/h2>\n<h2 style=\"text-align: justify;\">Relembre o v\u00eddeo:<\/h2>\n<p><object width=\"600\" height=\"338\" classid=\"clsid:d27cdb6e-ae6d-11cf-96b8-444553540000\" codebase=\"http:\/\/download.macromedia.com\/pub\/shockwave\/cabs\/flash\/swflash.cab#version=6,0,40,0\"><param name=\"allowFullScreen\" value=\"true\" \/><param name=\"allowscriptaccess\" value=\"always\" \/><param name=\"src\" value=\"\/\/www.youtube.com\/v\/5VRo8xivcZU?version=3&amp;hl=pt_BR\" \/><param name=\"allowfullscreen\" value=\"true\" \/><embed width=\"600\" height=\"338\" type=\"application\/x-shockwave-flash\" src=\"\/\/www.youtube.com\/v\/5VRo8xivcZU?version=3&amp;hl=pt_BR\" allowFullScreen=\"true\" allowscriptaccess=\"always\" allowfullscreen=\"true\" \/><\/object><\/p>\n\n\t\t\t\t<div class=\"mr_social_sharing_wrapper\">\n\t\t\t\t<!-- Social Sharing Toolkit v2.2 --><span class=\"mr_social_sharing_top\"><span style=\"display: inline-block; width: 55px; height: 62px; overflow: hidden;\"><div class=\"fb-like\" data-href=\"http:\/\/www.blogdopilako.com.br\/wp\/2013\/12\/31\/retrospectiva-2013-video-mais-acessado-do-ano\/\" data-send=\"false\" data-layout=\"box_count\" data-width=\"55\" data-show-faces=\"false\"><\/div><\/span><\/span><span class=\"mr_social_sharing_top\"><fb:share-button type=\"box_count\" href=\"http:\/\/www.blogdopilako.com.br\/wp\/2013\/12\/31\/retrospectiva-2013-video-mais-acessado-do-ano\/\"><\/fb:share-button><\/span><span class=\"mr_social_sharing\"><a rel=\"nofollow\" class=\"linksalpha_button linksalpha_link\" href=\"\/\/www.linksalpha.com\/social\/mobile\" data-url=\"http:\/\/www.blogdopilako.com.br\/wp\/2013\/12\/31\/retrospectiva-2013-video-mais-acessado-do-ano\/\" data-text=\"RETROSPECTIVA 2013: V\u00eddeo mais acessado do ano\" data-desc=\"O V\u00eddeo mais acessado do ano foi \"A Girafa - Pierre - Carnaval 2013\", com 1.634 visualiza\u00e7\u00f5es \u00fanicas. Relembre o v\u00eddeo:\" data-image=\"\" data-button=\"none\">\n\t\t\t\t\t<img src=\"\/\/www.linksalpha.com\/images\/social_share_button.png\" alt=\"Share\" class=\"linksalpha_image\" \/>\n\t\t\t\t\t<\/a><script type=\"text\/javascript\" src=\"\/\/www.linksalpha.com\/scripts\/loader_iconbox.js?v=2.4\"><\/script><\/span><\/div>","protected":false},"excerpt":{"rendered":"\n\t\t\t\t<div class=\"mr_social_sharing_wrapper\">\n\t\t\t\t<!-- Social Sharing Toolkit v2.2 --><span class=\"mr_social_sharing_top\"><span style=\"display: inline-block; width: 55px; height: 62px; overflow: hidden;\"><div class=\"fb-like\" data-href=\"http:\/\/www.blogdopilako.com.br\/wp\/2013\/12\/31\/retrospectiva-2013-video-mais-acessado-do-ano\/\" data-send=\"false\" data-layout=\"box_count\" data-width=\"55\" data-show-faces=\"false\"><\/div><\/span><\/span><span class=\"mr_social_sharing_top\"><fb:share-button type=\"box_count\" href=\"http:\/\/www.blogdopilako.com.br\/wp\/2013\/12\/31\/retrospectiva-2013-video-mais-acessado-do-ano\/\"><\/fb:share-button><\/span><span class=\"mr_social_sharing\"><a rel=\"nofollow\" class=\"linksalpha_button linksalpha_link\" href=\"\/\/www.linksalpha.com\/social\/mobile\" data-url=\"http:\/\/www.blogdopilako.com.br\/wp\/2013\/12\/31\/retrospectiva-2013-video-mais-acessado-do-ano\/\" data-text=\"RETROSPECTIVA 2013: V\u00eddeo mais acessado do ano\" data-desc=\"O V\u00eddeo mais acessado do ano foi \"A Girafa - Pierre - Carnaval 2013\", com 1.634 visualiza\u00e7\u00f5es \u00fanicas. Relembre o v\u00eddeo:\" data-image=\"\" data-button=\"none\">\n\t\t\t\t\t<img src=\"\/\/www.linksalpha.com\/images\/social_share_button.png\" alt=\"Share\" class=\"linksalpha_image\" \/>\n\t\t\t\t\t<\/a><script type=\"text\/javascript\" src=\"\/\/www.linksalpha.com\/scripts\/loader_iconbox.js?v=2.4\"><\/script><\/span><\/div><p>O V\u00eddeo mais acessado do ano foi &#8220;A Girafa &#8211; Pierre &#8211; Carnaval 2013&#8220;, com 1.634 visualiza\u00e7\u00f5es \u00fanicas. Relembre o v\u00eddeo:<\/p>\n\n\t\t\t\t<div class=\"mr_social_sharing_wrapper\">\n\t\t\t\t<!-- Social Sharing Toolkit v2.2 --><span class=\"mr_social_sharing_top\"><span style=\"display: inline-block; width: 55px; height: 62px; overflow: hidden;\"><div class=\"fb-like\" data-href=\"http:\/\/www.blogdopilako.com.br\/wp\/2013\/12\/31\/retrospectiva-2013-video-mais-acessado-do-ano\/\" data-send=\"false\" data-layout=\"box_count\" data-width=\"55\" data-show-faces=\"false\"><\/div><\/span><\/span><span class=\"mr_social_sharing_top\"><fb:share-button type=\"box_count\" href=\"http:\/\/www.blogdopilako.com.br\/wp\/2013\/12\/31\/retrospectiva-2013-video-mais-acessado-do-ano\/\"><\/fb:share-button><\/span><span class=\"mr_social_sharing\"><a rel=\"nofollow\" class=\"linksalpha_button linksalpha_link\" href=\"\/\/www.linksalpha.com\/social\/mobile\" data-url=\"http:\/\/www.blogdopilako.com.br\/wp\/2013\/12\/31\/retrospectiva-2013-video-mais-acessado-do-ano\/\" data-text=\"RETROSPECTIVA 2013: V\u00eddeo mais acessado do ano\" data-desc=\"O V\u00eddeo mais acessado do ano foi \"A Girafa - Pierre - Carnaval 2013\", com 1.634 visualiza\u00e7\u00f5es \u00fanicas. Relembre o v\u00eddeo:\" data-image=\"\" data-button=\"none\">\n\t\t\t\t\t<img src=\"\/\/www.linksalpha.com\/images\/social_share_button.png\" alt=\"Share\" class=\"linksalpha_image\" \/>\n\t\t\t\t\t<\/a><script type=\"text\/javascript\" src=\"\/\/www.linksalpha.com\/scripts\/loader_iconbox.js?v=2.4\"><\/script><\/span><\/div>","protected":false},"author":1,"featured_media":0,"comment_status":"open","ping_status":"open","sticky":false,"template":"","format":"standard","meta":[],"categories":[137],"tags":[],"_links":{"self":[{"href":"http:\/\/www.blogdopilako.com.br\/wp\/wp-json\/wp\/v2\/posts\/54809"}],"collection":[{"href":"http:\/\/www.blogdopilako.com.br\/wp\/wp-json\/wp\/v2\/posts"}],"about":[{"href":"http:\/\/www.blogdopilako.com.br\/wp\/wp-json\/wp\/v2\/types\/post"}],"author":[{"embeddable":true,"href":"http:\/\/www.blogdopilako.com.br\/wp\/wp-json\/wp\/v2\/users\/1"}],"replies":[{"embeddable":true,"href":"http:\/\/www.blogdopilako.com.br\/wp\/wp-json\/wp\/v2\/comments?post=54809"}],"version-history":[{"count":2,"href":"http:\/\/www.blogdopilako.com.br\/wp\/wp-json\/wp\/v2\/posts\/54809\/revisions"}],"predecessor-version":[{"id":54828,"href":"http:\/\/www.blogdopilako.com.br\/wp\/wp-json\/wp\/v2\/posts\/54809\/revisions\/54828"}],"wp:attachment":[{"href":"http:\/\/www.blogdopilako.com.br\/wp\/wp-json\/wp\/v2\/media?parent=54809"}],"wp:term":[{"taxonomy":"category","embeddable":true,"href":"http:\/\/www.blogdopilako.com.br\/wp\/wp-json\/wp\/v2\/categories?post=54809"},{"taxonomy":"post_tag","embeddable":true,"href":"http:\/\/www.blogdopilako.com.br\/wp\/wp-json\/wp\/v2\/tags?post=54809"}],"curies":[{"name":"wp","href":"https:\/\/api.w.org\/{rel}","templated":true}]}}