{"id":54725,"date":"2013-12-24T10:58:31","date_gmt":"2013-12-24T13:58:31","guid":{"rendered":"http:\/\/www.blogdopilako.com.br\/wp\/?p=54725"},"modified":"2014-01-13T15:11:47","modified_gmt":"2014-01-13T18:11:47","slug":"curiosidades-musicais-roberto-carlos-parte-3-por-leo-dos-monges","status":"publish","type":"post","link":"http:\/\/www.blogdopilako.com.br\/wp\/2013\/12\/24\/curiosidades-musicais-roberto-carlos-parte-3-por-leo-dos-monges\/","title":{"rendered":"Curiosidades Musicais: ROBERTO CARLOS (Parte 3) &#8211; por L\u00e9o dos Monges"},"content":{"rendered":"\n\t\t\t\t<div class=\"mr_social_sharing_wrapper\">\n\t\t\t\t<!-- Social Sharing Toolkit v2.2 --><span class=\"mr_social_sharing_top\"><span style=\"display: inline-block; width: 55px; height: 62px; overflow: hidden;\"><div class=\"fb-like\" data-href=\"http:\/\/www.blogdopilako.com.br\/wp\/2013\/12\/24\/curiosidades-musicais-roberto-carlos-parte-3-por-leo-dos-monges\/\" data-send=\"false\" data-layout=\"box_count\" data-width=\"55\" data-show-faces=\"false\"><\/div><\/span><\/span><span class=\"mr_social_sharing_top\"><fb:share-button type=\"box_count\" href=\"http:\/\/www.blogdopilako.com.br\/wp\/2013\/12\/24\/curiosidades-musicais-roberto-carlos-parte-3-por-leo-dos-monges\/\"><\/fb:share-button><\/span><span class=\"mr_social_sharing\"><a rel=\"nofollow\" class=\"linksalpha_button linksalpha_link\" href=\"\/\/www.linksalpha.com\/social\/mobile\" data-url=\"http:\/\/www.blogdopilako.com.br\/wp\/2013\/12\/24\/curiosidades-musicais-roberto-carlos-parte-3-por-leo-dos-monges\/\" data-text=\"Curiosidades Musicais: ROBERTO CARLOS (Parte 3) \u2013 por L\u00e9o dos Monges\" data-desc=\"Anos 70: Fase Rom\u00e2ntica A partir da d\u00e9cada de 1970, marcaria o fim da Jovem Guarda e consolidaria o prest\u00edgio de Roberto Carlos como int\u00e9rprete rom\u00e2ntico no Brasil e no exterior (Estados Unidos, Europa e Am\u00e9rica Latina). O cantor seria o artista brasileiro que mais venderia discos no pa\u00eds.\" data-image=\"http:\/\/www.blogdopilako.com.br\/wp\/wp-content\/uploads\/e-rc-cabeludo.jpg\" data-button=\"none\">\n\t\t\t\t\t<img src=\"\/\/www.linksalpha.com\/images\/social_share_button.png\" alt=\"Share\" class=\"linksalpha_image\" \/>\n\t\t\t\t\t<\/a><script type=\"text\/javascript\" src=\"\/\/www.linksalpha.com\/scripts\/loader_iconbox.js?v=2.4\"><\/script><\/span><\/div><p style=\"text-align: justify;\"><a href=\"http:\/\/www.blogdopilako.com.br\/wp\/wp-content\/uploads\/e-rc-cabeludo.jpg\"><img loading=\"lazy\" class=\"aligncenter size-full wp-image-54726\" alt=\"e-rc-cabeludo\" src=\"http:\/\/www.blogdopilako.com.br\/wp\/wp-content\/uploads\/e-rc-cabeludo.jpg\" width=\"367\" height=\"550\" \/><\/a><\/p>\n<p style=\"text-align: justify;\"><strong>Anos 70: Fase Rom\u00e2ntica<\/strong><\/p>\n<p style=\"text-align: justify;\"><a href=\"http:\/\/www.blogdopilako.com.br\/wp\/wp-content\/uploads\/1266375518_74537661_1-Fotos-de-ROBERTO-CARLOS-A-300KM-POR-HORA.jpg\"><img loading=\"lazy\" class=\" wp-image-54727 alignleft\" alt=\"1266375518_74537661_1-Fotos-de-ROBERTO-CARLOS-A-300KM-POR-HORA\" src=\"http:\/\/www.blogdopilako.com.br\/wp\/wp-content\/uploads\/1266375518_74537661_1-Fotos-de-ROBERTO-CARLOS-A-300KM-POR-HORA.jpg\" width=\"312\" height=\"438\" \/><\/a>A partir da d\u00e9cada de 1970, marcaria o fim da Jovem Guarda e consolidaria o prest\u00edgio de Roberto Carlos como int\u00e9rprete rom\u00e2ntico no Brasil e no exterior (Estados Unidos, Europa e Am\u00e9rica Latina). O cantor seria o artista brasileiro que mais venderia discos no pa\u00eds. V\u00e1rias de suas can\u00e7\u00f5es foram gravadas por artistas como Julio Iglesias, Caravelli e Ray Conniff. Em 1970, o cantor fez uma bem-sucedida temporada de shows no canec\u00e3o. No final daquele ano, foi lan\u00e7ado o \u00e1lbum anual, que trouxe sucessos como \u201cAna\u201d, \u201cVista a Roupa Meu Bem\u201d e \u201cJesus Cristo\u201d, can\u00e7\u00e3o que tamb\u00e9m marcava sua aproxima\u00e7\u00e3o com a religi\u00e3o.<\/p>\n<p style=\"text-align: justify;\">No ano seguinte, foi lan\u00e7ado \u201cRoberto Carlos a 300Km por hora\u201d o \u00faltimo filme e tamb\u00e9m um grande sucesso nacional, ainda em 1971, foi lan\u00e7ado \u201cRoberto Carlos\u201d, o disco contou com os sucessos \u201cDetalhes\u201d, \u201cAmada Amante\u201d, \u201cTodas Est\u00e3o Surdos\u201d, \u201cDebaixo dos Carac\u00f3is dos Teus Cabelos\u201d (Homenagem a Caetano Veloso que estava exilado em Londres na Inglaterra em 1971) e \u201cComo dois e dois\u201d (de Caetano). Depois Caetano Veloso retribuiu a homenagem com \u201cMuito Rom\u00e2ntico\u201d e \u201cFor\u00e7a Estranha\u201d.<\/p>\n<p style=\"text-align: justify;\">O \u00e1lbum \u201cRoberto Carlos\u201d, de 1972, repercutiu com \u201cA Montanha\u201d e \u201cQuando as crian\u00e7as sa\u00edrem de f\u00e9rias\u201d, al\u00e9m de ter sido o primeiro LP a atingir a marca de um milh\u00e3o de c\u00f3pias vendidas; e \u201cRoberto Carlos\u201d, de 1973, com \u201cRotina\u201d e \u201cProposta\u201d. Em 24 de dezembro de 1974, a Rede Globo exibiu um especial do cantor, que obteve um enorme \u00edndice de audi\u00eancia. A partir daquele ano, o programa seria veiculado anualmente, sempre no final do ano.<\/p>\n<p style=\"text-align: justify;\">Em 1975, o grande sucesso seria \u201cAl\u00e9m do Horizonte\u201d. No ano seguinte,o cantor gravaria o novo LP nos Est\u00fadios da CBS em Nova Iorque. O \u00e1lbum lan\u00e7ou as can\u00e7\u00f5es \u201cIlegal, Imoral ou Engorda\u201d e \u201cOs seus Bot\u00f5es\u201d. Em 1977, Roberto Carlos gravou \u201cMuito Rom\u00e2ntico\u201d (de Caetano Veloso) e \u201cCavalgada\u201d, lan\u00e7adas no disco Natalino e que alcan\u00e7ariam os primeiros lugares nas paradas musicais.<\/p>\n<p style=\"text-align: justify;\">No ano seguinte, foi lan\u00e7ado \u201cRoberto Carlos\u201d, de 1978, de onde se destacaram as famosas \u201cCaf\u00e9 da Manha\u201d, For\u00e7a Estranha (de Caetano Veloso) e \u201cLady Laura\u201d- essa \u00faltima dedicada a sua m\u00e3e. O disco vendeu um milh\u00e3o e quinhentas mil c\u00f3pias, al\u00e9m de \u00e1lbuns que vendiam mais de um milh\u00e3o de c\u00f3pias por ano, os shows de Roberto Carlos eram tamb\u00e9m disputados: em 1978, o cantor percorreu o pa\u00eds por seis meses. Sempre com casas lotadas.<\/p>\n<p style=\"text-align: justify;\"><strong>Anos 1980: Reconhecimento Internacional.<\/strong><\/p>\n<p style=\"text-align: justify;\"><a href=\"http:\/\/www.blogdopilako.com.br\/wp\/wp-content\/uploads\/3nl9pygkemchq9hxblmn4x14w.jpg\"><img loading=\"lazy\" class=\"wp-image-54728 alignleft\" alt=\"3nl9pygkemchq9hxblmn4x14w\" src=\"http:\/\/www.blogdopilako.com.br\/wp\/wp-content\/uploads\/3nl9pygkemchq9hxblmn4x14w.jpg\" width=\"245\" height=\"245\" \/><\/a>No in\u00edcio da d\u00e9cada de 1980, participou de outra campanha, dessa vez para o ano internacional da pessoas deficiente. Em 1981, o cantor fez excurs\u00f5es internacionais e gravou o primeiro disco em ingl\u00eas \u2013 outros seriam lan\u00e7ados em Espanhol, Italiano e Franc\u00eas. Tamb\u00e9m gravou o disco anual, que contou com sucessos como \u201cEmo\u00e7\u00f5es\u201d, \u201cCama e Mesa\u201d e \u201cAs Baleias\u201d.<\/p>\n<p style=\"text-align: justify;\">Em 1982, recebeu da gravadora CBS o pr\u00eamio Globo de Cristal, oferecido aos artistas que ultrapassam a marca dos cinco milh\u00f5es de discos vendidos fora do pa\u00eds de origem. Ainda naquele ano, Maria Beth\u00e2nia participou do \u00e1lbum anual, no dueto \u201cAmiga\u201d. Era a primeira vez que o cantor convidava um outro artista para participar das grava\u00e7\u00f5es do disco. Roberto Carlos (1982) ainda teve o sucesso \u201cFera Ferida\u201d, outra parceria com Erasmo.<\/p>\n<p style=\"text-align: justify;\">Em 1984, sua can\u00e7\u00e3o \u201cCaminhoneiro\u201d foi executada mais de tr\u00eas mil vezes nas r\u00e1dios do pa\u00eds em um \u00fanico dia e, no ano seguinte, \u201cVerde e Amarelo\u201d bateria esta marca ao ser tocada tr\u00eas mil e quinhentas vezes. Ganhou em 1988 o Grammy de melhor cantor Latino-americano e, no ano seguinte, atingiu o Topo da parada latina da Billboard. Ainda em 1989, teve grande repercuss\u00e3o com \u201cAmaz\u00f4nia\u201d, no tradicional especial de fim de ano da Rede Globo cantou sucessos como \u201cOutra Vez\u201d ao lado de Simone.<\/p>\n<p style=\"text-align: justify;\"><strong>Anos 1990: campe\u00e3o de vendas e morte de Maria Rita.<\/strong><\/p>\n<p style=\"text-align: justify;\">Durante a d\u00e9cada de 1990, o sucesso de Roberto Carlos prosseguiu tanto em n\u00edvel nacional quanto internacional. Em 1994, Roberto Carlos conseguiu bater os Beatles em vendagens na Am\u00e9rica Latina, vendendo mais de 70 milh\u00f5es de disco.<\/p>\n<p style=\"text-align: justify;\"><a href=\"http:\/\/www.blogdopilako.com.br\/wp\/wp-content\/uploads\/81E6817642BA168C61D96016D5.jpg\"><img loading=\"lazy\" class=\"aligncenter  wp-image-54729\" alt=\"81E6817642BA168C61D96016D5\" src=\"http:\/\/www.blogdopilako.com.br\/wp\/wp-content\/uploads\/81E6817642BA168C61D96016D5.jpg\" width=\"359\" height=\"269\" \/><\/a>Em 1998, foi diagnosticado c\u00e2ncer em Maria Rita. Roberto Carlos teve de conciliar a grava\u00e7\u00e3o do disco anual e o apoio \u00e0 esposa internada em S\u00e3o Paulo. Seu disco anual quase n\u00e3o foi lan\u00e7ado. Com o agravamento do estado de sa\u00fade de Maria Rita, seguido de sua morte em Dezembro daquele ano, fez com que o cantor deixasse de apresentar o tradicional especial de final de ano na Rede Globo e n\u00e3o gravasse o disco anual. A gravadora Sony acabou lan\u00e7ando \u201cOs 30 Grandes Sucessos\u201d (Vol. 1 e 2), uma colet\u00e2nea dupla com os maiores sucessos da carreira de Roberto Carlos e uma faixa in\u00e9dita, a religiosa \u201cTodas as Nossas Senhoras\u201d escrita com Erasmo.<\/p>\n<p style=\"text-align: justify;\"><strong>Anos 2000 \u2013 Presente<\/strong><\/p>\n<p style=\"text-align: justify;\"><a href=\"http:\/\/www.blogdopilako.com.br\/wp\/wp-content\/uploads\/Roberto-CarlosFoto-IGRG1.jpg\"><img loading=\"lazy\" class=\" wp-image-54730 alignright\" alt=\"Roberto-CarlosFoto-IGRG1\" src=\"http:\/\/www.blogdopilako.com.br\/wp\/wp-content\/uploads\/Roberto-CarlosFoto-IGRG1.jpg\" width=\"233\" height=\"179\" \/><\/a>Depois de um per\u00edodo de reservas, Roberto Carlos retomou sua carreira com a turn\u00ea \u201cAmor Sem Limite\u201d, inaugurada em Recife, em novembro de 2000, t\u00edtulo de can\u00e7\u00e3o feita em homenagem a Maria Rita de maior destaque no \u00e1lbum lan\u00e7ado em dezembro daquele mesmo ano. Ainda naquele ano, o cantor rompeu o contrato com a gravadora Sony (Ex CBS), ap\u00f3s 39 anos de parceria.<\/p>\n<p style=\"text-align: justify;\">Roberto Carlos \u00e9 torcedor do Vasco da Gama. As m\u00fasicas mais preferidas de Roberto Carlos s\u00e3o: Detalhes, Emo\u00e7\u00f5es, Amigo, Como \u00e9 Grande o Meu Amor por Voc\u00ea e Te amo Tanto.<\/p>\n<p style=\"text-align: justify;\"><strong>DETALHES<\/strong><\/p>\n<p style=\"text-align: justify;\"><object width=\"600\" height=\"450\" classid=\"clsid:d27cdb6e-ae6d-11cf-96b8-444553540000\" codebase=\"http:\/\/download.macromedia.com\/pub\/shockwave\/cabs\/flash\/swflash.cab#version=6,0,40,0\"><param name=\"allowFullScreen\" value=\"true\" \/><param name=\"allowscriptaccess\" value=\"always\" \/><param name=\"src\" value=\"\/\/www.youtube.com\/v\/TKVJgb1JryA?hl=pt_BR&amp;version=3\" \/><param name=\"allowfullscreen\" value=\"true\" \/><embed width=\"600\" height=\"450\" type=\"application\/x-shockwave-flash\" src=\"\/\/www.youtube.com\/v\/TKVJgb1JryA?hl=pt_BR&amp;version=3\" allowFullScreen=\"true\" allowscriptaccess=\"always\" allowfullscreen=\"true\" \/><\/object><\/p>\n<p><strong><a href=\"http:\/\/www.blogdopilako.com.br\/wp\/wp-content\/uploads\/leo.jpg\"><img loading=\"lazy\" class=\"alignleft\" alt=\"leo\" src=\"http:\/\/www.blogdopilako.com.br\/wp\/wp-content\/uploads\/leo.jpg\" width=\"232\" height=\"194\" \/><\/a><\/strong><strong><\/strong><\/p>\n<p>&nbsp;<\/p>\n<p><strong>Leo dos Monges<\/strong><\/p>\n<p><a href=\"http:\/\/radiosintoniabrasil.com.br\/\"><img loading=\"lazy\" class=\"aligncenter\" alt=\"Bot\u00e3o RSB\" src=\"http:\/\/www.blogdopilako.com.br\/wp\/wp-content\/uploads\/Bot\u00e3o-RSB.jpg\" width=\"465\" height=\"80\" \/><\/a><\/p>\n\n\t\t\t\t<div class=\"mr_social_sharing_wrapper\">\n\t\t\t\t<!-- Social Sharing Toolkit v2.2 --><span class=\"mr_social_sharing_top\"><span style=\"display: inline-block; width: 55px; height: 62px; overflow: hidden;\"><div class=\"fb-like\" data-href=\"http:\/\/www.blogdopilako.com.br\/wp\/2013\/12\/24\/curiosidades-musicais-roberto-carlos-parte-3-por-leo-dos-monges\/\" data-send=\"false\" data-layout=\"box_count\" data-width=\"55\" data-show-faces=\"false\"><\/div><\/span><\/span><span class=\"mr_social_sharing_top\"><fb:share-button type=\"box_count\" href=\"http:\/\/www.blogdopilako.com.br\/wp\/2013\/12\/24\/curiosidades-musicais-roberto-carlos-parte-3-por-leo-dos-monges\/\"><\/fb:share-button><\/span><span class=\"mr_social_sharing\"><a rel=\"nofollow\" class=\"linksalpha_button linksalpha_link\" href=\"\/\/www.linksalpha.com\/social\/mobile\" data-url=\"http:\/\/www.blogdopilako.com.br\/wp\/2013\/12\/24\/curiosidades-musicais-roberto-carlos-parte-3-por-leo-dos-monges\/\" data-text=\"Curiosidades Musicais: ROBERTO CARLOS (Parte 3) \u2013 por L\u00e9o dos Monges\" data-desc=\"Anos 70: Fase Rom\u00e2ntica A partir da d\u00e9cada de 1970, marcaria o fim da Jovem Guarda e consolidaria o prest\u00edgio de Roberto Carlos como int\u00e9rprete rom\u00e2ntico no Brasil e no exterior (Estados Unidos, Europa e Am\u00e9rica Latina). O cantor seria o artista brasileiro que mais venderia discos no pa\u00eds.\" data-image=\"http:\/\/www.blogdopilako.com.br\/wp\/wp-content\/uploads\/e-rc-cabeludo.jpg\" data-button=\"none\">\n\t\t\t\t\t<img src=\"\/\/www.linksalpha.com\/images\/social_share_button.png\" alt=\"Share\" class=\"linksalpha_image\" \/>\n\t\t\t\t\t<\/a><script type=\"text\/javascript\" src=\"\/\/www.linksalpha.com\/scripts\/loader_iconbox.js?v=2.4\"><\/script><\/span><\/div>","protected":false},"excerpt":{"rendered":"\n\t\t\t\t<div class=\"mr_social_sharing_wrapper\">\n\t\t\t\t<!-- Social Sharing Toolkit v2.2 --><span class=\"mr_social_sharing_top\"><span style=\"display: inline-block; width: 55px; height: 62px; overflow: hidden;\"><div class=\"fb-like\" data-href=\"http:\/\/www.blogdopilako.com.br\/wp\/2013\/12\/24\/curiosidades-musicais-roberto-carlos-parte-3-por-leo-dos-monges\/\" data-send=\"false\" data-layout=\"box_count\" data-width=\"55\" data-show-faces=\"false\"><\/div><\/span><\/span><span class=\"mr_social_sharing_top\"><fb:share-button type=\"box_count\" href=\"http:\/\/www.blogdopilako.com.br\/wp\/2013\/12\/24\/curiosidades-musicais-roberto-carlos-parte-3-por-leo-dos-monges\/\"><\/fb:share-button><\/span><span class=\"mr_social_sharing\"><a rel=\"nofollow\" class=\"linksalpha_button linksalpha_link\" href=\"\/\/www.linksalpha.com\/social\/mobile\" data-url=\"http:\/\/www.blogdopilako.com.br\/wp\/2013\/12\/24\/curiosidades-musicais-roberto-carlos-parte-3-por-leo-dos-monges\/\" data-text=\"Curiosidades Musicais: ROBERTO CARLOS (Parte 3) \u2013 por L\u00e9o dos Monges\" data-desc=\"Anos 70: Fase Rom\u00e2ntica A partir da d\u00e9cada de 1970, marcaria o fim da Jovem Guarda e consolidaria o prest\u00edgio de Roberto Carlos como int\u00e9rprete rom\u00e2ntico no Brasil e no exterior (Estados Unidos, Europa e Am\u00e9rica Latina). O cantor seria o artista brasileiro que mais venderia discos no pa\u00eds.\" data-image=\"\" data-button=\"none\">\n\t\t\t\t\t<img src=\"\/\/www.linksalpha.com\/images\/social_share_button.png\" alt=\"Share\" class=\"linksalpha_image\" \/>\n\t\t\t\t\t<\/a><script type=\"text\/javascript\" src=\"\/\/www.linksalpha.com\/scripts\/loader_iconbox.js?v=2.4\"><\/script><\/span><\/div><p>Anos 70: Fase Rom\u00e2ntica A partir da d\u00e9cada de 1970, marcaria o fim da Jovem Guarda e consolidaria o prest\u00edgio de Roberto Carlos como int\u00e9rprete rom\u00e2ntico no Brasil e no exterior (Estados Unidos, Europa e Am\u00e9rica Latina). O cantor seria &hellip; <a href=\"http:\/\/www.blogdopilako.com.br\/wp\/2013\/12\/24\/curiosidades-musicais-roberto-carlos-parte-3-por-leo-dos-monges\/\">Continue lendo <span class=\"meta-nav\">&rarr;<\/span><\/a><\/p>\n\n\t\t\t\t<div class=\"mr_social_sharing_wrapper\">\n\t\t\t\t<!-- Social Sharing Toolkit v2.2 --><span class=\"mr_social_sharing_top\"><span style=\"display: inline-block; width: 55px; height: 62px; overflow: hidden;\"><div class=\"fb-like\" data-href=\"http:\/\/www.blogdopilako.com.br\/wp\/2013\/12\/24\/curiosidades-musicais-roberto-carlos-parte-3-por-leo-dos-monges\/\" data-send=\"false\" data-layout=\"box_count\" data-width=\"55\" data-show-faces=\"false\"><\/div><\/span><\/span><span class=\"mr_social_sharing_top\"><fb:share-button type=\"box_count\" href=\"http:\/\/www.blogdopilako.com.br\/wp\/2013\/12\/24\/curiosidades-musicais-roberto-carlos-parte-3-por-leo-dos-monges\/\"><\/fb:share-button><\/span><span class=\"mr_social_sharing\"><a rel=\"nofollow\" class=\"linksalpha_button linksalpha_link\" href=\"\/\/www.linksalpha.com\/social\/mobile\" data-url=\"http:\/\/www.blogdopilako.com.br\/wp\/2013\/12\/24\/curiosidades-musicais-roberto-carlos-parte-3-por-leo-dos-monges\/\" data-text=\"Curiosidades Musicais: ROBERTO CARLOS (Parte 3) \u2013 por L\u00e9o dos Monges\" data-desc=\"Anos 70: Fase Rom\u00e2ntica A partir da d\u00e9cada de 1970, marcaria o fim da Jovem Guarda e consolidaria o prest\u00edgio de Roberto Carlos como int\u00e9rprete rom\u00e2ntico no Brasil e no exterior (Estados Unidos, Europa e Am\u00e9rica Latina). O cantor seria o artista brasileiro que mais venderia discos no pa\u00eds.\" data-image=\"\" data-button=\"none\">\n\t\t\t\t\t<img src=\"\/\/www.linksalpha.com\/images\/social_share_button.png\" alt=\"Share\" class=\"linksalpha_image\" \/>\n\t\t\t\t\t<\/a><script type=\"text\/javascript\" src=\"\/\/www.linksalpha.com\/scripts\/loader_iconbox.js?v=2.4\"><\/script><\/span><\/div>","protected":false},"author":1,"featured_media":0,"comment_status":"open","ping_status":"open","sticky":false,"template":"","format":"standard","meta":[],"categories":[129],"tags":[],"_links":{"self":[{"href":"http:\/\/www.blogdopilako.com.br\/wp\/wp-json\/wp\/v2\/posts\/54725"}],"collection":[{"href":"http:\/\/www.blogdopilako.com.br\/wp\/wp-json\/wp\/v2\/posts"}],"about":[{"href":"http:\/\/www.blogdopilako.com.br\/wp\/wp-json\/wp\/v2\/types\/post"}],"author":[{"embeddable":true,"href":"http:\/\/www.blogdopilako.com.br\/wp\/wp-json\/wp\/v2\/users\/1"}],"replies":[{"embeddable":true,"href":"http:\/\/www.blogdopilako.com.br\/wp\/wp-json\/wp\/v2\/comments?post=54725"}],"version-history":[{"count":1,"href":"http:\/\/www.blogdopilako.com.br\/wp\/wp-json\/wp\/v2\/posts\/54725\/revisions"}],"predecessor-version":[{"id":54731,"href":"http:\/\/www.blogdopilako.com.br\/wp\/wp-json\/wp\/v2\/posts\/54725\/revisions\/54731"}],"wp:attachment":[{"href":"http:\/\/www.blogdopilako.com.br\/wp\/wp-json\/wp\/v2\/media?parent=54725"}],"wp:term":[{"taxonomy":"category","embeddable":true,"href":"http:\/\/www.blogdopilako.com.br\/wp\/wp-json\/wp\/v2\/categories?post=54725"},{"taxonomy":"post_tag","embeddable":true,"href":"http:\/\/www.blogdopilako.com.br\/wp\/wp-json\/wp\/v2\/tags?post=54725"}],"curies":[{"name":"wp","href":"https:\/\/api.w.org\/{rel}","templated":true}]}}