{"id":54452,"date":"2013-12-29T07:00:42","date_gmt":"2013-12-29T10:00:42","guid":{"rendered":"http:\/\/www.blogdopilako.com.br\/wp\/?p=54452"},"modified":"2013-12-29T17:34:59","modified_gmt":"2013-12-29T20:34:59","slug":"retrospectiva-2013-fatos-marcantes-e-sociais","status":"publish","type":"post","link":"http:\/\/www.blogdopilako.com.br\/wp\/2013\/12\/29\/retrospectiva-2013-fatos-marcantes-e-sociais\/","title":{"rendered":"RETROSPECTIVA 2013: Fatos Marcantes e Sociais"},"content":{"rendered":"\n\t\t\t\t<div class=\"mr_social_sharing_wrapper\">\n\t\t\t\t<!-- Social Sharing Toolkit v2.2 --><span class=\"mr_social_sharing_top\"><span style=\"display: inline-block; width: 55px; height: 62px; overflow: hidden;\"><div class=\"fb-like\" data-href=\"http:\/\/www.blogdopilako.com.br\/wp\/2013\/12\/29\/retrospectiva-2013-fatos-marcantes-e-sociais\/\" data-send=\"false\" data-layout=\"box_count\" data-width=\"55\" data-show-faces=\"false\"><\/div><\/span><\/span><span class=\"mr_social_sharing_top\"><fb:share-button type=\"box_count\" href=\"http:\/\/www.blogdopilako.com.br\/wp\/2013\/12\/29\/retrospectiva-2013-fatos-marcantes-e-sociais\/\"><\/fb:share-button><\/span><span class=\"mr_social_sharing\"><a rel=\"nofollow\" class=\"linksalpha_button linksalpha_link\" href=\"\/\/www.linksalpha.com\/social\/mobile\" data-url=\"http:\/\/www.blogdopilako.com.br\/wp\/2013\/12\/29\/retrospectiva-2013-fatos-marcantes-e-sociais\/\" data-text=\"RETROSPECTIVA 2013: Fatos Marcantes e Sociais\" data-desc=\"No dia 05 morre o poeta e precursor dos an\u00fancios falados e projetados, Dilson Lira. Seu corpo foi velado na sede do Instituto Hist\u00f3rico da Vit\u00f3ria. No dia 16, por conta de um vazamento, aconteceu um deslizamento na barreira em frente a COMPESA. O barro invadiu a Avenida Henrique de Holanda. N\u00e3o\" data-image=\"http:\/\/www.blogdopilako.com.br\/wp\/wp-content\/uploads\/sosig.jpg\" data-button=\"none\">\n\t\t\t\t\t<img src=\"\/\/www.linksalpha.com\/images\/social_share_button.png\" alt=\"Share\" class=\"linksalpha_image\" \/>\n\t\t\t\t\t<\/a><script type=\"text\/javascript\" src=\"\/\/www.linksalpha.com\/scripts\/loader_iconbox.js?v=2.4\"><\/script><\/span><\/div><p><a href=\"http:\/\/www.blogdopilako.com.br\/wp\/wp-content\/uploads\/sosig.jpg\"><img loading=\"lazy\" class=\"aligncenter size-full wp-image-54771\" alt=\"sosig\" src=\"http:\/\/www.blogdopilako.com.br\/wp\/wp-content\/uploads\/sosig.jpg\" width=\"570\" height=\"400\" \/><\/a><\/p>\n<p><a href=\"http:\/\/www.blogdopilako.com.br\/wp\/wp-content\/uploads\/jan2.jpg\"><img loading=\"lazy\" class=\"aligncenter size-full wp-image-54553\" alt=\"jan\" src=\"http:\/\/www.blogdopilako.com.br\/wp\/wp-content\/uploads\/jan2.jpg\" width=\"600\" height=\"68\" \/><\/a><\/p>\n<p style=\"text-align: justify;\"><a href=\"http:\/\/www.blogdopilako.com.br\/wp\/wp-content\/uploads\/Dilson-Lira-Jornal-da-Vitoria.jpg\"><img loading=\"lazy\" class=\"wp-image-25581 alignleft\" alt=\"Dilson Lira - Jornal da Vitoria\" src=\"http:\/\/www.blogdopilako.com.br\/wp\/wp-content\/uploads\/Dilson-Lira-Jornal-da-Vitoria.jpg\" width=\"114\" height=\"139\" \/><\/a>No dia 05 morre o poeta e precursor dos an\u00fancios falados e projetados, <strong>Dilson Lira.<\/strong> Seu corpo foi velado na sede do Instituto Hist\u00f3rico da Vit\u00f3ria.<\/p>\n<p style=\"text-align: justify;\"><a href=\"http:\/\/www.blogdopilako.com.br\/wp\/wp-content\/uploads\/jan2.jpg\"><img loading=\"lazy\" alt=\"jan\" src=\"http:\/\/www.blogdopilako.com.br\/wp\/wp-content\/uploads\/jan2.jpg\" width=\"600\" height=\"68\" \/><\/a><\/p>\n<p style=\"text-align: justify;\"><a href=\"http:\/\/www.blogdopilako.com.br\/wp\/wp-content\/uploads\/barreira1.jpg\"><img loading=\"lazy\" class=\" wp-image-34884 alignleft\" alt=\"barreira1\" src=\"http:\/\/www.blogdopilako.com.br\/wp\/wp-content\/uploads\/barreira1.jpg\" width=\"199\" height=\"149\" \/><\/a>No dia 16, por conta de um vazamento, aconteceu um deslizamento na barreira em frente a <strong>COMPESA<\/strong>. O barro invadiu a Avenida Henrique de Holanda. N\u00e3o houve registro de acidentados, apenas danos materiais.<\/p>\n<p><a href=\"http:\/\/www.blogdopilako.com.br\/wp\/wp-content\/uploads\/jan2.jpg\"><img loading=\"lazy\" alt=\"jan\" src=\"http:\/\/www.blogdopilako.com.br\/wp\/wp-content\/uploads\/jan2.jpg\" width=\"600\" height=\"68\" \/><\/a><\/p>\n<p style=\"text-align: justify;\"><img loading=\"lazy\" class=\"alignleft\" alt=\"2_408x447\" src=\"http:\/\/www.blogdopilako.com.br\/wp\/wp-content\/uploads\/2_408x447.jpg\" width=\"147\" height=\"161\" \/>Um acidente tr\u00e1gico no estado da Bahia, interrompeu a vida do comerciante <strong>Bar\u00e3o<\/strong>. Seu funeral foi marcado por dor e homenagens das pessoas montadas a cavalo.<\/p>\n<p><a href=\"http:\/\/www.blogdopilako.com.br\/wp\/wp-content\/uploads\/MAR.jpg\"><img loading=\"lazy\" class=\"aligncenter size-full wp-image-54773\" alt=\"MAR\" src=\"http:\/\/www.blogdopilako.com.br\/wp\/wp-content\/uploads\/MAR.jpg\" width=\"600\" height=\"68\" \/><\/a><\/p>\n<p style=\"text-align: justify;\"><a href=\"http:\/\/www.blogdopilako.com.br\/wp\/wp-content\/uploads\/tv-fora-do-ar.gif\"><img loading=\"lazy\" class=\" wp-image-54778 alignleft\" alt=\"tv-fora-do-ar\" src=\"http:\/\/www.blogdopilako.com.br\/wp\/wp-content\/uploads\/tv-fora-do-ar.gif\" width=\"192\" height=\"151\" \/><\/a>A <strong>TV Vit\u00f3ria<\/strong> passa um per\u00edodo<strong> fora do ar.<\/strong> Os telespectadores, em momento algum,\u00a0 foram informados dos reais motivos\u00a0 da paralisa\u00e7\u00e3o.<\/p>\n<p><a href=\"http:\/\/www.blogdopilako.com.br\/wp\/wp-content\/uploads\/MAR.jpg\"><img loading=\"lazy\" alt=\"MAR\" src=\"http:\/\/www.blogdopilako.com.br\/wp\/wp-content\/uploads\/MAR.jpg\" width=\"600\" height=\"68\" \/><\/a><\/p>\n<p style=\"text-align: justify;\"><a href=\"http:\/\/www.blogdopilako.com.br\/wp\/wp-content\/uploads\/lei-seca.jpg\"><img loading=\"lazy\" class=\"size-full wp-image-33584 alignleft\" alt=\"lei-seca\" src=\"http:\/\/www.blogdopilako.com.br\/wp\/wp-content\/uploads\/lei-seca.jpg\" width=\"148\" height=\"149\" \/><\/a>A <strong>Opera\u00e7\u00e3o Lei Seca<\/strong>\u00a0 realiza blitz na nossa\u00a0 cidade, impondo\u00a0 assim, mudan\u00e7as de comportamento nos motoristas que dirigem depois de \u00a0ingerir bebida alco\u00f3lica.<\/p>\n<p><a href=\"http:\/\/www.blogdopilako.com.br\/wp\/wp-content\/uploads\/ABR.jpg\"><img loading=\"lazy\" class=\"aligncenter size-full wp-image-54555\" alt=\"ABR\" src=\"http:\/\/www.blogdopilako.com.br\/wp\/wp-content\/uploads\/ABR.jpg\" width=\"600\" height=\"68\" \/><\/a><\/p>\n<p style=\"text-align: justify;\"><a href=\"http:\/\/www.blogdopilako.com.br\/wp\/wp-content\/uploads\/desenvolvimento-de-sites-internet-brasil.jpg\"><img loading=\"lazy\" class=\" wp-image-54780 alignleft\" alt=\"desenvolvimento-de-sites-internet-brasil\" src=\"http:\/\/www.blogdopilako.com.br\/wp\/wp-content\/uploads\/desenvolvimento-de-sites-internet-brasil-1024x824.jpg\" width=\"230\" height=\"185\" \/><\/a>Blogs da cidade (A Voz da Vit\u00f3ria e Blog do Pilako)\u00a0atingem picos de audi\u00eancia. Definitivamente a popula\u00e7\u00e3o da Vit\u00f3ria passa a adotar os blogs da cidade como leitura di\u00e1ria. Os blogs passam a pautar os assuntos na Terra de Ant\u00e3o Borges.<\/p>\n<p><a href=\"http:\/\/www.blogdopilako.com.br\/wp\/wp-content\/uploads\/MAI.jpg\"><img loading=\"lazy\" class=\"aligncenter size-full wp-image-54556\" alt=\"MAI\" src=\"http:\/\/www.blogdopilako.com.br\/wp\/wp-content\/uploads\/MAI.jpg\" width=\"600\" height=\"68\" \/><\/a><\/p>\n<p><img loading=\"lazy\" class=\"alignleft\" alt=\"ex-vereador\" src=\"http:\/\/www.blogdopilako.com.br\/wp\/wp-content\/uploads\/ex-vereador.jpg\" width=\"168\" height=\"158\" \/>No dia 05 faleceu o ex-vereador e ex-presidente da C\u00e2mara da Vit\u00f3ria,<strong> Ant\u00f4nio Pereira<\/strong>. O seu corpo foi velado no pr\u00e9dio da C\u00e2mara e sepultado na sua terra natal, Passira.<\/p>\n<p><a href=\"http:\/\/www.blogdopilako.com.br\/wp\/wp-content\/uploads\/JUN.jpg\"><img loading=\"lazy\" class=\"aligncenter size-full wp-image-54755\" alt=\"JUN\" src=\"http:\/\/www.blogdopilako.com.br\/wp\/wp-content\/uploads\/JUN.jpg\" width=\"600\" height=\"68\" \/><\/a><\/p>\n<p style=\"text-align: justify;\"><img loading=\"lazy\" class=\"alignleft\" alt=\"m\" src=\"http:\/\/www.blogdopilako.com.br\/wp\/wp-content\/uploads\/m.jpg\" width=\"211\" height=\"157\" \/>Na manh\u00e3 do dia 04, sob o comando da Promotora de Justi\u00e7a <strong>Vera Rejane<\/strong> aconteceu a primeira <strong>audi\u00eancia p\u00fablica<\/strong> para tratar da remo\u00e7\u00e3o da <strong>feira livre<\/strong> do centro da cidade. Feirantes, moradores, imprensa e demais autoridades constitu\u00eddas se fizeram presentes.<\/p>\n<p><a href=\"http:\/\/www.blogdopilako.com.br\/wp\/wp-content\/uploads\/JUN.jpg\"><img loading=\"lazy\" alt=\"JUN\" src=\"http:\/\/www.blogdopilako.com.br\/wp\/wp-content\/uploads\/JUN.jpg\" width=\"600\" height=\"68\" \/><\/a><\/p>\n<p style=\"text-align: justify;\"><img loading=\"lazy\" class=\"alignleft\" alt=\"mani\" src=\"http:\/\/www.blogdopilako.com.br\/wp\/wp-content\/uploads\/mani.jpg\" width=\"203\" height=\"152\" \/>Conectados com os movimentos ocorridos em todo Pais, onde jovens empunhando cartazes foram \u00e0s ruas pedindo o <strong>fim da corrup\u00e7\u00e3o<\/strong>, em nossa cidade um bom n\u00famero de estudantes, na tarde do dia 19, fizeram passeatas e gritaram palavras de ordem.<\/p>\n<p><a href=\"http:\/\/www.blogdopilako.com.br\/wp\/wp-content\/uploads\/JUL.jpg\"><img loading=\"lazy\" class=\"aligncenter size-full wp-image-54557\" alt=\"JUL\" src=\"http:\/\/www.blogdopilako.com.br\/wp\/wp-content\/uploads\/JUL.jpg\" width=\"600\" height=\"68\" \/><\/a><\/p>\n<p style=\"text-align: justify;\"><img loading=\"lazy\" class=\"alignleft\" alt=\"7239\" src=\"http:\/\/www.blogdopilako.com.br\/wp\/wp-content\/uploads\/7239.jpg\" width=\"210\" height=\"157\" \/>No dia 17, o comerciante e carnavalesco, <strong>S\u00e9rgio Tarso<\/strong>, foi v\u00edtima de morte s\u00fabita. No seu sepultamento, uma pequena orquestra de frevo realizou \u00a0as devidas homenagens.<\/p>\n<p><a href=\"http:\/\/www.blogdopilako.com.br\/wp\/wp-content\/uploads\/AGO.jpg\"><img loading=\"lazy\" class=\"aligncenter size-full wp-image-54774\" alt=\"AGO\" src=\"http:\/\/www.blogdopilako.com.br\/wp\/wp-content\/uploads\/AGO.jpg\" width=\"600\" height=\"68\" \/><\/a><\/p>\n<p style=\"text-align: justify;\"><img loading=\"lazy\" class=\"alignleft\" alt=\"\" src=\"http:\/\/www.blogdopilako.com.br\/wp\/wp-content\/uploads\/fav-MERCADO-DE-FARINHA-HIST%C3%93RIA-DA-VIT%C3%93RIA-DE-SANTO-ANT%C3%83O-1983-A-2010.jpg\" width=\"206\" height=\"132\" \/>Inaugurado em 16 de agosto de 1913, o imponente pr\u00e9dio do <strong>Mercado de Farinha<\/strong>, comemora seu centen\u00e1rio, depredado, totalmente abandonado e esquecido pelo poder p\u00fablico municipal.<\/p>\n<p><a href=\"http:\/\/www.blogdopilako.com.br\/wp\/wp-content\/uploads\/AGO.jpg\"><img loading=\"lazy\" alt=\"AGO\" src=\"http:\/\/www.blogdopilako.com.br\/wp\/wp-content\/uploads\/AGO.jpg\" width=\"600\" height=\"68\" \/><\/a><\/p>\n<p style=\"text-align: justify;\"><a href=\"http:\/\/www.blogdopilako.com.br\/wp\/wp-content\/uploads\/duda-da-passira2.jpg\"><img loading=\"lazy\" class=\" wp-image-16757 alignleft\" alt=\"duda-da-passira\" src=\"http:\/\/www.blogdopilako.com.br\/wp\/wp-content\/uploads\/duda-da-passira2.jpg\" width=\"213\" height=\"143\" \/><\/a>A sanfona do mais famoso tocador da cidade, <strong>Duda da Passira<\/strong>, para de tocar com o seu falecimento no dia 30. Muitas homenagens foram feitas e o seu cortejo foi marcado por muita emo\u00e7\u00e3o.<\/p>\n<p><a href=\"http:\/\/www.blogdopilako.com.br\/wp\/wp-content\/uploads\/AGO.jpg\"><img loading=\"lazy\" alt=\"AGO\" src=\"http:\/\/www.blogdopilako.com.br\/wp\/wp-content\/uploads\/AGO.jpg\" width=\"600\" height=\"68\" \/><\/a><\/p>\n<p style=\"text-align: justify;\"><a href=\"http:\/\/www.blogdopilako.com.br\/wp\/wp-content\/uploads\/estetoscopio-curso-de-medicina.jpg\"><img loading=\"lazy\" class=\" wp-image-54782 alignleft\" alt=\"estetoscopio-curso-de-medicina\" src=\"http:\/\/www.blogdopilako.com.br\/wp\/wp-content\/uploads\/estetoscopio-curso-de-medicina-1024x1024.jpg\" width=\"230\" height=\"230\" \/><\/a>O pol\u00eamico Programa Federal \u2013 Mais \u00a0M\u00e9dico \u2013 que teve por objetivo a importa\u00e7\u00e3o de m\u00e9dicos de Cuba para atendimento a popula\u00e7\u00e3o brasileira, sobretudo as de baixa renda, parte deles tiveram treinamento nas depend\u00eancias da UFPE-CAV, ou seja, em nossa cidade.<\/p>\n<p><a href=\"http:\/\/www.blogdopilako.com.br\/wp\/wp-content\/uploads\/SET.jpg\"><img loading=\"lazy\" class=\"aligncenter size-full wp-image-54775\" alt=\"SET\" src=\"http:\/\/www.blogdopilako.com.br\/wp\/wp-content\/uploads\/SET.jpg\" width=\"600\" height=\"68\" \/><\/a><\/p>\n<p style=\"text-align: justify;\"><img loading=\"lazy\" class=\"alignleft\" alt=\"sobrado2\" src=\"http:\/\/www.blogdopilako.com.br\/wp\/wp-content\/uploads\/sobrado2-746x1024.jpg\" width=\"161\" height=\"221\" \/>Ap\u00f3s muita dificuldade, finalmente, com a ajuda dos s\u00f3cios, vereadores e prefeitura e, \u00a0sob a lideran\u00e7a e a determina\u00e7\u00e3o do Presidente do Instituto Hist\u00f3rico, professor <strong>Pedro Ferrer<\/strong>, o <strong>Sobradinho<\/strong> da Rua Imperial \u00e9 parcialmente restaurado.<\/p>\n<p><a href=\"http:\/\/www.blogdopilako.com.br\/wp\/wp-content\/uploads\/SET.jpg\"><img loading=\"lazy\" class=\"aligncenter\" alt=\"SET\" src=\"http:\/\/www.blogdopilako.com.br\/wp\/wp-content\/uploads\/SET.jpg\" width=\"600\" height=\"68\" \/><\/a><\/p>\n<p style=\"text-align: justify;\"><img loading=\"lazy\" class=\"alignleft\" alt=\"praca (4)\" src=\"http:\/\/www.blogdopilako.com.br\/wp\/wp-content\/uploads\/praca-4.jpg\" width=\"215\" height=\"161\" \/>No dia 11, aconteceu na Pra\u00e7a da Matriz, promovido pelo <strong>MAPA \u2013 Movimento de Amigos Protetores dos Animais da Vit\u00f3ria<\/strong>, a primeira Feira de Ado\u00e7\u00e3o de Animais da cidade. O evento alcan\u00e7ou seus objetivos.<\/p>\n<p><a href=\"http:\/\/www.blogdopilako.com.br\/wp\/wp-content\/uploads\/SET.jpg\"><img loading=\"lazy\" class=\"aligncenter\" alt=\"SET\" src=\"http:\/\/www.blogdopilako.com.br\/wp\/wp-content\/uploads\/SET.jpg\" width=\"600\" height=\"68\" \/><\/a><\/p>\n<p style=\"text-align: justify;\"><img loading=\"lazy\" class=\"alignleft\" alt=\"jonza\" src=\"http:\/\/www.blogdopilako.com.br\/wp\/wp-content\/uploads\/jonza.jpg\" width=\"199\" height=\"148\" \/>No dia 24 morre o tabeli\u00e3o <strong>Jo\u00e3o Valois<\/strong>. Seu \u201c<strong>jonza<\/strong>\u201d, como era carinhosamente chamado, foi membro atuante na sociedade vitoriense. Seu corpo foi sepultado no cemit\u00e9rio Morada da Paz em Paulista.<\/p>\n<p><a href=\"http:\/\/www.blogdopilako.com.br\/wp\/wp-content\/uploads\/OUT.jpg\"><img loading=\"lazy\" class=\"aligncenter size-full wp-image-54558\" alt=\"OUT\" src=\"http:\/\/www.blogdopilako.com.br\/wp\/wp-content\/uploads\/OUT.jpg\" width=\"600\" height=\"68\" \/><\/a><\/p>\n<p style=\"text-align: justify;\"><a href=\"http:\/\/www.blogdopilako.com.br\/wp\/wp-content\/uploads\/santamaria.jpg\"><img loading=\"lazy\" class=\" wp-image-54783 alignleft\" alt=\"santamaria\" src=\"http:\/\/www.blogdopilako.com.br\/wp\/wp-content\/uploads\/santamaria.jpg\" width=\"171\" height=\"150\" \/><\/a>No dia 04 a dire\u00e7\u00e3o do <strong>Hospital Santa Maria<\/strong> re\u00fane a comunidade m\u00e9dica e sociedade em geral, no p\u00e1tio do hospital, para comemorar a passagem do seu<strong> Jubileu de Ouro<\/strong>.<\/p>\n<p style=\"text-align: center;\"><a href=\"http:\/\/www.blogdopilako.com.br\/wp\/wp-content\/uploads\/OUT.jpg\"><img loading=\"lazy\" alt=\"OUT\" src=\"http:\/\/www.blogdopilako.com.br\/wp\/wp-content\/uploads\/OUT.jpg\" width=\"600\" height=\"68\" \/><\/a><\/p>\n<p style=\"text-align: justify;\"><a href=\"http:\/\/www.blogdopilako.com.br\/wp\/wp-content\/uploads\/comedia.jpg\"><img loading=\"lazy\" class=\" wp-image-54784 alignleft\" alt=\"comedia\" src=\"http:\/\/www.blogdopilako.com.br\/wp\/wp-content\/uploads\/comedia.jpg\" width=\"202\" height=\"104\" \/><\/a>Um movimento intitulado: <strong>Com\u00e9dia de Quinta<\/strong>, articulado pelo produtor<strong> C\u00e9lio Bisneto<\/strong>, trouxe v\u00e1rios comediante do\u00a0 chamado stand-up, alguns deles, com passagem pelos principais programas televisivos do g\u00eanero no Pa\u00eds.<\/p>\n<p><a href=\"http:\/\/www.blogdopilako.com.br\/wp\/wp-content\/uploads\/NOV.jpg\"><img loading=\"lazy\" class=\"aligncenter size-full wp-image-54559\" alt=\"NOV\" src=\"http:\/\/www.blogdopilako.com.br\/wp\/wp-content\/uploads\/NOV.jpg\" width=\"600\" height=\"68\" \/><\/a><\/p>\n<p><img loading=\"lazy\" class=\"alignleft\" alt=\"8000\" src=\"http:\/\/www.blogdopilako.com.br\/wp\/wp-content\/uploads\/80001.jpg\" width=\"180\" height=\"31\" \/><\/p>\n<p>No dia 19 de novembro o <strong>Blog do Pilako<\/strong> alcan\u00e7a a postagem de n\u00famero <strong>8.000<\/strong>.<\/p>\n<p><a href=\"http:\/\/www.blogdopilako.com.br\/wp\/wp-content\/uploads\/NOV.jpg\"><img loading=\"lazy\" class=\"alignleft\" alt=\"NOV\" src=\"http:\/\/www.blogdopilako.com.br\/wp\/wp-content\/uploads\/NOV.jpg\" width=\"600\" height=\"68\" \/><\/a><\/p>\n<p style=\"text-align: justify;\"><a href=\"http:\/\/www.blogdopilako.com.br\/wp\/wp-content\/uploads\/Tax\u00edmetro.jpg\"><img loading=\"lazy\" class=\" wp-image-54785 alignleft\" alt=\"Tax\u00edmetro\" src=\"http:\/\/www.blogdopilako.com.br\/wp\/wp-content\/uploads\/Tax\u00edmetro.jpg\" width=\"188\" height=\"148\" \/><\/a>No dia 25 os <strong>t\u00e1xis legalizados<\/strong> da cidade come\u00e7aram a colocar o <strong>tax\u00edmetro<\/strong>. Deste dia em diante os passageiros passaram a pagar as corridas com bandeiradas e por km percorrido, assim como tarifa\u00e7\u00e3o pela hora parada.<\/p>\n<p><a href=\"http:\/\/www.blogdopilako.com.br\/wp\/wp-content\/uploads\/NOV.jpg\"><img loading=\"lazy\" alt=\"NOV\" src=\"http:\/\/www.blogdopilako.com.br\/wp\/wp-content\/uploads\/NOV.jpg\" width=\"600\" height=\"68\" \/><\/a><\/p>\n<p style=\"text-align: justify;\"><img loading=\"lazy\" class=\"alignleft\" alt=\"instituto (25)\" src=\"http:\/\/www.blogdopilako.com.br\/wp\/wp-content\/uploads\/instituto-251.jpg\" width=\"215\" height=\"161\" \/>Instituto Hist\u00f3rico homenageia um dos s\u00f3cios\u00a0 fundador da institui\u00e7\u00e3o, senhor <strong>Severino das Neves Junior<\/strong>, popularmente conhecido por <strong>Seu Vino,\u00a0<\/strong>pela passagem dos\u00a0 seus\u00a0 100 anos de vida.<\/p>\n<p><a href=\"http:\/\/www.blogdopilako.com.br\/wp\/wp-content\/uploads\/NOV.jpg\"><img loading=\"lazy\" alt=\"NOV\" src=\"http:\/\/www.blogdopilako.com.br\/wp\/wp-content\/uploads\/NOV.jpg\" width=\"600\" height=\"68\" \/><\/a><\/p>\n<div style=\"width: 250px\" class=\"wp-caption alignleft\"><img loading=\"lazy\" alt=\"\" src=\"http:\/\/www.asfabe.com\/wp-content\/uploads\/2011\/07\/foto35-400x250.jpg\" width=\"240\" height=\"150\" \/><p class=\"wp-caption-text\">Foto: Divulga\u00e7\u00e3o<\/p><\/div>\n<p style=\"text-align: justify;\">Recebe t\u00edtulo de cidad\u00e3o vitoriense em sess\u00e3o solene no Clube Abanadores \u201c O LE\u00c3O\u201d, entre outros, 0 Reverend\u00edssimo Senhor Arcebispo de Olinda e Recife\u00a0<strong>Dom Ant\u00f4nio Fernando Saburido. <\/strong>O Arcebispo, quando crian\u00e7a, morou em nossa cidade e come\u00e7ou sua vida\u00a0 religiosa, como ac\u00f3lito, na Igreja Nossa Senhora do Livramento.<\/p>\n<p><a href=\"http:\/\/www.blogdopilako.com.br\/wp\/wp-content\/uploads\/NOV.jpg\"><img loading=\"lazy\" alt=\"NOV\" src=\"http:\/\/www.blogdopilako.com.br\/wp\/wp-content\/uploads\/NOV.jpg\" width=\"600\" height=\"68\" \/><\/a><\/p>\n<p style=\"text-align: justify;\"><a href=\"http:\/\/www.blogdopilako.com.br\/wp\/wp-content\/uploads\/plk3.jpg\"><img loading=\"lazy\" class=\" wp-image-45708 alignleft\" alt=\"plk\" src=\"http:\/\/www.blogdopilako.com.br\/wp\/wp-content\/uploads\/plk3.jpg\" width=\"114\" height=\"102\" \/><\/a>De maneira inovadora o <strong>Blog do Pilako<\/strong> e a <strong>PLK WEBTV<\/strong> lan\u00e7am as mensagens natalinas em v\u00eddeos para internet. Pessoas das mais variadas tend\u00eancias se utilizam do novo servi\u00e7o.<\/p>\n\n\t\t\t\t<div class=\"mr_social_sharing_wrapper\">\n\t\t\t\t<!-- Social Sharing Toolkit v2.2 --><span class=\"mr_social_sharing_top\"><span style=\"display: inline-block; width: 55px; height: 62px; overflow: hidden;\"><div class=\"fb-like\" data-href=\"http:\/\/www.blogdopilako.com.br\/wp\/2013\/12\/29\/retrospectiva-2013-fatos-marcantes-e-sociais\/\" data-send=\"false\" data-layout=\"box_count\" data-width=\"55\" data-show-faces=\"false\"><\/div><\/span><\/span><span class=\"mr_social_sharing_top\"><fb:share-button type=\"box_count\" href=\"http:\/\/www.blogdopilako.com.br\/wp\/2013\/12\/29\/retrospectiva-2013-fatos-marcantes-e-sociais\/\"><\/fb:share-button><\/span><span class=\"mr_social_sharing\"><a rel=\"nofollow\" class=\"linksalpha_button linksalpha_link\" href=\"\/\/www.linksalpha.com\/social\/mobile\" data-url=\"http:\/\/www.blogdopilako.com.br\/wp\/2013\/12\/29\/retrospectiva-2013-fatos-marcantes-e-sociais\/\" data-text=\"RETROSPECTIVA 2013: Fatos Marcantes e Sociais\" data-desc=\"No dia 05 morre o poeta e precursor dos an\u00fancios falados e projetados, Dilson Lira. Seu corpo foi velado na sede do Instituto Hist\u00f3rico da Vit\u00f3ria. No dia 16, por conta de um vazamento, aconteceu um deslizamento na barreira em frente a COMPESA. O barro invadiu a Avenida Henrique de Holanda. N\u00e3o\" data-image=\"http:\/\/www.blogdopilako.com.br\/wp\/wp-content\/uploads\/sosig.jpg\" data-button=\"none\">\n\t\t\t\t\t<img src=\"\/\/www.linksalpha.com\/images\/social_share_button.png\" alt=\"Share\" class=\"linksalpha_image\" \/>\n\t\t\t\t\t<\/a><script type=\"text\/javascript\" src=\"\/\/www.linksalpha.com\/scripts\/loader_iconbox.js?v=2.4\"><\/script><\/span><\/div>","protected":false},"excerpt":{"rendered":"\n\t\t\t\t<div class=\"mr_social_sharing_wrapper\">\n\t\t\t\t<!-- Social Sharing Toolkit v2.2 --><span class=\"mr_social_sharing_top\"><span style=\"display: inline-block; width: 55px; height: 62px; overflow: hidden;\"><div class=\"fb-like\" data-href=\"http:\/\/www.blogdopilako.com.br\/wp\/2013\/12\/29\/retrospectiva-2013-fatos-marcantes-e-sociais\/\" data-send=\"false\" data-layout=\"box_count\" data-width=\"55\" data-show-faces=\"false\"><\/div><\/span><\/span><span class=\"mr_social_sharing_top\"><fb:share-button type=\"box_count\" href=\"http:\/\/www.blogdopilako.com.br\/wp\/2013\/12\/29\/retrospectiva-2013-fatos-marcantes-e-sociais\/\"><\/fb:share-button><\/span><span class=\"mr_social_sharing\"><a rel=\"nofollow\" class=\"linksalpha_button linksalpha_link\" href=\"\/\/www.linksalpha.com\/social\/mobile\" data-url=\"http:\/\/www.blogdopilako.com.br\/wp\/2013\/12\/29\/retrospectiva-2013-fatos-marcantes-e-sociais\/\" data-text=\"RETROSPECTIVA 2013: Fatos Marcantes e Sociais\" data-desc=\"No dia 05 morre o poeta e precursor dos an\u00fancios falados e projetados, Dilson Lira. Seu corpo foi velado na sede do Instituto Hist\u00f3rico da Vit\u00f3ria. No dia 16, por conta de um vazamento, aconteceu um deslizamento na barreira em frente a COMPESA. O barro invadiu a Avenida Henrique de Holanda. N\u00e3o\" data-image=\"\" data-button=\"none\">\n\t\t\t\t\t<img src=\"\/\/www.linksalpha.com\/images\/social_share_button.png\" alt=\"Share\" class=\"linksalpha_image\" \/>\n\t\t\t\t\t<\/a><script type=\"text\/javascript\" src=\"\/\/www.linksalpha.com\/scripts\/loader_iconbox.js?v=2.4\"><\/script><\/span><\/div><p>No dia 05 morre o poeta e precursor dos an\u00fancios falados e projetados, Dilson Lira. Seu corpo foi velado na sede do Instituto Hist\u00f3rico da Vit\u00f3ria. No dia 16, por conta de um vazamento, aconteceu um deslizamento na barreira em &hellip; <a href=\"http:\/\/www.blogdopilako.com.br\/wp\/2013\/12\/29\/retrospectiva-2013-fatos-marcantes-e-sociais\/\">Continue lendo <span class=\"meta-nav\">&rarr;<\/span><\/a><\/p>\n\n\t\t\t\t<div class=\"mr_social_sharing_wrapper\">\n\t\t\t\t<!-- Social Sharing Toolkit v2.2 --><span class=\"mr_social_sharing_top\"><span style=\"display: inline-block; width: 55px; height: 62px; overflow: hidden;\"><div class=\"fb-like\" data-href=\"http:\/\/www.blogdopilako.com.br\/wp\/2013\/12\/29\/retrospectiva-2013-fatos-marcantes-e-sociais\/\" data-send=\"false\" data-layout=\"box_count\" data-width=\"55\" data-show-faces=\"false\"><\/div><\/span><\/span><span class=\"mr_social_sharing_top\"><fb:share-button type=\"box_count\" href=\"http:\/\/www.blogdopilako.com.br\/wp\/2013\/12\/29\/retrospectiva-2013-fatos-marcantes-e-sociais\/\"><\/fb:share-button><\/span><span class=\"mr_social_sharing\"><a rel=\"nofollow\" class=\"linksalpha_button linksalpha_link\" href=\"\/\/www.linksalpha.com\/social\/mobile\" data-url=\"http:\/\/www.blogdopilako.com.br\/wp\/2013\/12\/29\/retrospectiva-2013-fatos-marcantes-e-sociais\/\" data-text=\"RETROSPECTIVA 2013: Fatos Marcantes e Sociais\" data-desc=\"No dia 05 morre o poeta e precursor dos an\u00fancios falados e projetados, Dilson Lira. Seu corpo foi velado na sede do Instituto Hist\u00f3rico da Vit\u00f3ria. No dia 16, por conta de um vazamento, aconteceu um deslizamento na barreira em frente a COMPESA. O barro invadiu a Avenida Henrique de Holanda. N\u00e3o\" data-image=\"\" data-button=\"none\">\n\t\t\t\t\t<img src=\"\/\/www.linksalpha.com\/images\/social_share_button.png\" alt=\"Share\" class=\"linksalpha_image\" \/>\n\t\t\t\t\t<\/a><script type=\"text\/javascript\" src=\"\/\/www.linksalpha.com\/scripts\/loader_iconbox.js?v=2.4\"><\/script><\/span><\/div>","protected":false},"author":4,"featured_media":0,"comment_status":"open","ping_status":"open","sticky":false,"template":"","format":"standard","meta":[],"categories":[137],"tags":[],"_links":{"self":[{"href":"http:\/\/www.blogdopilako.com.br\/wp\/wp-json\/wp\/v2\/posts\/54452"}],"collection":[{"href":"http:\/\/www.blogdopilako.com.br\/wp\/wp-json\/wp\/v2\/posts"}],"about":[{"href":"http:\/\/www.blogdopilako.com.br\/wp\/wp-json\/wp\/v2\/types\/post"}],"author":[{"embeddable":true,"href":"http:\/\/www.blogdopilako.com.br\/wp\/wp-json\/wp\/v2\/users\/4"}],"replies":[{"embeddable":true,"href":"http:\/\/www.blogdopilako.com.br\/wp\/wp-json\/wp\/v2\/comments?post=54452"}],"version-history":[{"count":7,"href":"http:\/\/www.blogdopilako.com.br\/wp\/wp-json\/wp\/v2\/posts\/54452\/revisions"}],"predecessor-version":[{"id":54825,"href":"http:\/\/www.blogdopilako.com.br\/wp\/wp-json\/wp\/v2\/posts\/54452\/revisions\/54825"}],"wp:attachment":[{"href":"http:\/\/www.blogdopilako.com.br\/wp\/wp-json\/wp\/v2\/media?parent=54452"}],"wp:term":[{"taxonomy":"category","embeddable":true,"href":"http:\/\/www.blogdopilako.com.br\/wp\/wp-json\/wp\/v2\/categories?post=54452"},{"taxonomy":"post_tag","embeddable":true,"href":"http:\/\/www.blogdopilako.com.br\/wp\/wp-json\/wp\/v2\/tags?post=54452"}],"curies":[{"name":"wp","href":"https:\/\/api.w.org\/{rel}","templated":true}]}}