{"id":5377,"date":"2011-09-17T09:30:11","date_gmt":"2011-09-17T12:30:11","guid":{"rendered":"http:\/\/www.blogdopilako.com.br\/wp\/?p=5377"},"modified":"2011-09-17T11:30:59","modified_gmt":"2011-09-17T14:30:59","slug":"fim-de-semana-cultural-deixando-o-passado-e-roupas-no-varal-poesia-por-elmo-freitas","status":"publish","type":"post","link":"http:\/\/www.blogdopilako.com.br\/wp\/2011\/09\/17\/fim-de-semana-cultural-deixando-o-passado-e-roupas-no-varal-poesia-por-elmo-freitas\/","title":{"rendered":"Fim de Semana Cultural: <br>Deixando o passado e roupas no varal (poesia) &#8211; por Elmo Freitas"},"content":{"rendered":"\n\t\t\t\t<div class=\"mr_social_sharing_wrapper\">\n\t\t\t\t<!-- Social Sharing Toolkit v2.2 --><span class=\"mr_social_sharing_top\"><span style=\"display: inline-block; width: 55px; height: 62px; overflow: hidden;\"><div class=\"fb-like\" data-href=\"http:\/\/www.blogdopilako.com.br\/wp\/2011\/09\/17\/fim-de-semana-cultural-deixando-o-passado-e-roupas-no-varal-poesia-por-elmo-freitas\/\" data-send=\"false\" data-layout=\"box_count\" data-width=\"55\" data-show-faces=\"false\"><\/div><\/span><\/span><span class=\"mr_social_sharing_top\"><fb:share-button type=\"box_count\" href=\"http:\/\/www.blogdopilako.com.br\/wp\/2011\/09\/17\/fim-de-semana-cultural-deixando-o-passado-e-roupas-no-varal-poesia-por-elmo-freitas\/\"><\/fb:share-button><\/span><span class=\"mr_social_sharing\"><a rel=\"nofollow\" class=\"linksalpha_button linksalpha_link\" href=\"\/\/www.linksalpha.com\/social\/mobile\" data-url=\"http:\/\/www.blogdopilako.com.br\/wp\/2011\/09\/17\/fim-de-semana-cultural-deixando-o-passado-e-roupas-no-varal-poesia-por-elmo-freitas\/\" data-text=\"Fim de Semana Cultural: Deixando o passado e roupas no varal (poesia) \u2013 por Elmo Freitas\" data-desc=\"Deixando o passado e roupas no varal Naquele dia ele acordou, n\u00e3o pensou duas vezes e decidiu ir ser feliz. N\u00e3o quis mais saber de lamenta\u00e7\u00f5es, lam\u00farias ou sentimentos inconstantes. Olhou para o c\u00e9u e viu apenas uma nuvem, resolveu ent\u00e3o ir busc\u00e1-la. Sentiu a dire\u00e7\u00e3o do vento e seguiu.\" data-image=\"http:\/\/3.bp.blogspot.com\/-HVgxlCuccXU\/TlhHQbGnoII\/AAAAAAAAARI\/XRAB_kau_70\/s1600\/roupas%2Bno%2Bvaral.jpg\" data-button=\"none\">\n\t\t\t\t\t<img src=\"\/\/www.linksalpha.com\/images\/social_share_button.png\" alt=\"Share\" class=\"linksalpha_image\" \/>\n\t\t\t\t\t<\/a><script type=\"text\/javascript\" src=\"\/\/www.linksalpha.com\/scripts\/loader_iconbox.js?v=2.4\"><\/script><\/span><\/div><h3><img loading=\"lazy\" class=\"aligncenter\" title=\"varal\" src=\"http:\/\/3.bp.blogspot.com\/-HVgxlCuccXU\/TlhHQbGnoII\/AAAAAAAAARI\/XRAB_kau_70\/s1600\/roupas%2Bno%2Bvaral.jpg\" alt=\"\" width=\"500\" height=\"335\" \/><\/h3>\n<h2><strong>Deixando o passado e roupas no varal<\/strong><\/h2>\n<p>Naquele dia ele acordou, n\u00e3o pensou duas vezes e decidiu ir ser feliz.<br \/>\nN\u00e3o quis mais saber de lamenta\u00e7\u00f5es, lam\u00farias ou sentimentos inconstantes.<br \/>\nOlhou para o c\u00e9u e viu apenas uma nuvem, resolveu ent\u00e3o ir busc\u00e1-la.<br \/>\nSentiu a dire\u00e7\u00e3o do vento e seguiu.<br \/>\nN\u00e3o olhou para tr\u00e1s.<br \/>\nDeixou tudo: o passado e roupas no varal.<br \/>\nAbra\u00e7ou a vida, o tempo e o espa\u00e7o.<br \/>\nMergulhou em lagos e buscou a paz.<br \/>\nRespirou verdades puras e dias intempestuosos.<br \/>\nSeu esp\u00edrito transcendia qualquer medo; qualquer fraqueza.<br \/>\nA partir daquele dia, ele n\u00e3o foi mais o mesmo, porque deixou tudo:<br \/>\nO passado e roupas no varal.<\/p>\n<p style=\"text-align: center;\"><strong>Elmo Freitas<\/strong> &#8211; Poeta do &#8220;Os Confundidos&#8221;<\/p>\n<p><a href=\"http:\/\/www.blogdopilako.com.br\/wp\/wp-content\/uploads\/elmo2.jpg\"><img loading=\"lazy\" class=\"aligncenter size-full wp-image-5378\" title=\"elmo2\" src=\"http:\/\/www.blogdopilako.com.br\/wp\/wp-content\/uploads\/elmo2.jpg\" alt=\"\" width=\"231\" height=\"301\" \/><\/a><\/p>\n<p style=\"text-align: center;\"><strong>Voc\u00ea tamb\u00e9m \u00e9 escritor, poeta ou compositor vitoriense?<\/strong> Envie o seu texto para ser publicado no fim de semana cultural. E-mail: contato@blogdopilako.com.br<\/p>\n\n\t\t\t\t<div class=\"mr_social_sharing_wrapper\">\n\t\t\t\t<!-- Social Sharing Toolkit v2.2 --><span class=\"mr_social_sharing_top\"><span style=\"display: inline-block; width: 55px; height: 62px; overflow: hidden;\"><div class=\"fb-like\" data-href=\"http:\/\/www.blogdopilako.com.br\/wp\/2011\/09\/17\/fim-de-semana-cultural-deixando-o-passado-e-roupas-no-varal-poesia-por-elmo-freitas\/\" data-send=\"false\" data-layout=\"box_count\" data-width=\"55\" data-show-faces=\"false\"><\/div><\/span><\/span><span class=\"mr_social_sharing_top\"><fb:share-button type=\"box_count\" href=\"http:\/\/www.blogdopilako.com.br\/wp\/2011\/09\/17\/fim-de-semana-cultural-deixando-o-passado-e-roupas-no-varal-poesia-por-elmo-freitas\/\"><\/fb:share-button><\/span><span class=\"mr_social_sharing\"><a rel=\"nofollow\" class=\"linksalpha_button linksalpha_link\" href=\"\/\/www.linksalpha.com\/social\/mobile\" data-url=\"http:\/\/www.blogdopilako.com.br\/wp\/2011\/09\/17\/fim-de-semana-cultural-deixando-o-passado-e-roupas-no-varal-poesia-por-elmo-freitas\/\" data-text=\"Fim de Semana Cultural: Deixando o passado e roupas no varal (poesia) \u2013 por Elmo Freitas\" data-desc=\"Deixando o passado e roupas no varal Naquele dia ele acordou, n\u00e3o pensou duas vezes e decidiu ir ser feliz. N\u00e3o quis mais saber de lamenta\u00e7\u00f5es, lam\u00farias ou sentimentos inconstantes. Olhou para o c\u00e9u e viu apenas uma nuvem, resolveu ent\u00e3o ir busc\u00e1-la. Sentiu a dire\u00e7\u00e3o do vento e seguiu.\" data-image=\"http:\/\/3.bp.blogspot.com\/-HVgxlCuccXU\/TlhHQbGnoII\/AAAAAAAAARI\/XRAB_kau_70\/s1600\/roupas%2Bno%2Bvaral.jpg\" data-button=\"none\">\n\t\t\t\t\t<img src=\"\/\/www.linksalpha.com\/images\/social_share_button.png\" alt=\"Share\" class=\"linksalpha_image\" \/>\n\t\t\t\t\t<\/a><script type=\"text\/javascript\" src=\"\/\/www.linksalpha.com\/scripts\/loader_iconbox.js?v=2.4\"><\/script><\/span><\/div>","protected":false},"excerpt":{"rendered":"\n\t\t\t\t<div class=\"mr_social_sharing_wrapper\">\n\t\t\t\t<!-- Social Sharing Toolkit v2.2 --><span class=\"mr_social_sharing_top\"><span style=\"display: inline-block; width: 55px; height: 62px; overflow: hidden;\"><div class=\"fb-like\" data-href=\"http:\/\/www.blogdopilako.com.br\/wp\/2011\/09\/17\/fim-de-semana-cultural-deixando-o-passado-e-roupas-no-varal-poesia-por-elmo-freitas\/\" data-send=\"false\" data-layout=\"box_count\" data-width=\"55\" data-show-faces=\"false\"><\/div><\/span><\/span><span class=\"mr_social_sharing_top\"><fb:share-button type=\"box_count\" href=\"http:\/\/www.blogdopilako.com.br\/wp\/2011\/09\/17\/fim-de-semana-cultural-deixando-o-passado-e-roupas-no-varal-poesia-por-elmo-freitas\/\"><\/fb:share-button><\/span><span class=\"mr_social_sharing\"><a rel=\"nofollow\" class=\"linksalpha_button linksalpha_link\" href=\"\/\/www.linksalpha.com\/social\/mobile\" data-url=\"http:\/\/www.blogdopilako.com.br\/wp\/2011\/09\/17\/fim-de-semana-cultural-deixando-o-passado-e-roupas-no-varal-poesia-por-elmo-freitas\/\" data-text=\"Fim de Semana Cultural: Deixando o passado e roupas no varal (poesia) \u2013 por Elmo Freitas\" data-desc=\"Deixando o passado e roupas no varal Naquele dia ele acordou, n\u00e3o pensou duas vezes e decidiu ir ser feliz. N\u00e3o quis mais saber de lamenta\u00e7\u00f5es, lam\u00farias ou sentimentos inconstantes. Olhou para o c\u00e9u e viu apenas uma nuvem, resolveu ent\u00e3o ir busc\u00e1-la. Sentiu a dire\u00e7\u00e3o do vento e seguiu.\" data-image=\"\" data-button=\"none\">\n\t\t\t\t\t<img src=\"\/\/www.linksalpha.com\/images\/social_share_button.png\" alt=\"Share\" class=\"linksalpha_image\" \/>\n\t\t\t\t\t<\/a><script type=\"text\/javascript\" src=\"\/\/www.linksalpha.com\/scripts\/loader_iconbox.js?v=2.4\"><\/script><\/span><\/div><p>Deixando o passado e roupas no varal Naquele dia ele acordou, n\u00e3o pensou duas vezes e decidiu ir ser feliz. N\u00e3o quis mais saber de lamenta\u00e7\u00f5es, lam\u00farias ou sentimentos inconstantes. Olhou para o c\u00e9u e viu apenas uma nuvem, resolveu &hellip; <a href=\"http:\/\/www.blogdopilako.com.br\/wp\/2011\/09\/17\/fim-de-semana-cultural-deixando-o-passado-e-roupas-no-varal-poesia-por-elmo-freitas\/\">Continue lendo <span class=\"meta-nav\">&rarr;<\/span><\/a><\/p>\n\n\t\t\t\t<div class=\"mr_social_sharing_wrapper\">\n\t\t\t\t<!-- Social Sharing Toolkit v2.2 --><span class=\"mr_social_sharing_top\"><span style=\"display: inline-block; width: 55px; height: 62px; overflow: hidden;\"><div class=\"fb-like\" data-href=\"http:\/\/www.blogdopilako.com.br\/wp\/2011\/09\/17\/fim-de-semana-cultural-deixando-o-passado-e-roupas-no-varal-poesia-por-elmo-freitas\/\" data-send=\"false\" data-layout=\"box_count\" data-width=\"55\" data-show-faces=\"false\"><\/div><\/span><\/span><span class=\"mr_social_sharing_top\"><fb:share-button type=\"box_count\" href=\"http:\/\/www.blogdopilako.com.br\/wp\/2011\/09\/17\/fim-de-semana-cultural-deixando-o-passado-e-roupas-no-varal-poesia-por-elmo-freitas\/\"><\/fb:share-button><\/span><span class=\"mr_social_sharing\"><a rel=\"nofollow\" class=\"linksalpha_button linksalpha_link\" href=\"\/\/www.linksalpha.com\/social\/mobile\" data-url=\"http:\/\/www.blogdopilako.com.br\/wp\/2011\/09\/17\/fim-de-semana-cultural-deixando-o-passado-e-roupas-no-varal-poesia-por-elmo-freitas\/\" data-text=\"Fim de Semana Cultural: Deixando o passado e roupas no varal (poesia) \u2013 por Elmo Freitas\" data-desc=\"Deixando o passado e roupas no varal Naquele dia ele acordou, n\u00e3o pensou duas vezes e decidiu ir ser feliz. N\u00e3o quis mais saber de lamenta\u00e7\u00f5es, lam\u00farias ou sentimentos inconstantes. Olhou para o c\u00e9u e viu apenas uma nuvem, resolveu ent\u00e3o ir busc\u00e1-la. Sentiu a dire\u00e7\u00e3o do vento e seguiu.\" data-image=\"\" data-button=\"none\">\n\t\t\t\t\t<img src=\"\/\/www.linksalpha.com\/images\/social_share_button.png\" alt=\"Share\" class=\"linksalpha_image\" \/>\n\t\t\t\t\t<\/a><script type=\"text\/javascript\" src=\"\/\/www.linksalpha.com\/scripts\/loader_iconbox.js?v=2.4\"><\/script><\/span><\/div>","protected":false},"author":1,"featured_media":0,"comment_status":"open","ping_status":"open","sticky":false,"template":"","format":"standard","meta":[],"categories":[114],"tags":[],"_links":{"self":[{"href":"http:\/\/www.blogdopilako.com.br\/wp\/wp-json\/wp\/v2\/posts\/5377"}],"collection":[{"href":"http:\/\/www.blogdopilako.com.br\/wp\/wp-json\/wp\/v2\/posts"}],"about":[{"href":"http:\/\/www.blogdopilako.com.br\/wp\/wp-json\/wp\/v2\/types\/post"}],"author":[{"embeddable":true,"href":"http:\/\/www.blogdopilako.com.br\/wp\/wp-json\/wp\/v2\/users\/1"}],"replies":[{"embeddable":true,"href":"http:\/\/www.blogdopilako.com.br\/wp\/wp-json\/wp\/v2\/comments?post=5377"}],"version-history":[{"count":9,"href":"http:\/\/www.blogdopilako.com.br\/wp\/wp-json\/wp\/v2\/posts\/5377\/revisions"}],"predecessor-version":[{"id":5453,"href":"http:\/\/www.blogdopilako.com.br\/wp\/wp-json\/wp\/v2\/posts\/5377\/revisions\/5453"}],"wp:attachment":[{"href":"http:\/\/www.blogdopilako.com.br\/wp\/wp-json\/wp\/v2\/media?parent=5377"}],"wp:term":[{"taxonomy":"category","embeddable":true,"href":"http:\/\/www.blogdopilako.com.br\/wp\/wp-json\/wp\/v2\/categories?post=5377"},{"taxonomy":"post_tag","embeddable":true,"href":"http:\/\/www.blogdopilako.com.br\/wp\/wp-json\/wp\/v2\/tags?post=5377"}],"curies":[{"name":"wp","href":"https:\/\/api.w.org\/{rel}","templated":true}]}}