{"id":53063,"date":"2013-11-27T14:10:24","date_gmt":"2013-11-27T17:10:24","guid":{"rendered":"http:\/\/www.blogdopilako.com.br\/wp\/?p=53063"},"modified":"2013-11-26T14:50:53","modified_gmt":"2013-11-26T17:50:53","slug":"momento-cultural-a-ilusao-por-jose-miranda","status":"publish","type":"post","link":"http:\/\/www.blogdopilako.com.br\/wp\/2013\/11\/27\/momento-cultural-a-ilusao-por-jose-miranda\/","title":{"rendered":"Momento Cultural: A ILUS\u00c3O &#8211; por Jos\u00e9 Miranda"},"content":{"rendered":"\n\t\t\t\t<div class=\"mr_social_sharing_wrapper\">\n\t\t\t\t<!-- Social Sharing Toolkit v2.2 --><span class=\"mr_social_sharing_top\"><span style=\"display: inline-block; width: 55px; height: 62px; overflow: hidden;\"><div class=\"fb-like\" data-href=\"http:\/\/www.blogdopilako.com.br\/wp\/2013\/11\/27\/momento-cultural-a-ilusao-por-jose-miranda\/\" data-send=\"false\" data-layout=\"box_count\" data-width=\"55\" data-show-faces=\"false\"><\/div><\/span><\/span><span class=\"mr_social_sharing_top\"><fb:share-button type=\"box_count\" href=\"http:\/\/www.blogdopilako.com.br\/wp\/2013\/11\/27\/momento-cultural-a-ilusao-por-jose-miranda\/\"><\/fb:share-button><\/span><span class=\"mr_social_sharing\"><a rel=\"nofollow\" class=\"linksalpha_button linksalpha_link\" href=\"\/\/www.linksalpha.com\/social\/mobile\" data-url=\"http:\/\/www.blogdopilako.com.br\/wp\/2013\/11\/27\/momento-cultural-a-ilusao-por-jose-miranda\/\" data-text=\"Momento Cultural: A ILUS\u00c3O \u2013 por Jos\u00e9 Miranda\" data-desc=\"Para vivermos n\u00f3s contentes pela vida sem essa m\u00e1goa que tortura tanto a gente da culpa de Eva no \u00c9dem, um dia nascia. O Senhor deu-nos a ilus\u00e3o constantemente. Quanto seria: a alma por tudo entristecida e o cora\u00e7\u00e3o ensimesmado e at\u00e9 doente se a ilus\u00e3o fosse deste p\u00e9lago banida se n\u00e3o\" data-image=\"http:\/\/www.blogdopilako.com.br\/wp\/wp-content\/uploads\/Jos+\u00ae-Tiago-de-Miranda.jpg\" data-button=\"none\">\n\t\t\t\t\t<img src=\"\/\/www.linksalpha.com\/images\/social_share_button.png\" alt=\"Share\" class=\"linksalpha_image\" \/>\n\t\t\t\t\t<\/a><script type=\"text\/javascript\" src=\"\/\/www.linksalpha.com\/scripts\/loader_iconbox.js?v=2.4\"><\/script><\/span><\/div><p><a href=\"http:\/\/www.blogdopilako.com.br\/wp\/wp-content\/uploads\/Jos+\u00ae-Tiago-de-Miranda.jpg\"><img loading=\"lazy\" class=\"aligncenter\" alt=\"Jos+\u00ae Tiago de Miranda\" src=\"http:\/\/www.blogdopilako.com.br\/wp\/wp-content\/uploads\/Jos+\u00ae-Tiago-de-Miranda.jpg\" width=\"443\" height=\"531\" \/><\/a><\/p>\n<p>Para vivermos n\u00f3s contentes pela vida<br \/>\nsem essa m\u00e1goa que tortura tanto a gente<br \/>\nda culpa de Eva no \u00c9dem, um dia nascia.<br \/>\nO Senhor deu-nos a ilus\u00e3o constantemente.<\/p>\n<p>Quanto seria: a alma por tudo entristecida<br \/>\ne o cora\u00e7\u00e3o ensimesmado e at\u00e9 doente<br \/>\nse a ilus\u00e3o fosse deste p\u00e9lago banida<br \/>\nse n\u00e3o houvesse, n\u00e3o o sonho doce e ingente!<\/p>\n<p>De assalto sem se esperar conta do destino<br \/>\na ilus\u00e3o toma para nos dar prazer na dor<br \/>\npara nos fazer o espiamento pequenino.<\/p>\n<p>Da nau de cren\u00e7a a vela enfuna com vigor<br \/>\ne fortifica quando sofre, o cora\u00e7\u00e3o:<br \/>\ntoda beleza est\u00e1 da vida na ilus\u00e3o.<\/p>\n<p style=\"text-align: justify;\"><strong>Jos\u00e9 Tiago de Miranda<\/strong>, vitoriense, nascido a 9 de junho de 1891 e faleceu a 29 de maio de 1960. Foi professor prim\u00e1rio na Vit\u00f3ria, em Moreno e em Limoeiro, exercendo, em todas as cidades, o jornalismo. Foi propriet\u00e1rio e diretor de O LIDADOR a partir de 1932 at\u00e9 sua morte. Cronista, poeta e jornalista de alto valor. Seus filhos (Ceres, P\u00e9ricles e L\u00edgia) re\u00fanem em volume muitas de suas cr\u00f4nicas e poesias, em livro \u201cAntologia em Prosa e Verso\u201d, comemorando o centen\u00e1rio de seu nascimento, aos 9 de junho de 1991. Do casamento, com D. Herundina Cavalcanti de Miranda, houve ainda um filho, Homero, falecido logo ap\u00f3s a morte do Prof. Miranda.<\/p>\n\n\t\t\t\t<div class=\"mr_social_sharing_wrapper\">\n\t\t\t\t<!-- Social Sharing Toolkit v2.2 --><span class=\"mr_social_sharing_top\"><span style=\"display: inline-block; width: 55px; height: 62px; overflow: hidden;\"><div class=\"fb-like\" data-href=\"http:\/\/www.blogdopilako.com.br\/wp\/2013\/11\/27\/momento-cultural-a-ilusao-por-jose-miranda\/\" data-send=\"false\" data-layout=\"box_count\" data-width=\"55\" data-show-faces=\"false\"><\/div><\/span><\/span><span class=\"mr_social_sharing_top\"><fb:share-button type=\"box_count\" href=\"http:\/\/www.blogdopilako.com.br\/wp\/2013\/11\/27\/momento-cultural-a-ilusao-por-jose-miranda\/\"><\/fb:share-button><\/span><span class=\"mr_social_sharing\"><a rel=\"nofollow\" class=\"linksalpha_button linksalpha_link\" href=\"\/\/www.linksalpha.com\/social\/mobile\" data-url=\"http:\/\/www.blogdopilako.com.br\/wp\/2013\/11\/27\/momento-cultural-a-ilusao-por-jose-miranda\/\" data-text=\"Momento Cultural: A ILUS\u00c3O \u2013 por Jos\u00e9 Miranda\" data-desc=\"Para vivermos n\u00f3s contentes pela vida sem essa m\u00e1goa que tortura tanto a gente da culpa de Eva no \u00c9dem, um dia nascia. O Senhor deu-nos a ilus\u00e3o constantemente. Quanto seria: a alma por tudo entristecida e o cora\u00e7\u00e3o ensimesmado e at\u00e9 doente se a ilus\u00e3o fosse deste p\u00e9lago banida se n\u00e3o\" data-image=\"http:\/\/www.blogdopilako.com.br\/wp\/wp-content\/uploads\/Jos+\u00ae-Tiago-de-Miranda.jpg\" data-button=\"none\">\n\t\t\t\t\t<img src=\"\/\/www.linksalpha.com\/images\/social_share_button.png\" alt=\"Share\" class=\"linksalpha_image\" \/>\n\t\t\t\t\t<\/a><script type=\"text\/javascript\" src=\"\/\/www.linksalpha.com\/scripts\/loader_iconbox.js?v=2.4\"><\/script><\/span><\/div>","protected":false},"excerpt":{"rendered":"\n\t\t\t\t<div class=\"mr_social_sharing_wrapper\">\n\t\t\t\t<!-- Social Sharing Toolkit v2.2 --><span class=\"mr_social_sharing_top\"><span style=\"display: inline-block; width: 55px; height: 62px; overflow: hidden;\"><div class=\"fb-like\" data-href=\"http:\/\/www.blogdopilako.com.br\/wp\/2013\/11\/27\/momento-cultural-a-ilusao-por-jose-miranda\/\" data-send=\"false\" data-layout=\"box_count\" data-width=\"55\" data-show-faces=\"false\"><\/div><\/span><\/span><span class=\"mr_social_sharing_top\"><fb:share-button type=\"box_count\" href=\"http:\/\/www.blogdopilako.com.br\/wp\/2013\/11\/27\/momento-cultural-a-ilusao-por-jose-miranda\/\"><\/fb:share-button><\/span><span class=\"mr_social_sharing\"><a rel=\"nofollow\" class=\"linksalpha_button linksalpha_link\" href=\"\/\/www.linksalpha.com\/social\/mobile\" data-url=\"http:\/\/www.blogdopilako.com.br\/wp\/2013\/11\/27\/momento-cultural-a-ilusao-por-jose-miranda\/\" data-text=\"Momento Cultural: A ILUS\u00c3O \u2013 por Jos\u00e9 Miranda\" data-desc=\"Para vivermos n\u00f3s contentes pela vida sem essa m\u00e1goa que tortura tanto a gente da culpa de Eva no \u00c9dem, um dia nascia. O Senhor deu-nos a ilus\u00e3o constantemente. Quanto seria: a alma por tudo entristecida e o cora\u00e7\u00e3o ensimesmado e at\u00e9 doente se a ilus\u00e3o fosse deste p\u00e9lago banida se n\u00e3o\" data-image=\"\" data-button=\"none\">\n\t\t\t\t\t<img src=\"\/\/www.linksalpha.com\/images\/social_share_button.png\" alt=\"Share\" class=\"linksalpha_image\" \/>\n\t\t\t\t\t<\/a><script type=\"text\/javascript\" src=\"\/\/www.linksalpha.com\/scripts\/loader_iconbox.js?v=2.4\"><\/script><\/span><\/div><p>Para vivermos n\u00f3s contentes pela vida sem essa m\u00e1goa que tortura tanto a gente da culpa de Eva no \u00c9dem, um dia nascia. O Senhor deu-nos a ilus\u00e3o constantemente. Quanto seria: a alma por tudo entristecida e o cora\u00e7\u00e3o ensimesmado &hellip; <a href=\"http:\/\/www.blogdopilako.com.br\/wp\/2013\/11\/27\/momento-cultural-a-ilusao-por-jose-miranda\/\">Continue lendo <span class=\"meta-nav\">&rarr;<\/span><\/a><\/p>\n\n\t\t\t\t<div class=\"mr_social_sharing_wrapper\">\n\t\t\t\t<!-- Social Sharing Toolkit v2.2 --><span class=\"mr_social_sharing_top\"><span style=\"display: inline-block; width: 55px; height: 62px; overflow: hidden;\"><div class=\"fb-like\" data-href=\"http:\/\/www.blogdopilako.com.br\/wp\/2013\/11\/27\/momento-cultural-a-ilusao-por-jose-miranda\/\" data-send=\"false\" data-layout=\"box_count\" data-width=\"55\" data-show-faces=\"false\"><\/div><\/span><\/span><span class=\"mr_social_sharing_top\"><fb:share-button type=\"box_count\" href=\"http:\/\/www.blogdopilako.com.br\/wp\/2013\/11\/27\/momento-cultural-a-ilusao-por-jose-miranda\/\"><\/fb:share-button><\/span><span class=\"mr_social_sharing\"><a rel=\"nofollow\" class=\"linksalpha_button linksalpha_link\" href=\"\/\/www.linksalpha.com\/social\/mobile\" data-url=\"http:\/\/www.blogdopilako.com.br\/wp\/2013\/11\/27\/momento-cultural-a-ilusao-por-jose-miranda\/\" data-text=\"Momento Cultural: A ILUS\u00c3O \u2013 por Jos\u00e9 Miranda\" data-desc=\"Para vivermos n\u00f3s contentes pela vida sem essa m\u00e1goa que tortura tanto a gente da culpa de Eva no \u00c9dem, um dia nascia. O Senhor deu-nos a ilus\u00e3o constantemente. Quanto seria: a alma por tudo entristecida e o cora\u00e7\u00e3o ensimesmado e at\u00e9 doente se a ilus\u00e3o fosse deste p\u00e9lago banida se n\u00e3o\" data-image=\"\" data-button=\"none\">\n\t\t\t\t\t<img src=\"\/\/www.linksalpha.com\/images\/social_share_button.png\" alt=\"Share\" class=\"linksalpha_image\" \/>\n\t\t\t\t\t<\/a><script type=\"text\/javascript\" src=\"\/\/www.linksalpha.com\/scripts\/loader_iconbox.js?v=2.4\"><\/script><\/span><\/div>","protected":false},"author":1,"featured_media":0,"comment_status":"open","ping_status":"open","sticky":false,"template":"","format":"standard","meta":[],"categories":[114],"tags":[],"_links":{"self":[{"href":"http:\/\/www.blogdopilako.com.br\/wp\/wp-json\/wp\/v2\/posts\/53063"}],"collection":[{"href":"http:\/\/www.blogdopilako.com.br\/wp\/wp-json\/wp\/v2\/posts"}],"about":[{"href":"http:\/\/www.blogdopilako.com.br\/wp\/wp-json\/wp\/v2\/types\/post"}],"author":[{"embeddable":true,"href":"http:\/\/www.blogdopilako.com.br\/wp\/wp-json\/wp\/v2\/users\/1"}],"replies":[{"embeddable":true,"href":"http:\/\/www.blogdopilako.com.br\/wp\/wp-json\/wp\/v2\/comments?post=53063"}],"version-history":[{"count":1,"href":"http:\/\/www.blogdopilako.com.br\/wp\/wp-json\/wp\/v2\/posts\/53063\/revisions"}],"predecessor-version":[{"id":53064,"href":"http:\/\/www.blogdopilako.com.br\/wp\/wp-json\/wp\/v2\/posts\/53063\/revisions\/53064"}],"wp:attachment":[{"href":"http:\/\/www.blogdopilako.com.br\/wp\/wp-json\/wp\/v2\/media?parent=53063"}],"wp:term":[{"taxonomy":"category","embeddable":true,"href":"http:\/\/www.blogdopilako.com.br\/wp\/wp-json\/wp\/v2\/categories?post=53063"},{"taxonomy":"post_tag","embeddable":true,"href":"http:\/\/www.blogdopilako.com.br\/wp\/wp-json\/wp\/v2\/tags?post=53063"}],"curies":[{"name":"wp","href":"https:\/\/api.w.org\/{rel}","templated":true}]}}