{"id":53034,"date":"2013-11-26T14:20:03","date_gmt":"2013-11-26T17:20:03","guid":{"rendered":"http:\/\/www.blogdopilako.com.br\/wp\/?p=53034"},"modified":"2013-11-26T11:11:25","modified_gmt":"2013-11-26T14:11:25","slug":"53034","status":"publish","type":"post","link":"http:\/\/www.blogdopilako.com.br\/wp\/2013\/11\/26\/53034\/","title":{"rendered":"Internauta Thiago Neto, comenta no blog"},"content":{"rendered":"\n\t\t\t\t<div class=\"mr_social_sharing_wrapper\">\n\t\t\t\t<!-- Social Sharing Toolkit v2.2 --><span class=\"mr_social_sharing_top\"><span style=\"display: inline-block; width: 55px; height: 62px; overflow: hidden;\"><div class=\"fb-like\" data-href=\"http:\/\/www.blogdopilako.com.br\/wp\/2013\/11\/26\/53034\/\" data-send=\"false\" data-layout=\"box_count\" data-width=\"55\" data-show-faces=\"false\"><\/div><\/span><\/span><span class=\"mr_social_sharing_top\"><fb:share-button type=\"box_count\" href=\"http:\/\/www.blogdopilako.com.br\/wp\/2013\/11\/26\/53034\/\"><\/fb:share-button><\/span><span class=\"mr_social_sharing\"><a rel=\"nofollow\" class=\"linksalpha_button linksalpha_link\" href=\"\/\/www.linksalpha.com\/social\/mobile\" data-url=\"http:\/\/www.blogdopilako.com.br\/wp\/2013\/11\/26\/53034\/\" data-text=\"Internauta Thiago Neto, comenta no blog\" data-desc=\"Coment\u00e1rio postado na mat\u00e9ria \"Frevo na Pra\u00e7a\u2026\". S\u00f3 aqui em Vit\u00f3ria de Santo Ant\u00e3o \u2013 PE, Pra\u00e7a, AMBIENTE DE LAZER, tem barracas com vendas de bebidas alco\u00f3lica. Louv\u00e1vel a apresenta\u00e7\u00e3o dos m\u00fasicos. Mas, em que pra\u00e7a do Recife se v\u00ea barraca misturada com o ambiente de lazer? Thiago\" data-image=\"\" data-button=\"none\">\n\t\t\t\t\t<img src=\"\/\/www.linksalpha.com\/images\/social_share_button.png\" alt=\"Share\" class=\"linksalpha_image\" \/>\n\t\t\t\t\t<\/a><script type=\"text\/javascript\" src=\"\/\/www.linksalpha.com\/scripts\/loader_iconbox.js?v=2.4\"><\/script><\/span><\/div><p>Coment\u00e1rio postado na mat\u00e9ria &#8220;<a href=\"http:\/\/www.blogdopilako.com.br\/wp\/2013\/11\/25\/frevo-na-praca\/\" target=\"_blank\">Frevo na Pra\u00e7a\u2026<\/a>&#8220;.<\/p>\n<blockquote>\n<p style=\"text-align: justify;\">S\u00f3 aqui em Vit\u00f3ria de Santo Ant\u00e3o \u2013 PE, Pra\u00e7a, AMBIENTE DE LAZER, tem barracas com vendas de bebidas alco\u00f3lica. Louv\u00e1vel a apresenta\u00e7\u00e3o dos m\u00fasicos. Mas, em que pra\u00e7a do Recife se v\u00ea barraca misturada com o ambiente de lazer?<\/p>\n<p style=\"text-align: justify;\"><strong>Thiago Neto<\/strong><\/p>\n<\/blockquote>\n\n\t\t\t\t<div class=\"mr_social_sharing_wrapper\">\n\t\t\t\t<!-- Social Sharing Toolkit v2.2 --><span class=\"mr_social_sharing_top\"><span style=\"display: inline-block; width: 55px; height: 62px; overflow: hidden;\"><div class=\"fb-like\" data-href=\"http:\/\/www.blogdopilako.com.br\/wp\/2013\/11\/26\/53034\/\" data-send=\"false\" data-layout=\"box_count\" data-width=\"55\" data-show-faces=\"false\"><\/div><\/span><\/span><span class=\"mr_social_sharing_top\"><fb:share-button type=\"box_count\" href=\"http:\/\/www.blogdopilako.com.br\/wp\/2013\/11\/26\/53034\/\"><\/fb:share-button><\/span><span class=\"mr_social_sharing\"><a rel=\"nofollow\" class=\"linksalpha_button linksalpha_link\" href=\"\/\/www.linksalpha.com\/social\/mobile\" data-url=\"http:\/\/www.blogdopilako.com.br\/wp\/2013\/11\/26\/53034\/\" data-text=\"Internauta Thiago Neto, comenta no blog\" data-desc=\"Coment\u00e1rio postado na mat\u00e9ria \"Frevo na Pra\u00e7a\u2026\". S\u00f3 aqui em Vit\u00f3ria de Santo Ant\u00e3o \u2013 PE, Pra\u00e7a, AMBIENTE DE LAZER, tem barracas com vendas de bebidas alco\u00f3lica. Louv\u00e1vel a apresenta\u00e7\u00e3o dos m\u00fasicos. Mas, em que pra\u00e7a do Recife se v\u00ea barraca misturada com o ambiente de lazer? Thiago\" data-image=\"\" data-button=\"none\">\n\t\t\t\t\t<img src=\"\/\/www.linksalpha.com\/images\/social_share_button.png\" alt=\"Share\" class=\"linksalpha_image\" \/>\n\t\t\t\t\t<\/a><script type=\"text\/javascript\" src=\"\/\/www.linksalpha.com\/scripts\/loader_iconbox.js?v=2.4\"><\/script><\/span><\/div>","protected":false},"excerpt":{"rendered":"\n\t\t\t\t<div class=\"mr_social_sharing_wrapper\">\n\t\t\t\t<!-- Social Sharing Toolkit v2.2 --><span class=\"mr_social_sharing_top\"><span style=\"display: inline-block; width: 55px; height: 62px; overflow: hidden;\"><div class=\"fb-like\" data-href=\"http:\/\/www.blogdopilako.com.br\/wp\/2013\/11\/26\/53034\/\" data-send=\"false\" data-layout=\"box_count\" data-width=\"55\" data-show-faces=\"false\"><\/div><\/span><\/span><span class=\"mr_social_sharing_top\"><fb:share-button type=\"box_count\" href=\"http:\/\/www.blogdopilako.com.br\/wp\/2013\/11\/26\/53034\/\"><\/fb:share-button><\/span><span class=\"mr_social_sharing\"><a rel=\"nofollow\" class=\"linksalpha_button linksalpha_link\" href=\"\/\/www.linksalpha.com\/social\/mobile\" data-url=\"http:\/\/www.blogdopilako.com.br\/wp\/2013\/11\/26\/53034\/\" data-text=\"Internauta Thiago Neto, comenta no blog\" data-desc=\"Coment\u00e1rio postado na mat\u00e9ria \"Frevo na Pra\u00e7a\u2026\". S\u00f3 aqui em Vit\u00f3ria de Santo Ant\u00e3o \u2013 PE, Pra\u00e7a, AMBIENTE DE LAZER, tem barracas com vendas de bebidas alco\u00f3lica. Louv\u00e1vel a apresenta\u00e7\u00e3o dos m\u00fasicos. Mas, em que pra\u00e7a do Recife se v\u00ea barraca misturada com o ambiente de lazer? Thiago\" data-image=\"\" data-button=\"none\">\n\t\t\t\t\t<img src=\"\/\/www.linksalpha.com\/images\/social_share_button.png\" alt=\"Share\" class=\"linksalpha_image\" \/>\n\t\t\t\t\t<\/a><script type=\"text\/javascript\" src=\"\/\/www.linksalpha.com\/scripts\/loader_iconbox.js?v=2.4\"><\/script><\/span><\/div><p>Coment\u00e1rio postado na mat\u00e9ria &#8220;Frevo na Pra\u00e7a\u2026&#8220;. S\u00f3 aqui em Vit\u00f3ria de Santo Ant\u00e3o \u2013 PE, Pra\u00e7a, AMBIENTE DE LAZER, tem barracas com vendas de bebidas alco\u00f3lica. Louv\u00e1vel a apresenta\u00e7\u00e3o dos m\u00fasicos. Mas, em que pra\u00e7a do Recife se v\u00ea &hellip; <a href=\"http:\/\/www.blogdopilako.com.br\/wp\/2013\/11\/26\/53034\/\">Continue lendo <span class=\"meta-nav\">&rarr;<\/span><\/a><\/p>\n\n\t\t\t\t<div class=\"mr_social_sharing_wrapper\">\n\t\t\t\t<!-- Social Sharing Toolkit v2.2 --><span class=\"mr_social_sharing_top\"><span style=\"display: inline-block; width: 55px; height: 62px; overflow: hidden;\"><div class=\"fb-like\" data-href=\"http:\/\/www.blogdopilako.com.br\/wp\/2013\/11\/26\/53034\/\" data-send=\"false\" data-layout=\"box_count\" data-width=\"55\" data-show-faces=\"false\"><\/div><\/span><\/span><span class=\"mr_social_sharing_top\"><fb:share-button type=\"box_count\" href=\"http:\/\/www.blogdopilako.com.br\/wp\/2013\/11\/26\/53034\/\"><\/fb:share-button><\/span><span class=\"mr_social_sharing\"><a rel=\"nofollow\" class=\"linksalpha_button linksalpha_link\" href=\"\/\/www.linksalpha.com\/social\/mobile\" data-url=\"http:\/\/www.blogdopilako.com.br\/wp\/2013\/11\/26\/53034\/\" data-text=\"Internauta Thiago Neto, comenta no blog\" data-desc=\"Coment\u00e1rio postado na mat\u00e9ria \"Frevo na Pra\u00e7a\u2026\". S\u00f3 aqui em Vit\u00f3ria de Santo Ant\u00e3o \u2013 PE, Pra\u00e7a, AMBIENTE DE LAZER, tem barracas com vendas de bebidas alco\u00f3lica. Louv\u00e1vel a apresenta\u00e7\u00e3o dos m\u00fasicos. Mas, em que pra\u00e7a do Recife se v\u00ea barraca misturada com o ambiente de lazer? Thiago\" data-image=\"\" data-button=\"none\">\n\t\t\t\t\t<img src=\"\/\/www.linksalpha.com\/images\/social_share_button.png\" alt=\"Share\" class=\"linksalpha_image\" \/>\n\t\t\t\t\t<\/a><script type=\"text\/javascript\" src=\"\/\/www.linksalpha.com\/scripts\/loader_iconbox.js?v=2.4\"><\/script><\/span><\/div>","protected":false},"author":1,"featured_media":0,"comment_status":"open","ping_status":"open","sticky":false,"template":"","format":"standard","meta":[],"categories":[21,22],"tags":[],"_links":{"self":[{"href":"http:\/\/www.blogdopilako.com.br\/wp\/wp-json\/wp\/v2\/posts\/53034"}],"collection":[{"href":"http:\/\/www.blogdopilako.com.br\/wp\/wp-json\/wp\/v2\/posts"}],"about":[{"href":"http:\/\/www.blogdopilako.com.br\/wp\/wp-json\/wp\/v2\/types\/post"}],"author":[{"embeddable":true,"href":"http:\/\/www.blogdopilako.com.br\/wp\/wp-json\/wp\/v2\/users\/1"}],"replies":[{"embeddable":true,"href":"http:\/\/www.blogdopilako.com.br\/wp\/wp-json\/wp\/v2\/comments?post=53034"}],"version-history":[{"count":2,"href":"http:\/\/www.blogdopilako.com.br\/wp\/wp-json\/wp\/v2\/posts\/53034\/revisions"}],"predecessor-version":[{"id":53042,"href":"http:\/\/www.blogdopilako.com.br\/wp\/wp-json\/wp\/v2\/posts\/53034\/revisions\/53042"}],"wp:attachment":[{"href":"http:\/\/www.blogdopilako.com.br\/wp\/wp-json\/wp\/v2\/media?parent=53034"}],"wp:term":[{"taxonomy":"category","embeddable":true,"href":"http:\/\/www.blogdopilako.com.br\/wp\/wp-json\/wp\/v2\/categories?post=53034"},{"taxonomy":"post_tag","embeddable":true,"href":"http:\/\/www.blogdopilako.com.br\/wp\/wp-json\/wp\/v2\/tags?post=53034"}],"curies":[{"name":"wp","href":"https:\/\/api.w.org\/{rel}","templated":true}]}}