{"id":52830,"date":"2013-11-22T10:36:25","date_gmt":"2013-11-22T13:36:25","guid":{"rendered":"http:\/\/www.blogdopilako.com.br\/wp\/?p=52830"},"modified":"2013-11-22T10:36:25","modified_gmt":"2013-11-22T13:36:25","slug":"depoimento-de-um-discriminado-2","status":"publish","type":"post","link":"http:\/\/www.blogdopilako.com.br\/wp\/2013\/11\/22\/depoimento-de-um-discriminado-2\/","title":{"rendered":"Depoimento de um discriminado"},"content":{"rendered":"\n\t\t\t\t<div class=\"mr_social_sharing_wrapper\">\n\t\t\t\t<!-- Social Sharing Toolkit v2.2 --><span class=\"mr_social_sharing_top\"><span style=\"display: inline-block; width: 55px; height: 62px; overflow: hidden;\"><div class=\"fb-like\" data-href=\"http:\/\/www.blogdopilako.com.br\/wp\/2013\/11\/22\/depoimento-de-um-discriminado-2\/\" data-send=\"false\" data-layout=\"box_count\" data-width=\"55\" data-show-faces=\"false\"><\/div><\/span><\/span><span class=\"mr_social_sharing_top\"><fb:share-button type=\"box_count\" href=\"http:\/\/www.blogdopilako.com.br\/wp\/2013\/11\/22\/depoimento-de-um-discriminado-2\/\"><\/fb:share-button><\/span><span class=\"mr_social_sharing\"><a rel=\"nofollow\" class=\"linksalpha_button linksalpha_link\" href=\"\/\/www.linksalpha.com\/social\/mobile\" data-url=\"http:\/\/www.blogdopilako.com.br\/wp\/2013\/11\/22\/depoimento-de-um-discriminado-2\/\" data-text=\"Depoimento de um discriminado\" data-desc=\"Diz que\u00a0Mario Balotelli, que jogava no Manchester City e agora est\u00e1 no Milan, d\u00e1 50% do seu ordenado \u00e0s crian\u00e7as pobres da \u00c1frica. \"Eu sou naturalizado italiano, mas sou de Gana. Fui abandonado pelos meus pais e adotado por dois anjos. Sofro de racismo todos os dias.\u201d Este \u00e9 um depoimento\" data-image=\"http:\/\/2.bp.blogspot.com\/-vFN967ReRDo\/Uo4AWG0hnzI\/AAAAAAAANmY\/lAQCN9SaLDU\/s400\/Mario+Balotelli.jpg\" data-button=\"none\">\n\t\t\t\t\t<img src=\"\/\/www.linksalpha.com\/images\/social_share_button.png\" alt=\"Share\" class=\"linksalpha_image\" \/>\n\t\t\t\t\t<\/a><script type=\"text\/javascript\" src=\"\/\/www.linksalpha.com\/scripts\/loader_iconbox.js?v=2.4\"><\/script><\/span><\/div><p><img class=\"aligncenter\" alt=\"\" src=\"http:\/\/2.bp.blogspot.com\/-vFN967ReRDo\/Uo4AWG0hnzI\/AAAAAAAANmY\/lAQCN9SaLDU\/s400\/Mario+Balotelli.jpg\" \/><\/p>\n<p style=\"text-align: justify;\">Diz que\u00a0Mario Balotelli, que jogava no Manchester City e agora est\u00e1 no Milan, d\u00e1 50% do seu ordenado \u00e0s crian\u00e7as pobres da \u00c1frica.<\/p>\n<p style=\"text-align: justify;\">&#8220;<i>Eu sou naturalizado italiano, mas sou de Gana. Fui abandonado pelos meus pais e adotado por dois anjos. Sofro de racismo todos os dias.<\/i>\u201d<\/p>\n<p style=\"text-align: justify;\">Este \u00e9 um depoimento pungente de uma v\u00edtima de racismo, apesar do status que conseguiu, provavelmente, a duras penas.<\/p>\n<p style=\"text-align: justify;\">Preconceito\u00a0\u00e9 dentro.\u00a0Discrimina\u00e7\u00e3o\u00a0\u00e9 fora. A Discrimina\u00e7\u00e3o \u00e9 a exterioriza\u00e7\u00e3o do preconceito. Preconceito \u00e9 sentimento. Discrimina\u00e7\u00e3o \u00e9 a\u00e7\u00e3o. Preconceito \u00e9 uma rejei\u00e7\u00e3o silenciosa, disfar\u00e7ada. Discrimina\u00e7\u00e3o \u00e9 uma rejei\u00e7\u00e3o manifesta.<\/p>\n<p style=\"text-align: justify;\">Quem discrimina negro, discrimina branco. Quem mata um negro, mata um branco. \u00c9 defeito de car\u00e1ter. Quem mais discriminou e matou negro no mundo foram os pr\u00f3prios negros africanos. Por\u00e9m, discriminavam e matavam brancos tamb\u00e9m.\u00a0Mario Balotelli\u00a0\u00e9 uma pessoa humana, perturbada por desumanos. Agora, piada \u00e9 o que os pol\u00edticos africanos fazem com as doa\u00e7\u00f5es: desviam e roubam. A \u00c1frica \u00e9 v\u00edtima de\u00a0FALTA DE EDUCA\u00c7\u00c3O\u00a0e\u00a0CORRUP\u00c7\u00c3O, o que n\u00e3o faz inveja ao Brasil.<\/p>\n<p style=\"text-align: justify;\"><strong>Sos\u00edgenes Bittencourt<\/strong><\/p>\n\n\t\t\t\t<div class=\"mr_social_sharing_wrapper\">\n\t\t\t\t<!-- Social Sharing Toolkit v2.2 --><span class=\"mr_social_sharing_top\"><span style=\"display: inline-block; width: 55px; height: 62px; overflow: hidden;\"><div class=\"fb-like\" data-href=\"http:\/\/www.blogdopilako.com.br\/wp\/2013\/11\/22\/depoimento-de-um-discriminado-2\/\" data-send=\"false\" data-layout=\"box_count\" data-width=\"55\" data-show-faces=\"false\"><\/div><\/span><\/span><span class=\"mr_social_sharing_top\"><fb:share-button type=\"box_count\" href=\"http:\/\/www.blogdopilako.com.br\/wp\/2013\/11\/22\/depoimento-de-um-discriminado-2\/\"><\/fb:share-button><\/span><span class=\"mr_social_sharing\"><a rel=\"nofollow\" class=\"linksalpha_button linksalpha_link\" href=\"\/\/www.linksalpha.com\/social\/mobile\" data-url=\"http:\/\/www.blogdopilako.com.br\/wp\/2013\/11\/22\/depoimento-de-um-discriminado-2\/\" data-text=\"Depoimento de um discriminado\" data-desc=\"Diz que\u00a0Mario Balotelli, que jogava no Manchester City e agora est\u00e1 no Milan, d\u00e1 50% do seu ordenado \u00e0s crian\u00e7as pobres da \u00c1frica. \"Eu sou naturalizado italiano, mas sou de Gana. Fui abandonado pelos meus pais e adotado por dois anjos. Sofro de racismo todos os dias.\u201d Este \u00e9 um depoimento\" data-image=\"http:\/\/2.bp.blogspot.com\/-vFN967ReRDo\/Uo4AWG0hnzI\/AAAAAAAANmY\/lAQCN9SaLDU\/s400\/Mario+Balotelli.jpg\" data-button=\"none\">\n\t\t\t\t\t<img src=\"\/\/www.linksalpha.com\/images\/social_share_button.png\" alt=\"Share\" class=\"linksalpha_image\" \/>\n\t\t\t\t\t<\/a><script type=\"text\/javascript\" src=\"\/\/www.linksalpha.com\/scripts\/loader_iconbox.js?v=2.4\"><\/script><\/span><\/div>","protected":false},"excerpt":{"rendered":"\n\t\t\t\t<div class=\"mr_social_sharing_wrapper\">\n\t\t\t\t<!-- Social Sharing Toolkit v2.2 --><span class=\"mr_social_sharing_top\"><span style=\"display: inline-block; width: 55px; height: 62px; overflow: hidden;\"><div class=\"fb-like\" data-href=\"http:\/\/www.blogdopilako.com.br\/wp\/2013\/11\/22\/depoimento-de-um-discriminado-2\/\" data-send=\"false\" data-layout=\"box_count\" data-width=\"55\" data-show-faces=\"false\"><\/div><\/span><\/span><span class=\"mr_social_sharing_top\"><fb:share-button type=\"box_count\" href=\"http:\/\/www.blogdopilako.com.br\/wp\/2013\/11\/22\/depoimento-de-um-discriminado-2\/\"><\/fb:share-button><\/span><span class=\"mr_social_sharing\"><a rel=\"nofollow\" class=\"linksalpha_button linksalpha_link\" href=\"\/\/www.linksalpha.com\/social\/mobile\" data-url=\"http:\/\/www.blogdopilako.com.br\/wp\/2013\/11\/22\/depoimento-de-um-discriminado-2\/\" data-text=\"Depoimento de um discriminado\" data-desc=\"Diz que\u00a0Mario Balotelli, que jogava no Manchester City e agora est\u00e1 no Milan, d\u00e1 50% do seu ordenado \u00e0s crian\u00e7as pobres da \u00c1frica. \"Eu sou naturalizado italiano, mas sou de Gana. Fui abandonado pelos meus pais e adotado por dois anjos. Sofro de racismo todos os dias.\u201d Este \u00e9 um depoimento\" data-image=\"\" data-button=\"none\">\n\t\t\t\t\t<img src=\"\/\/www.linksalpha.com\/images\/social_share_button.png\" alt=\"Share\" class=\"linksalpha_image\" \/>\n\t\t\t\t\t<\/a><script type=\"text\/javascript\" src=\"\/\/www.linksalpha.com\/scripts\/loader_iconbox.js?v=2.4\"><\/script><\/span><\/div>\n\t\t\t\t<div class=\"mr_social_sharing_wrapper\">\n\t\t\t\t<!-- Social Sharing Toolkit v2.2 --><span class=\"mr_social_sharing_top\"><span style=\"display: inline-block; width: 55px; height: 62px; overflow: hidden;\"><div class=\"fb-like\" data-href=\"http:\/\/www.blogdopilako.com.br\/wp\/2013\/11\/22\/depoimento-de-um-discriminado-2\/\" data-send=\"false\" data-layout=\"box_count\" data-width=\"55\" data-show-faces=\"false\"><\/div><\/span><\/span><span class=\"mr_social_sharing_top\"><fb:share-button type=\"box_count\" href=\"http:\/\/www.blogdopilako.com.br\/wp\/2013\/11\/22\/depoimento-de-um-discriminado-2\/\"><\/fb:share-button><\/span><span class=\"mr_social_sharing\"><a rel=\"nofollow\" class=\"linksalpha_button linksalpha_link\" href=\"\/\/www.linksalpha.com\/social\/mobile\" data-url=\"http:\/\/www.blogdopilako.com.br\/wp\/2013\/11\/22\/depoimento-de-um-discriminado-2\/\" data-text=\"Depoimento de um discriminado\" data-desc=\"Diz que\u00a0Mario Balotelli, que jogava no Manchester City e agora est\u00e1 no Milan, d\u00e1 50% do seu ordenado \u00e0s crian\u00e7as pobres da \u00c1frica. \"Eu sou naturalizado italiano, mas sou de Gana. Fui abandonado pelos meus pais e adotado por dois anjos. Sofro de racismo todos os dias.\u201d Este \u00e9 um depoimento\" data-image=\"\" data-button=\"none\">\n\t\t\t\t\t<img src=\"\/\/www.linksalpha.com\/images\/social_share_button.png\" alt=\"Share\" class=\"linksalpha_image\" \/>\n\t\t\t\t\t<\/a><script type=\"text\/javascript\" src=\"\/\/www.linksalpha.com\/scripts\/loader_iconbox.js?v=2.4\"><\/script><\/span><\/div>","protected":false},"author":1,"featured_media":0,"comment_status":"open","ping_status":"open","sticky":false,"template":"","format":"standard","meta":[],"categories":[20],"tags":[],"_links":{"self":[{"href":"http:\/\/www.blogdopilako.com.br\/wp\/wp-json\/wp\/v2\/posts\/52830"}],"collection":[{"href":"http:\/\/www.blogdopilako.com.br\/wp\/wp-json\/wp\/v2\/posts"}],"about":[{"href":"http:\/\/www.blogdopilako.com.br\/wp\/wp-json\/wp\/v2\/types\/post"}],"author":[{"embeddable":true,"href":"http:\/\/www.blogdopilako.com.br\/wp\/wp-json\/wp\/v2\/users\/1"}],"replies":[{"embeddable":true,"href":"http:\/\/www.blogdopilako.com.br\/wp\/wp-json\/wp\/v2\/comments?post=52830"}],"version-history":[{"count":1,"href":"http:\/\/www.blogdopilako.com.br\/wp\/wp-json\/wp\/v2\/posts\/52830\/revisions"}],"predecessor-version":[{"id":52831,"href":"http:\/\/www.blogdopilako.com.br\/wp\/wp-json\/wp\/v2\/posts\/52830\/revisions\/52831"}],"wp:attachment":[{"href":"http:\/\/www.blogdopilako.com.br\/wp\/wp-json\/wp\/v2\/media?parent=52830"}],"wp:term":[{"taxonomy":"category","embeddable":true,"href":"http:\/\/www.blogdopilako.com.br\/wp\/wp-json\/wp\/v2\/categories?post=52830"},{"taxonomy":"post_tag","embeddable":true,"href":"http:\/\/www.blogdopilako.com.br\/wp\/wp-json\/wp\/v2\/tags?post=52830"}],"curies":[{"name":"wp","href":"https:\/\/api.w.org\/{rel}","templated":true}]}}