{"id":52504,"date":"2013-11-13T14:50:53","date_gmt":"2013-11-13T17:50:53","guid":{"rendered":"http:\/\/www.blogdopilako.com.br\/wp\/?p=52504"},"modified":"2013-11-12T16:50:23","modified_gmt":"2013-11-12T19:50:23","slug":"reforma-do-icms-armando-aprova-proposta-de-compensacao-aos-estados","status":"publish","type":"post","link":"http:\/\/www.blogdopilako.com.br\/wp\/2013\/11\/13\/reforma-do-icms-armando-aprova-proposta-de-compensacao-aos-estados\/","title":{"rendered":"Reforma do ICMS: Armando aprova proposta de compensa\u00e7\u00e3o aos Estados"},"content":{"rendered":"\n\t\t\t\t<div class=\"mr_social_sharing_wrapper\">\n\t\t\t\t<!-- Social Sharing Toolkit v2.2 --><span class=\"mr_social_sharing_top\"><span style=\"display: inline-block; width: 55px; height: 62px; overflow: hidden;\"><div class=\"fb-like\" data-href=\"http:\/\/www.blogdopilako.com.br\/wp\/2013\/11\/13\/reforma-do-icms-armando-aprova-proposta-de-compensacao-aos-estados\/\" data-send=\"false\" data-layout=\"box_count\" data-width=\"55\" data-show-faces=\"false\"><\/div><\/span><\/span><span class=\"mr_social_sharing_top\"><fb:share-button type=\"box_count\" href=\"http:\/\/www.blogdopilako.com.br\/wp\/2013\/11\/13\/reforma-do-icms-armando-aprova-proposta-de-compensacao-aos-estados\/\"><\/fb:share-button><\/span><span class=\"mr_social_sharing\"><a rel=\"nofollow\" class=\"linksalpha_button linksalpha_link\" href=\"\/\/www.linksalpha.com\/social\/mobile\" data-url=\"http:\/\/www.blogdopilako.com.br\/wp\/2013\/11\/13\/reforma-do-icms-armando-aprova-proposta-de-compensacao-aos-estados\/\" data-text=\"Reforma do ICMS: Armando aprova proposta de compensa\u00e7\u00e3o aos Estados\" data-desc=\"Foto: Ana Luisa Sousa\/divulga\u00e7\u00e3o Um passo importante para viabilizar a reforma do Imposto sobre Mercadorias e Servi\u00e7os (ICMS) foi dado nesta ter\u00e7a-feira, 12, na Comiss\u00e3o de Assuntos Econ\u00f4micos (CAE), com a aprova\u00e7\u00e3o do relat\u00f3rio do senador Armando Monteiro (PTB) que prev\u00ea a constitui\u00e7\u00e3o\" data-image=\"http:\/\/www.blogdopilako.com.br\/wp\/wp-content\/uploads\/Armando_Monteiro_e_Paulo_Bauer1_12112013.jpg\" data-button=\"none\">\n\t\t\t\t\t<img src=\"\/\/www.linksalpha.com\/images\/social_share_button.png\" alt=\"Share\" class=\"linksalpha_image\" \/>\n\t\t\t\t\t<\/a><script type=\"text\/javascript\" src=\"\/\/www.linksalpha.com\/scripts\/loader_iconbox.js?v=2.4\"><\/script><\/span><\/div><div id=\"attachment_52505\" style=\"width: 548px\" class=\"wp-caption aligncenter\"><a href=\"http:\/\/www.blogdopilako.com.br\/wp\/wp-content\/uploads\/Armando_Monteiro_e_Paulo_Bauer1_12112013.jpg\"><img aria-describedby=\"caption-attachment-52505\" loading=\"lazy\" class=\" wp-image-52505 \" alt=\"Armando_Monteiro_e_Paulo_Bauer1_12112013\" src=\"http:\/\/www.blogdopilako.com.br\/wp\/wp-content\/uploads\/Armando_Monteiro_e_Paulo_Bauer1_12112013.jpg\" width=\"538\" height=\"360\" \/><\/a><p id=\"caption-attachment-52505\" class=\"wp-caption-text\">Foto: Ana Luisa Sousa\/divulga\u00e7\u00e3o<\/p><\/div>\n<p style=\"text-align: justify;\">Um passo importante para viabilizar a reforma do Imposto sobre Mercadorias e Servi\u00e7os (ICMS) foi dado nesta ter\u00e7a-feira, 12, na Comiss\u00e3o de Assuntos Econ\u00f4micos (CAE), com a aprova\u00e7\u00e3o do relat\u00f3rio do senador Armando Monteiro (PTB) que prev\u00ea a constitui\u00e7\u00e3o de fundos compensat\u00f3rios a estados e munic\u00edpios que perder\u00e3o com a redu\u00e7\u00e3o das al\u00edquotas interestaduais do ICMS.<\/p>\n<p style=\"text-align: justify;\">\u201cEsse projeto assegura uma compensa\u00e7\u00e3o integral das perdas decorrentes das novas al\u00edquotas do ICMS. Eu costumo dizer que a proposta do fundo de compensa\u00e7\u00e3o de receita \u00e9 um seguro de receita, ou seja, uma vez apurada a perda, ela ser\u00e1 reposta aos estados\u201d, explicou Armando.<\/p>\n<p style=\"text-align: justify;\">Para o senador, a constitui\u00e7\u00e3o do fundo \u00e9 uma condi\u00e7\u00e3o absolutamente necess\u00e1ria para que haja um consenso e a aprova\u00e7\u00e3o das novas al\u00edquotas interestaduais do ICMS, de acordo com o projeto de resolu\u00e7\u00e3o do Senado n\u00ba 1\/2013. Esse projeto redefine as al\u00edquotas e est\u00e1 no Plen\u00e1rio aguardando delibera\u00e7\u00e3o. A expectativa \u00e9 de que seja votado ainda neste ano. \u201cAcho que o PLS 106 fornece a base fundamental para que se possa aprovar a reforma do ICMS\u201d, afirmou.<\/p>\n<p style=\"text-align: justify;\">De acordo com Armando, todas as avalia\u00e7\u00f5es e c\u00e1lculos que foram apresentadas oficialmente pelo Minist\u00e9rio da Fazenda apontam que R$ 8 bilh\u00f5es anuais s\u00e3o suficientes para cobrir integralmente as perdas aos entes federados.<\/p>\n<p style=\"text-align: justify;\">Devido a um acordo entre os parlamentares, a mat\u00e9ria segue agora para a CCJ, a quem compete analisar as quest\u00f5es de constitucionalidade e de juridicidade. O senador ressaltou, no entanto, que quando elaborou o relat\u00f3rio, ouviu a consultoria legislativa do Senado. \u00a0\u201cA interpreta\u00e7\u00e3o \u00e9 de que n\u00e3o h\u00e1 qualquer v\u00edcio de inconstitucionalidade. No entanto, faremos uma discuss\u00e3o mais completa e aprofundada desse tema na comiss\u00e3o de Justi\u00e7a do Senado\u201d, salientou.<\/p>\n<p style=\"text-align: justify;\"><strong>Saiba mais sobre a mat\u00e9ria &#8211;\u00a0<\/strong>O PLS 106 \u00e9 de autoria do senador Paulo Bauer e reproduz os termos da Medida Provis\u00f3ria 599\/2012. O texto prev\u00ea a compensa\u00e7\u00e3o das perdas com a reforma do ICMS. O relat\u00f3rio do senador Armando Monteiro apresentou substitutivo incluindo a parte da MP que institui o Fundo de Desenvolvimento Regional (FDR). Ele fez uma altera\u00e7\u00e3o nas propor\u00e7\u00f5es entre recursos or\u00e7ament\u00e1rios e financeiros do FDR: nos primeiros cinco anos, mant\u00eam-se 75% de recursos financeiros e 25% or\u00e7ament\u00e1rios, como previsto na MP 599. Nos cinco anos seguintes, as propor\u00e7\u00f5es s\u00e3o alteradas para 65% de recursos financeiros e 35% or\u00e7ament\u00e1rios. E nos \u00faltimos dez anos de vig\u00eancia do fundo, a fra\u00e7\u00e3o dos recursos or\u00e7ament\u00e1rios aumentaria para 40%.<\/p>\n\n\t\t\t\t<div class=\"mr_social_sharing_wrapper\">\n\t\t\t\t<!-- Social Sharing Toolkit v2.2 --><span class=\"mr_social_sharing_top\"><span style=\"display: inline-block; width: 55px; height: 62px; overflow: hidden;\"><div class=\"fb-like\" data-href=\"http:\/\/www.blogdopilako.com.br\/wp\/2013\/11\/13\/reforma-do-icms-armando-aprova-proposta-de-compensacao-aos-estados\/\" data-send=\"false\" data-layout=\"box_count\" data-width=\"55\" data-show-faces=\"false\"><\/div><\/span><\/span><span class=\"mr_social_sharing_top\"><fb:share-button type=\"box_count\" href=\"http:\/\/www.blogdopilako.com.br\/wp\/2013\/11\/13\/reforma-do-icms-armando-aprova-proposta-de-compensacao-aos-estados\/\"><\/fb:share-button><\/span><span class=\"mr_social_sharing\"><a rel=\"nofollow\" class=\"linksalpha_button linksalpha_link\" href=\"\/\/www.linksalpha.com\/social\/mobile\" data-url=\"http:\/\/www.blogdopilako.com.br\/wp\/2013\/11\/13\/reforma-do-icms-armando-aprova-proposta-de-compensacao-aos-estados\/\" data-text=\"Reforma do ICMS: Armando aprova proposta de compensa\u00e7\u00e3o aos Estados\" data-desc=\"Foto: Ana Luisa Sousa\/divulga\u00e7\u00e3o Um passo importante para viabilizar a reforma do Imposto sobre Mercadorias e Servi\u00e7os (ICMS) foi dado nesta ter\u00e7a-feira, 12, na Comiss\u00e3o de Assuntos Econ\u00f4micos (CAE), com a aprova\u00e7\u00e3o do relat\u00f3rio do senador Armando Monteiro (PTB) que prev\u00ea a constitui\u00e7\u00e3o\" data-image=\"http:\/\/www.blogdopilako.com.br\/wp\/wp-content\/uploads\/Armando_Monteiro_e_Paulo_Bauer1_12112013.jpg\" data-button=\"none\">\n\t\t\t\t\t<img src=\"\/\/www.linksalpha.com\/images\/social_share_button.png\" alt=\"Share\" class=\"linksalpha_image\" \/>\n\t\t\t\t\t<\/a><script type=\"text\/javascript\" src=\"\/\/www.linksalpha.com\/scripts\/loader_iconbox.js?v=2.4\"><\/script><\/span><\/div>","protected":false},"excerpt":{"rendered":"\n\t\t\t\t<div class=\"mr_social_sharing_wrapper\">\n\t\t\t\t<!-- Social Sharing Toolkit v2.2 --><span class=\"mr_social_sharing_top\"><span style=\"display: inline-block; width: 55px; height: 62px; overflow: hidden;\"><div class=\"fb-like\" data-href=\"http:\/\/www.blogdopilako.com.br\/wp\/2013\/11\/13\/reforma-do-icms-armando-aprova-proposta-de-compensacao-aos-estados\/\" data-send=\"false\" data-layout=\"box_count\" data-width=\"55\" data-show-faces=\"false\"><\/div><\/span><\/span><span class=\"mr_social_sharing_top\"><fb:share-button type=\"box_count\" href=\"http:\/\/www.blogdopilako.com.br\/wp\/2013\/11\/13\/reforma-do-icms-armando-aprova-proposta-de-compensacao-aos-estados\/\"><\/fb:share-button><\/span><span class=\"mr_social_sharing\"><a rel=\"nofollow\" class=\"linksalpha_button linksalpha_link\" href=\"\/\/www.linksalpha.com\/social\/mobile\" data-url=\"http:\/\/www.blogdopilako.com.br\/wp\/2013\/11\/13\/reforma-do-icms-armando-aprova-proposta-de-compensacao-aos-estados\/\" data-text=\"Reforma do ICMS: Armando aprova proposta de compensa\u00e7\u00e3o aos Estados\" data-desc=\"Foto: Ana Luisa Sousa\/divulga\u00e7\u00e3o Um passo importante para viabilizar a reforma do Imposto sobre Mercadorias e Servi\u00e7os (ICMS) foi dado nesta ter\u00e7a-feira, 12, na Comiss\u00e3o de Assuntos Econ\u00f4micos (CAE), com a aprova\u00e7\u00e3o do relat\u00f3rio do senador Armando Monteiro (PTB) que prev\u00ea a constitui\u00e7\u00e3o\" data-image=\"\" data-button=\"none\">\n\t\t\t\t\t<img src=\"\/\/www.linksalpha.com\/images\/social_share_button.png\" alt=\"Share\" class=\"linksalpha_image\" \/>\n\t\t\t\t\t<\/a><script type=\"text\/javascript\" src=\"\/\/www.linksalpha.com\/scripts\/loader_iconbox.js?v=2.4\"><\/script><\/span><\/div><p>Um passo importante para viabilizar a reforma do Imposto sobre Mercadorias e Servi\u00e7os (ICMS) foi dado nesta ter\u00e7a-feira, 12, na Comiss\u00e3o de Assuntos Econ\u00f4micos (CAE), com a aprova\u00e7\u00e3o do relat\u00f3rio do senador Armando Monteiro (PTB) que prev\u00ea a constitui\u00e7\u00e3o de &hellip; <a href=\"http:\/\/www.blogdopilako.com.br\/wp\/2013\/11\/13\/reforma-do-icms-armando-aprova-proposta-de-compensacao-aos-estados\/\">Continue lendo <span class=\"meta-nav\">&rarr;<\/span><\/a><\/p>\n\n\t\t\t\t<div class=\"mr_social_sharing_wrapper\">\n\t\t\t\t<!-- Social Sharing Toolkit v2.2 --><span class=\"mr_social_sharing_top\"><span style=\"display: inline-block; width: 55px; height: 62px; overflow: hidden;\"><div class=\"fb-like\" data-href=\"http:\/\/www.blogdopilako.com.br\/wp\/2013\/11\/13\/reforma-do-icms-armando-aprova-proposta-de-compensacao-aos-estados\/\" data-send=\"false\" data-layout=\"box_count\" data-width=\"55\" data-show-faces=\"false\"><\/div><\/span><\/span><span class=\"mr_social_sharing_top\"><fb:share-button type=\"box_count\" href=\"http:\/\/www.blogdopilako.com.br\/wp\/2013\/11\/13\/reforma-do-icms-armando-aprova-proposta-de-compensacao-aos-estados\/\"><\/fb:share-button><\/span><span class=\"mr_social_sharing\"><a rel=\"nofollow\" class=\"linksalpha_button linksalpha_link\" href=\"\/\/www.linksalpha.com\/social\/mobile\" data-url=\"http:\/\/www.blogdopilako.com.br\/wp\/2013\/11\/13\/reforma-do-icms-armando-aprova-proposta-de-compensacao-aos-estados\/\" data-text=\"Reforma do ICMS: Armando aprova proposta de compensa\u00e7\u00e3o aos Estados\" data-desc=\"Foto: Ana Luisa Sousa\/divulga\u00e7\u00e3o Um passo importante para viabilizar a reforma do Imposto sobre Mercadorias e Servi\u00e7os (ICMS) foi dado nesta ter\u00e7a-feira, 12, na Comiss\u00e3o de Assuntos Econ\u00f4micos (CAE), com a aprova\u00e7\u00e3o do relat\u00f3rio do senador Armando Monteiro (PTB) que prev\u00ea a constitui\u00e7\u00e3o\" data-image=\"\" data-button=\"none\">\n\t\t\t\t\t<img src=\"\/\/www.linksalpha.com\/images\/social_share_button.png\" alt=\"Share\" class=\"linksalpha_image\" \/>\n\t\t\t\t\t<\/a><script type=\"text\/javascript\" src=\"\/\/www.linksalpha.com\/scripts\/loader_iconbox.js?v=2.4\"><\/script><\/span><\/div>","protected":false},"author":1,"featured_media":0,"comment_status":"open","ping_status":"open","sticky":false,"template":"","format":"standard","meta":[],"categories":[22],"tags":[],"_links":{"self":[{"href":"http:\/\/www.blogdopilako.com.br\/wp\/wp-json\/wp\/v2\/posts\/52504"}],"collection":[{"href":"http:\/\/www.blogdopilako.com.br\/wp\/wp-json\/wp\/v2\/posts"}],"about":[{"href":"http:\/\/www.blogdopilako.com.br\/wp\/wp-json\/wp\/v2\/types\/post"}],"author":[{"embeddable":true,"href":"http:\/\/www.blogdopilako.com.br\/wp\/wp-json\/wp\/v2\/users\/1"}],"replies":[{"embeddable":true,"href":"http:\/\/www.blogdopilako.com.br\/wp\/wp-json\/wp\/v2\/comments?post=52504"}],"version-history":[{"count":1,"href":"http:\/\/www.blogdopilako.com.br\/wp\/wp-json\/wp\/v2\/posts\/52504\/revisions"}],"predecessor-version":[{"id":52506,"href":"http:\/\/www.blogdopilako.com.br\/wp\/wp-json\/wp\/v2\/posts\/52504\/revisions\/52506"}],"wp:attachment":[{"href":"http:\/\/www.blogdopilako.com.br\/wp\/wp-json\/wp\/v2\/media?parent=52504"}],"wp:term":[{"taxonomy":"category","embeddable":true,"href":"http:\/\/www.blogdopilako.com.br\/wp\/wp-json\/wp\/v2\/categories?post=52504"},{"taxonomy":"post_tag","embeddable":true,"href":"http:\/\/www.blogdopilako.com.br\/wp\/wp-json\/wp\/v2\/tags?post=52504"}],"curies":[{"name":"wp","href":"https:\/\/api.w.org\/{rel}","templated":true}]}}