{"id":5249,"date":"2011-09-15T15:48:16","date_gmt":"2011-09-15T18:48:16","guid":{"rendered":"http:\/\/www.blogdopilako.com.br\/wp\/?p=5249"},"modified":"2011-09-15T16:05:44","modified_gmt":"2011-09-15T19:05:44","slug":"finalmente-a-agencia-vai-funcionar","status":"publish","type":"post","link":"http:\/\/www.blogdopilako.com.br\/wp\/2011\/09\/15\/finalmente-a-agencia-vai-funcionar\/","title":{"rendered":"Finalmente a Ag\u00eancia vai funcionar"},"content":{"rendered":"\n\t\t\t\t<div class=\"mr_social_sharing_wrapper\">\n\t\t\t\t<!-- Social Sharing Toolkit v2.2 --><span class=\"mr_social_sharing_top\"><span style=\"display: inline-block; width: 55px; height: 62px; overflow: hidden;\"><div class=\"fb-like\" data-href=\"http:\/\/www.blogdopilako.com.br\/wp\/2011\/09\/15\/finalmente-a-agencia-vai-funcionar\/\" data-send=\"false\" data-layout=\"box_count\" data-width=\"55\" data-show-faces=\"false\"><\/div><\/span><\/span><span class=\"mr_social_sharing_top\"><fb:share-button type=\"box_count\" href=\"http:\/\/www.blogdopilako.com.br\/wp\/2011\/09\/15\/finalmente-a-agencia-vai-funcionar\/\"><\/fb:share-button><\/span><span class=\"mr_social_sharing\"><a rel=\"nofollow\" class=\"linksalpha_button linksalpha_link\" href=\"\/\/www.linksalpha.com\/social\/mobile\" data-url=\"http:\/\/www.blogdopilako.com.br\/wp\/2011\/09\/15\/finalmente-a-agencia-vai-funcionar\/\" data-text=\"Finalmente a Ag\u00eancia vai funcionar\" data-desc=\"Recebemos uma \u00f3tima not\u00edcia! Finalmente, a Ag\u00eancia do Trabalho ser\u00e1 inaugurada durante evento que ser\u00e1 realizado amanh\u00e3 (16), \u00e0s 9h no pr\u00e9dio da antiga Esta\u00e7\u00e3o Ferrovi\u00e1ria, na Pra\u00e7a Le\u00e3o Coroado. As Ag\u00eancias do Trabalho em nosso Estado, vem encurtando o caminho entre as empresas e as\" data-image=\"http:\/\/www.blogdopilako.com.br\/wp\/wp-content\/uploads\/agencia12212.jpg\" data-button=\"none\">\n\t\t\t\t\t<img src=\"\/\/www.linksalpha.com\/images\/social_share_button.png\" alt=\"Share\" class=\"linksalpha_image\" \/>\n\t\t\t\t\t<\/a><script type=\"text\/javascript\" src=\"\/\/www.linksalpha.com\/scripts\/loader_iconbox.js?v=2.4\"><\/script><\/span><\/div><p style=\"text-align: justify;\"><a href=\"http:\/\/www.blogdopilako.com.br\/wp\/wp-content\/uploads\/agencia12212.jpg\"><img loading=\"lazy\" class=\"aligncenter size-full wp-image-2281\" title=\"agencia12212\" src=\"http:\/\/www.blogdopilako.com.br\/wp\/wp-content\/uploads\/agencia12212.jpg\" alt=\"\" width=\"556\" height=\"417\" \/><\/a><\/p>\n<p style=\"text-align: justify;\">Recebemos uma \u00f3tima not\u00edcia! <strong>Finalmente<\/strong>, a Ag\u00eancia do Trabalho ser\u00e1 inaugurada durante evento que ser\u00e1 realizado amanh\u00e3 (16), \u00e0s 9h no pr\u00e9dio da antiga Esta\u00e7\u00e3o Ferrovi\u00e1ria, na Pra\u00e7a Le\u00e3o Coroado. As <strong>Ag\u00eancias do Trabalho<\/strong> em nosso Estado, vem encurtando o caminho entre as empresas e as pessoas que est\u00e3o em busca de novas oportunidades. Portanto, m\u00e3os a\u00a0obra, vamos recuperar o tempo perdido!<\/p>\n\n\t\t\t\t<div class=\"mr_social_sharing_wrapper\">\n\t\t\t\t<!-- Social Sharing Toolkit v2.2 --><span class=\"mr_social_sharing_top\"><span style=\"display: inline-block; width: 55px; height: 62px; overflow: hidden;\"><div class=\"fb-like\" data-href=\"http:\/\/www.blogdopilako.com.br\/wp\/2011\/09\/15\/finalmente-a-agencia-vai-funcionar\/\" data-send=\"false\" data-layout=\"box_count\" data-width=\"55\" data-show-faces=\"false\"><\/div><\/span><\/span><span class=\"mr_social_sharing_top\"><fb:share-button type=\"box_count\" href=\"http:\/\/www.blogdopilako.com.br\/wp\/2011\/09\/15\/finalmente-a-agencia-vai-funcionar\/\"><\/fb:share-button><\/span><span class=\"mr_social_sharing\"><a rel=\"nofollow\" class=\"linksalpha_button linksalpha_link\" href=\"\/\/www.linksalpha.com\/social\/mobile\" data-url=\"http:\/\/www.blogdopilako.com.br\/wp\/2011\/09\/15\/finalmente-a-agencia-vai-funcionar\/\" data-text=\"Finalmente a Ag\u00eancia vai funcionar\" data-desc=\"Recebemos uma \u00f3tima not\u00edcia! Finalmente, a Ag\u00eancia do Trabalho ser\u00e1 inaugurada durante evento que ser\u00e1 realizado amanh\u00e3 (16), \u00e0s 9h no pr\u00e9dio da antiga Esta\u00e7\u00e3o Ferrovi\u00e1ria, na Pra\u00e7a Le\u00e3o Coroado. As Ag\u00eancias do Trabalho em nosso Estado, vem encurtando o caminho entre as empresas e as\" data-image=\"http:\/\/www.blogdopilako.com.br\/wp\/wp-content\/uploads\/agencia12212.jpg\" data-button=\"none\">\n\t\t\t\t\t<img src=\"\/\/www.linksalpha.com\/images\/social_share_button.png\" alt=\"Share\" class=\"linksalpha_image\" \/>\n\t\t\t\t\t<\/a><script type=\"text\/javascript\" src=\"\/\/www.linksalpha.com\/scripts\/loader_iconbox.js?v=2.4\"><\/script><\/span><\/div>","protected":false},"excerpt":{"rendered":"\n\t\t\t\t<div class=\"mr_social_sharing_wrapper\">\n\t\t\t\t<!-- Social Sharing Toolkit v2.2 --><span class=\"mr_social_sharing_top\"><span style=\"display: inline-block; width: 55px; height: 62px; overflow: hidden;\"><div class=\"fb-like\" data-href=\"http:\/\/www.blogdopilako.com.br\/wp\/2011\/09\/15\/finalmente-a-agencia-vai-funcionar\/\" data-send=\"false\" data-layout=\"box_count\" data-width=\"55\" data-show-faces=\"false\"><\/div><\/span><\/span><span class=\"mr_social_sharing_top\"><fb:share-button type=\"box_count\" href=\"http:\/\/www.blogdopilako.com.br\/wp\/2011\/09\/15\/finalmente-a-agencia-vai-funcionar\/\"><\/fb:share-button><\/span><span class=\"mr_social_sharing\"><a rel=\"nofollow\" class=\"linksalpha_button linksalpha_link\" href=\"\/\/www.linksalpha.com\/social\/mobile\" data-url=\"http:\/\/www.blogdopilako.com.br\/wp\/2011\/09\/15\/finalmente-a-agencia-vai-funcionar\/\" data-text=\"Finalmente a Ag\u00eancia vai funcionar\" data-desc=\"Recebemos uma \u00f3tima not\u00edcia! Finalmente, a Ag\u00eancia do Trabalho ser\u00e1 inaugurada durante evento que ser\u00e1 realizado amanh\u00e3 (16), \u00e0s 9h no pr\u00e9dio da antiga Esta\u00e7\u00e3o Ferrovi\u00e1ria, na Pra\u00e7a Le\u00e3o Coroado. As Ag\u00eancias do Trabalho em nosso Estado, vem encurtando o caminho entre as empresas e as\" data-image=\"\" data-button=\"none\">\n\t\t\t\t\t<img src=\"\/\/www.linksalpha.com\/images\/social_share_button.png\" alt=\"Share\" class=\"linksalpha_image\" \/>\n\t\t\t\t\t<\/a><script type=\"text\/javascript\" src=\"\/\/www.linksalpha.com\/scripts\/loader_iconbox.js?v=2.4\"><\/script><\/span><\/div><p>Recebemos uma \u00f3tima not\u00edcia! Finalmente, a Ag\u00eancia do Trabalho ser\u00e1 inaugurada durante evento que ser\u00e1 realizado amanh\u00e3 (16), \u00e0s 9h no pr\u00e9dio da antiga Esta\u00e7\u00e3o Ferrovi\u00e1ria, na Pra\u00e7a Le\u00e3o Coroado. As Ag\u00eancias do Trabalho em nosso Estado, vem encurtando o &hellip; <a href=\"http:\/\/www.blogdopilako.com.br\/wp\/2011\/09\/15\/finalmente-a-agencia-vai-funcionar\/\">Continue lendo <span class=\"meta-nav\">&rarr;<\/span><\/a><\/p>\n\n\t\t\t\t<div class=\"mr_social_sharing_wrapper\">\n\t\t\t\t<!-- Social Sharing Toolkit v2.2 --><span class=\"mr_social_sharing_top\"><span style=\"display: inline-block; width: 55px; height: 62px; overflow: hidden;\"><div class=\"fb-like\" data-href=\"http:\/\/www.blogdopilako.com.br\/wp\/2011\/09\/15\/finalmente-a-agencia-vai-funcionar\/\" data-send=\"false\" data-layout=\"box_count\" data-width=\"55\" data-show-faces=\"false\"><\/div><\/span><\/span><span class=\"mr_social_sharing_top\"><fb:share-button type=\"box_count\" href=\"http:\/\/www.blogdopilako.com.br\/wp\/2011\/09\/15\/finalmente-a-agencia-vai-funcionar\/\"><\/fb:share-button><\/span><span class=\"mr_social_sharing\"><a rel=\"nofollow\" class=\"linksalpha_button linksalpha_link\" href=\"\/\/www.linksalpha.com\/social\/mobile\" data-url=\"http:\/\/www.blogdopilako.com.br\/wp\/2011\/09\/15\/finalmente-a-agencia-vai-funcionar\/\" data-text=\"Finalmente a Ag\u00eancia vai funcionar\" data-desc=\"Recebemos uma \u00f3tima not\u00edcia! Finalmente, a Ag\u00eancia do Trabalho ser\u00e1 inaugurada durante evento que ser\u00e1 realizado amanh\u00e3 (16), \u00e0s 9h no pr\u00e9dio da antiga Esta\u00e7\u00e3o Ferrovi\u00e1ria, na Pra\u00e7a Le\u00e3o Coroado. As Ag\u00eancias do Trabalho em nosso Estado, vem encurtando o caminho entre as empresas e as\" data-image=\"\" data-button=\"none\">\n\t\t\t\t\t<img src=\"\/\/www.linksalpha.com\/images\/social_share_button.png\" alt=\"Share\" class=\"linksalpha_image\" \/>\n\t\t\t\t\t<\/a><script type=\"text\/javascript\" src=\"\/\/www.linksalpha.com\/scripts\/loader_iconbox.js?v=2.4\"><\/script><\/span><\/div>","protected":false},"author":4,"featured_media":0,"comment_status":"open","ping_status":"open","sticky":false,"template":"","format":"standard","meta":[],"categories":[22],"tags":[],"_links":{"self":[{"href":"http:\/\/www.blogdopilako.com.br\/wp\/wp-json\/wp\/v2\/posts\/5249"}],"collection":[{"href":"http:\/\/www.blogdopilako.com.br\/wp\/wp-json\/wp\/v2\/posts"}],"about":[{"href":"http:\/\/www.blogdopilako.com.br\/wp\/wp-json\/wp\/v2\/types\/post"}],"author":[{"embeddable":true,"href":"http:\/\/www.blogdopilako.com.br\/wp\/wp-json\/wp\/v2\/users\/4"}],"replies":[{"embeddable":true,"href":"http:\/\/www.blogdopilako.com.br\/wp\/wp-json\/wp\/v2\/comments?post=5249"}],"version-history":[{"count":3,"href":"http:\/\/www.blogdopilako.com.br\/wp\/wp-json\/wp\/v2\/posts\/5249\/revisions"}],"predecessor-version":[{"id":5262,"href":"http:\/\/www.blogdopilako.com.br\/wp\/wp-json\/wp\/v2\/posts\/5249\/revisions\/5262"}],"wp:attachment":[{"href":"http:\/\/www.blogdopilako.com.br\/wp\/wp-json\/wp\/v2\/media?parent=5249"}],"wp:term":[{"taxonomy":"category","embeddable":true,"href":"http:\/\/www.blogdopilako.com.br\/wp\/wp-json\/wp\/v2\/categories?post=5249"},{"taxonomy":"post_tag","embeddable":true,"href":"http:\/\/www.blogdopilako.com.br\/wp\/wp-json\/wp\/v2\/tags?post=5249"}],"curies":[{"name":"wp","href":"https:\/\/api.w.org\/{rel}","templated":true}]}}