{"id":51770,"date":"2013-10-30T14:55:00","date_gmt":"2013-10-30T17:55:00","guid":{"rendered":"http:\/\/www.blogdopilako.com.br\/wp\/?p=51770"},"modified":"2013-10-30T15:27:25","modified_gmt":"2013-10-30T18:27:25","slug":"motorista-imprudente-e-sinalizacao-incompleta-caos-no-transito","status":"publish","type":"post","link":"http:\/\/www.blogdopilako.com.br\/wp\/2013\/10\/30\/motorista-imprudente-e-sinalizacao-incompleta-caos-no-transito\/","title":{"rendered":"Motorista desatento e sinaliza\u00e7\u00e3o incompleta: Caos no Tr\u00e2nsito."},"content":{"rendered":"\n\t\t\t\t<div class=\"mr_social_sharing_wrapper\">\n\t\t\t\t<!-- Social Sharing Toolkit v2.2 --><span class=\"mr_social_sharing_top\"><span style=\"display: inline-block; width: 55px; height: 62px; overflow: hidden;\"><div class=\"fb-like\" data-href=\"http:\/\/www.blogdopilako.com.br\/wp\/2013\/10\/30\/motorista-imprudente-e-sinalizacao-incompleta-caos-no-transito\/\" data-send=\"false\" data-layout=\"box_count\" data-width=\"55\" data-show-faces=\"false\"><\/div><\/span><\/span><span class=\"mr_social_sharing_top\"><fb:share-button type=\"box_count\" href=\"http:\/\/www.blogdopilako.com.br\/wp\/2013\/10\/30\/motorista-imprudente-e-sinalizacao-incompleta-caos-no-transito\/\"><\/fb:share-button><\/span><span class=\"mr_social_sharing\"><a rel=\"nofollow\" class=\"linksalpha_button linksalpha_link\" href=\"\/\/www.linksalpha.com\/social\/mobile\" data-url=\"http:\/\/www.blogdopilako.com.br\/wp\/2013\/10\/30\/motorista-imprudente-e-sinalizacao-incompleta-caos-no-transito\/\" data-text=\"Motorista desatento e sinaliza\u00e7\u00e3o incompleta: Caos no Tr\u00e2nsito.\" data-desc=\"Na manh\u00e3 de ontem (29) nossas lentes flagraram no bairro do Livramento, mais precisamente na \u00a0rua que fica entre as Pra\u00e7as do Anjo e 3 de Agosto, v\u00e1rios carros estacionados de maneira irregular, inclusive, \u00a0um \u00f4nibus escolar da pr\u00f3pria prefeitura municipal da Vit\u00f3ria. Como j\u00e1 falamos\" data-image=\"http:\/\/www.blogdopilako.com.br\/wp\/wp-content\/uploads\/onibus0001.jpg\" data-button=\"none\">\n\t\t\t\t\t<img src=\"\/\/www.linksalpha.com\/images\/social_share_button.png\" alt=\"Share\" class=\"linksalpha_image\" \/>\n\t\t\t\t\t<\/a><script type=\"text\/javascript\" src=\"\/\/www.linksalpha.com\/scripts\/loader_iconbox.js?v=2.4\"><\/script><\/span><\/div><p style=\"text-align: justify;\"><a href=\"http:\/\/www.blogdopilako.com.br\/wp\/wp-content\/uploads\/onibus0001.jpg\"><img loading=\"lazy\" class=\"aligncenter size-full wp-image-51780\" alt=\"onibus0001\" src=\"http:\/\/www.blogdopilako.com.br\/wp\/wp-content\/uploads\/onibus0001.jpg\" width=\"587\" height=\"373\" \/><\/a><\/p>\n<p style=\"text-align: justify;\">Na manh\u00e3 de ontem (29) nossas lentes flagraram no bairro do Livramento, mais precisamente na \u00a0rua que fica entre as Pra\u00e7as do Anjo e 3 de Agosto, v\u00e1rios carros estacionados de maneira <strong>irregular<\/strong>, inclusive, \u00a0um \u00f4nibus escolar da pr\u00f3pria prefeitura municipal da Vit\u00f3ria.<\/p>\n<p style=\"text-align: justify;\">Como j\u00e1 falamos anteriormente, a <strong>AGTRAN<\/strong>, \u00f3rg\u00e3o respons\u00e1vel pelo tr\u00e2nsito na cidade, perdeu, no in\u00edcio das suas atividades, uma boa oportunidade de promover uma grande campanha de sensibiliza\u00e7\u00e3o popular \u00a0chamando \u00a0\u00e0 aten\u00e7\u00e3o dos pedestres, \u00a0e principalmente dos motoristas, \u00a0para as necessidades de uma nova \u201cleitura\u201d das boas pr\u00e1ticas e humaniza\u00e7\u00e3o no tr\u00e2nsito.<\/p>\n<p style=\"text-align: justify;\">Como podemos observar, inclusive em outras tantas oportunidades, nem os pr\u00f3prios motoristas, funcion\u00e1rios da municipalidade local, absolveram \u00a0\u00e0s novas pr\u00e1ticas e regras. Outra observa\u00e7\u00e3o, nesta quest\u00e3o, pode ser levantada tamb\u00e9m: ser\u00e1 que todos esses motoristas da prefeitura est\u00e3o habilitados para dirigir?<\/p>\n<p style=\"text-align: justify;\">Para encerrar, mais uma vez chamamos \u00e0 aten\u00e7\u00e3o da AGTRAN, para a falha t\u00e9cnica neste local, na correta aplica\u00e7\u00e3o da sinaliza\u00e7\u00e3o: o meio fio, na referida rua no lado da proibi\u00e7\u00e3o, continua pintado na cor branca, donde j\u00e1 deveriam estar na cor AMARELA. Se a coisa j\u00e1 \u00e9 dif\u00edcil de organizar com a sinaliza\u00e7\u00e3o correta, imagine com as coisas pela metade.<\/p>\n<p style=\"text-align: justify;\"><a href=\"http:\/\/www.blogdopilako.com.br\/wp\/wp-content\/uploads\/onibus55.jpg\"><img loading=\"lazy\" class=\"aligncenter size-full wp-image-51781\" alt=\"onibus55\" src=\"http:\/\/www.blogdopilako.com.br\/wp\/wp-content\/uploads\/onibus55.jpg\" width=\"584\" height=\"361\" \/><\/a><\/p>\n\n\t\t\t\t<div class=\"mr_social_sharing_wrapper\">\n\t\t\t\t<!-- Social Sharing Toolkit v2.2 --><span class=\"mr_social_sharing_top\"><span style=\"display: inline-block; width: 55px; height: 62px; overflow: hidden;\"><div class=\"fb-like\" data-href=\"http:\/\/www.blogdopilako.com.br\/wp\/2013\/10\/30\/motorista-imprudente-e-sinalizacao-incompleta-caos-no-transito\/\" data-send=\"false\" data-layout=\"box_count\" data-width=\"55\" data-show-faces=\"false\"><\/div><\/span><\/span><span class=\"mr_social_sharing_top\"><fb:share-button type=\"box_count\" href=\"http:\/\/www.blogdopilako.com.br\/wp\/2013\/10\/30\/motorista-imprudente-e-sinalizacao-incompleta-caos-no-transito\/\"><\/fb:share-button><\/span><span class=\"mr_social_sharing\"><a rel=\"nofollow\" class=\"linksalpha_button linksalpha_link\" href=\"\/\/www.linksalpha.com\/social\/mobile\" data-url=\"http:\/\/www.blogdopilako.com.br\/wp\/2013\/10\/30\/motorista-imprudente-e-sinalizacao-incompleta-caos-no-transito\/\" data-text=\"Motorista desatento e sinaliza\u00e7\u00e3o incompleta: Caos no Tr\u00e2nsito.\" data-desc=\"Na manh\u00e3 de ontem (29) nossas lentes flagraram no bairro do Livramento, mais precisamente na \u00a0rua que fica entre as Pra\u00e7as do Anjo e 3 de Agosto, v\u00e1rios carros estacionados de maneira irregular, inclusive, \u00a0um \u00f4nibus escolar da pr\u00f3pria prefeitura municipal da Vit\u00f3ria. Como j\u00e1 falamos\" data-image=\"http:\/\/www.blogdopilako.com.br\/wp\/wp-content\/uploads\/onibus0001.jpg\" data-button=\"none\">\n\t\t\t\t\t<img src=\"\/\/www.linksalpha.com\/images\/social_share_button.png\" alt=\"Share\" class=\"linksalpha_image\" \/>\n\t\t\t\t\t<\/a><script type=\"text\/javascript\" src=\"\/\/www.linksalpha.com\/scripts\/loader_iconbox.js?v=2.4\"><\/script><\/span><\/div>","protected":false},"excerpt":{"rendered":"\n\t\t\t\t<div class=\"mr_social_sharing_wrapper\">\n\t\t\t\t<!-- Social Sharing Toolkit v2.2 --><span class=\"mr_social_sharing_top\"><span style=\"display: inline-block; width: 55px; height: 62px; overflow: hidden;\"><div class=\"fb-like\" data-href=\"http:\/\/www.blogdopilako.com.br\/wp\/2013\/10\/30\/motorista-imprudente-e-sinalizacao-incompleta-caos-no-transito\/\" data-send=\"false\" data-layout=\"box_count\" data-width=\"55\" data-show-faces=\"false\"><\/div><\/span><\/span><span class=\"mr_social_sharing_top\"><fb:share-button type=\"box_count\" href=\"http:\/\/www.blogdopilako.com.br\/wp\/2013\/10\/30\/motorista-imprudente-e-sinalizacao-incompleta-caos-no-transito\/\"><\/fb:share-button><\/span><span class=\"mr_social_sharing\"><a rel=\"nofollow\" class=\"linksalpha_button linksalpha_link\" href=\"\/\/www.linksalpha.com\/social\/mobile\" data-url=\"http:\/\/www.blogdopilako.com.br\/wp\/2013\/10\/30\/motorista-imprudente-e-sinalizacao-incompleta-caos-no-transito\/\" data-text=\"Motorista desatento e sinaliza\u00e7\u00e3o incompleta: Caos no Tr\u00e2nsito.\" data-desc=\"Na manh\u00e3 de ontem (29) nossas lentes flagraram no bairro do Livramento, mais precisamente na \u00a0rua que fica entre as Pra\u00e7as do Anjo e 3 de Agosto, v\u00e1rios carros estacionados de maneira irregular, inclusive, \u00a0um \u00f4nibus escolar da pr\u00f3pria prefeitura municipal da Vit\u00f3ria. Como j\u00e1 falamos\" data-image=\"\" data-button=\"none\">\n\t\t\t\t\t<img src=\"\/\/www.linksalpha.com\/images\/social_share_button.png\" alt=\"Share\" class=\"linksalpha_image\" \/>\n\t\t\t\t\t<\/a><script type=\"text\/javascript\" src=\"\/\/www.linksalpha.com\/scripts\/loader_iconbox.js?v=2.4\"><\/script><\/span><\/div><p>Na manh\u00e3 de ontem (29) nossas lentes flagraram no bairro do Livramento, mais precisamente na \u00a0rua que fica entre as Pra\u00e7as do Anjo e 3 de Agosto, v\u00e1rios carros estacionados de maneira irregular, inclusive, \u00a0um \u00f4nibus escolar da pr\u00f3pria prefeitura &hellip; <a href=\"http:\/\/www.blogdopilako.com.br\/wp\/2013\/10\/30\/motorista-imprudente-e-sinalizacao-incompleta-caos-no-transito\/\">Continue lendo <span class=\"meta-nav\">&rarr;<\/span><\/a><\/p>\n\n\t\t\t\t<div class=\"mr_social_sharing_wrapper\">\n\t\t\t\t<!-- Social Sharing Toolkit v2.2 --><span class=\"mr_social_sharing_top\"><span style=\"display: inline-block; width: 55px; height: 62px; overflow: hidden;\"><div class=\"fb-like\" data-href=\"http:\/\/www.blogdopilako.com.br\/wp\/2013\/10\/30\/motorista-imprudente-e-sinalizacao-incompleta-caos-no-transito\/\" data-send=\"false\" data-layout=\"box_count\" data-width=\"55\" data-show-faces=\"false\"><\/div><\/span><\/span><span class=\"mr_social_sharing_top\"><fb:share-button type=\"box_count\" href=\"http:\/\/www.blogdopilako.com.br\/wp\/2013\/10\/30\/motorista-imprudente-e-sinalizacao-incompleta-caos-no-transito\/\"><\/fb:share-button><\/span><span class=\"mr_social_sharing\"><a rel=\"nofollow\" class=\"linksalpha_button linksalpha_link\" href=\"\/\/www.linksalpha.com\/social\/mobile\" data-url=\"http:\/\/www.blogdopilako.com.br\/wp\/2013\/10\/30\/motorista-imprudente-e-sinalizacao-incompleta-caos-no-transito\/\" data-text=\"Motorista desatento e sinaliza\u00e7\u00e3o incompleta: Caos no Tr\u00e2nsito.\" data-desc=\"Na manh\u00e3 de ontem (29) nossas lentes flagraram no bairro do Livramento, mais precisamente na \u00a0rua que fica entre as Pra\u00e7as do Anjo e 3 de Agosto, v\u00e1rios carros estacionados de maneira irregular, inclusive, \u00a0um \u00f4nibus escolar da pr\u00f3pria prefeitura municipal da Vit\u00f3ria. Como j\u00e1 falamos\" data-image=\"\" data-button=\"none\">\n\t\t\t\t\t<img src=\"\/\/www.linksalpha.com\/images\/social_share_button.png\" alt=\"Share\" class=\"linksalpha_image\" \/>\n\t\t\t\t\t<\/a><script type=\"text\/javascript\" src=\"\/\/www.linksalpha.com\/scripts\/loader_iconbox.js?v=2.4\"><\/script><\/span><\/div>","protected":false},"author":4,"featured_media":0,"comment_status":"open","ping_status":"open","sticky":false,"template":"","format":"standard","meta":[],"categories":[21,22],"tags":[],"_links":{"self":[{"href":"http:\/\/www.blogdopilako.com.br\/wp\/wp-json\/wp\/v2\/posts\/51770"}],"collection":[{"href":"http:\/\/www.blogdopilako.com.br\/wp\/wp-json\/wp\/v2\/posts"}],"about":[{"href":"http:\/\/www.blogdopilako.com.br\/wp\/wp-json\/wp\/v2\/types\/post"}],"author":[{"embeddable":true,"href":"http:\/\/www.blogdopilako.com.br\/wp\/wp-json\/wp\/v2\/users\/4"}],"replies":[{"embeddable":true,"href":"http:\/\/www.blogdopilako.com.br\/wp\/wp-json\/wp\/v2\/comments?post=51770"}],"version-history":[{"count":7,"href":"http:\/\/www.blogdopilako.com.br\/wp\/wp-json\/wp\/v2\/posts\/51770\/revisions"}],"predecessor-version":[{"id":51793,"href":"http:\/\/www.blogdopilako.com.br\/wp\/wp-json\/wp\/v2\/posts\/51770\/revisions\/51793"}],"wp:attachment":[{"href":"http:\/\/www.blogdopilako.com.br\/wp\/wp-json\/wp\/v2\/media?parent=51770"}],"wp:term":[{"taxonomy":"category","embeddable":true,"href":"http:\/\/www.blogdopilako.com.br\/wp\/wp-json\/wp\/v2\/categories?post=51770"},{"taxonomy":"post_tag","embeddable":true,"href":"http:\/\/www.blogdopilako.com.br\/wp\/wp-json\/wp\/v2\/tags?post=51770"}],"curies":[{"name":"wp","href":"https:\/\/api.w.org\/{rel}","templated":true}]}}