{"id":51554,"date":"2013-10-28T10:16:14","date_gmt":"2013-10-28T13:16:14","guid":{"rendered":"http:\/\/www.blogdopilako.com.br\/wp\/?p=51554"},"modified":"2013-10-28T10:16:14","modified_gmt":"2013-10-28T13:16:14","slug":"pegadores-de-conchas-nas-vozes-de-dudu-e-erika-11","status":"publish","type":"post","link":"http:\/\/www.blogdopilako.com.br\/wp\/2013\/10\/28\/pegadores-de-conchas-nas-vozes-de-dudu-e-erika-11\/","title":{"rendered":"&#8220;Pegadores de Conchas&#8221; nas vozes de Dudu e Erika"},"content":{"rendered":"\n\t\t\t\t<div class=\"mr_social_sharing_wrapper\">\n\t\t\t\t<!-- Social Sharing Toolkit v2.2 --><span class=\"mr_social_sharing_top\"><span style=\"display: inline-block; width: 55px; height: 62px; overflow: hidden;\"><div class=\"fb-like\" data-href=\"http:\/\/www.blogdopilako.com.br\/wp\/2013\/10\/28\/pegadores-de-conchas-nas-vozes-de-dudu-e-erika-11\/\" data-send=\"false\" data-layout=\"box_count\" data-width=\"55\" data-show-faces=\"false\"><\/div><\/span><\/span><span class=\"mr_social_sharing_top\"><fb:share-button type=\"box_count\" href=\"http:\/\/www.blogdopilako.com.br\/wp\/2013\/10\/28\/pegadores-de-conchas-nas-vozes-de-dudu-e-erika-11\/\"><\/fb:share-button><\/span><span class=\"mr_social_sharing\"><a rel=\"nofollow\" class=\"linksalpha_button linksalpha_link\" href=\"\/\/www.linksalpha.com\/social\/mobile\" data-url=\"http:\/\/www.blogdopilako.com.br\/wp\/2013\/10\/28\/pegadores-de-conchas-nas-vozes-de-dudu-e-erika-11\/\" data-text=\"\u201cPegadores de Conchas\u201d nas vozes de Dudu e Erika\" data-desc=\"Ou\u00e7a a m\u00fasica \"Pegadores de Conchas\", composta por\u00a0Aldenisio Tavares,\u00a0na interpreta\u00e7\u00e3o de\u00a0Dudu e Erika. A can\u00e7\u00e3o \u00e9 \u00a0integrante do CD\u00a0\"O Amor de Deus nos uniu\", lan\u00e7ado pelo compositor em dezembro de 2011. Aldenisio Tavares\" data-image=\"http:\/\/www.blogdopilako.com.br\/wp\/wp-content\/uploads\/dudu1.jpg\" data-button=\"none\">\n\t\t\t\t\t<img src=\"\/\/www.linksalpha.com\/images\/social_share_button.png\" alt=\"Share\" class=\"linksalpha_image\" \/>\n\t\t\t\t\t<\/a><script type=\"text\/javascript\" src=\"\/\/www.linksalpha.com\/scripts\/loader_iconbox.js?v=2.4\"><\/script><\/span><\/div><p><a href=\"http:\/\/www.blogdopilako.com.br\/wp\/wp-content\/uploads\/dudu1.jpg\"><img loading=\"lazy\" class=\"aligncenter\" title=\"dudu\" alt=\"\" src=\"http:\/\/www.blogdopilako.com.br\/wp\/wp-content\/uploads\/dudu1.jpg\" width=\"584\" height=\"394\" \/><\/a><\/p>\n<p style=\"text-align: justify;\">Ou\u00e7a a m\u00fasica &#8220;<em><strong>Pegadores de Conchas<\/strong><\/em>&#8220;, composta por\u00a0<em><strong>Aldenisio Tavares,\u00a0<\/strong><\/em>na interpreta\u00e7\u00e3o de\u00a0<em><strong>Dudu e Erika<\/strong><\/em>. A can\u00e7\u00e3o \u00e9 \u00a0integrante do CD\u00a0<em><strong>&#8220;O Amor de Deus nos uniu&#8221;<\/strong><\/em>, lan\u00e7ado pelo compositor em dezembro de 2011.<\/p>\n<p><object width=\"480\" height=\"360\" classid=\"clsid:d27cdb6e-ae6d-11cf-96b8-444553540000\" codebase=\"http:\/\/download.macromedia.com\/pub\/shockwave\/cabs\/flash\/swflash.cab#version=6,0,40,0\"><param name=\"allowFullScreen\" value=\"true\" \/><param name=\"allowscriptaccess\" value=\"always\" \/><param name=\"src\" value=\"http:\/\/www.youtube.com\/v\/KLkWC5r4yXw?version=3&amp;hl=pt_BR\" \/><param name=\"allowfullscreen\" value=\"true\" \/><embed width=\"480\" height=\"360\" type=\"application\/x-shockwave-flash\" src=\"http:\/\/www.youtube.com\/v\/KLkWC5r4yXw?version=3&amp;hl=pt_BR\" allowFullScreen=\"true\" allowscriptaccess=\"always\" allowfullscreen=\"true\" \/><\/object><\/p>\n<p><strong>Aldenisio Tavares<\/strong><\/p>\n\n\t\t\t\t<div class=\"mr_social_sharing_wrapper\">\n\t\t\t\t<!-- Social Sharing Toolkit v2.2 --><span class=\"mr_social_sharing_top\"><span style=\"display: inline-block; width: 55px; height: 62px; overflow: hidden;\"><div class=\"fb-like\" data-href=\"http:\/\/www.blogdopilako.com.br\/wp\/2013\/10\/28\/pegadores-de-conchas-nas-vozes-de-dudu-e-erika-11\/\" data-send=\"false\" data-layout=\"box_count\" data-width=\"55\" data-show-faces=\"false\"><\/div><\/span><\/span><span class=\"mr_social_sharing_top\"><fb:share-button type=\"box_count\" href=\"http:\/\/www.blogdopilako.com.br\/wp\/2013\/10\/28\/pegadores-de-conchas-nas-vozes-de-dudu-e-erika-11\/\"><\/fb:share-button><\/span><span class=\"mr_social_sharing\"><a rel=\"nofollow\" class=\"linksalpha_button linksalpha_link\" href=\"\/\/www.linksalpha.com\/social\/mobile\" data-url=\"http:\/\/www.blogdopilako.com.br\/wp\/2013\/10\/28\/pegadores-de-conchas-nas-vozes-de-dudu-e-erika-11\/\" data-text=\"\u201cPegadores de Conchas\u201d nas vozes de Dudu e Erika\" data-desc=\"Ou\u00e7a a m\u00fasica \"Pegadores de Conchas\", composta por\u00a0Aldenisio Tavares,\u00a0na interpreta\u00e7\u00e3o de\u00a0Dudu e Erika. A can\u00e7\u00e3o \u00e9 \u00a0integrante do CD\u00a0\"O Amor de Deus nos uniu\", lan\u00e7ado pelo compositor em dezembro de 2011. Aldenisio Tavares\" data-image=\"http:\/\/www.blogdopilako.com.br\/wp\/wp-content\/uploads\/dudu1.jpg\" data-button=\"none\">\n\t\t\t\t\t<img src=\"\/\/www.linksalpha.com\/images\/social_share_button.png\" alt=\"Share\" class=\"linksalpha_image\" \/>\n\t\t\t\t\t<\/a><script type=\"text\/javascript\" src=\"\/\/www.linksalpha.com\/scripts\/loader_iconbox.js?v=2.4\"><\/script><\/span><\/div>","protected":false},"excerpt":{"rendered":"\n\t\t\t\t<div class=\"mr_social_sharing_wrapper\">\n\t\t\t\t<!-- Social Sharing Toolkit v2.2 --><span class=\"mr_social_sharing_top\"><span style=\"display: inline-block; width: 55px; height: 62px; overflow: hidden;\"><div class=\"fb-like\" data-href=\"http:\/\/www.blogdopilako.com.br\/wp\/2013\/10\/28\/pegadores-de-conchas-nas-vozes-de-dudu-e-erika-11\/\" data-send=\"false\" data-layout=\"box_count\" data-width=\"55\" data-show-faces=\"false\"><\/div><\/span><\/span><span class=\"mr_social_sharing_top\"><fb:share-button type=\"box_count\" href=\"http:\/\/www.blogdopilako.com.br\/wp\/2013\/10\/28\/pegadores-de-conchas-nas-vozes-de-dudu-e-erika-11\/\"><\/fb:share-button><\/span><span class=\"mr_social_sharing\"><a rel=\"nofollow\" class=\"linksalpha_button linksalpha_link\" href=\"\/\/www.linksalpha.com\/social\/mobile\" data-url=\"http:\/\/www.blogdopilako.com.br\/wp\/2013\/10\/28\/pegadores-de-conchas-nas-vozes-de-dudu-e-erika-11\/\" data-text=\"\u201cPegadores de Conchas\u201d nas vozes de Dudu e Erika\" data-desc=\"Ou\u00e7a a m\u00fasica \"Pegadores de Conchas\", composta por\u00a0Aldenisio Tavares,\u00a0na interpreta\u00e7\u00e3o de\u00a0Dudu e Erika. A can\u00e7\u00e3o \u00e9 \u00a0integrante do CD\u00a0\"O Amor de Deus nos uniu\", lan\u00e7ado pelo compositor em dezembro de 2011. Aldenisio Tavares\" data-image=\"\" data-button=\"none\">\n\t\t\t\t\t<img src=\"\/\/www.linksalpha.com\/images\/social_share_button.png\" alt=\"Share\" class=\"linksalpha_image\" \/>\n\t\t\t\t\t<\/a><script type=\"text\/javascript\" src=\"\/\/www.linksalpha.com\/scripts\/loader_iconbox.js?v=2.4\"><\/script><\/span><\/div><p>Ou\u00e7a a m\u00fasica &#8220;Pegadores de Conchas&#8220;, composta por\u00a0Aldenisio Tavares,\u00a0na interpreta\u00e7\u00e3o de\u00a0Dudu e Erika. A can\u00e7\u00e3o \u00e9 \u00a0integrante do CD\u00a0&#8220;O Amor de Deus nos uniu&#8221;, lan\u00e7ado pelo compositor em dezembro de 2011. Aldenisio Tavares<\/p>\n\n\t\t\t\t<div class=\"mr_social_sharing_wrapper\">\n\t\t\t\t<!-- Social Sharing Toolkit v2.2 --><span class=\"mr_social_sharing_top\"><span style=\"display: inline-block; width: 55px; height: 62px; overflow: hidden;\"><div class=\"fb-like\" data-href=\"http:\/\/www.blogdopilako.com.br\/wp\/2013\/10\/28\/pegadores-de-conchas-nas-vozes-de-dudu-e-erika-11\/\" data-send=\"false\" data-layout=\"box_count\" data-width=\"55\" data-show-faces=\"false\"><\/div><\/span><\/span><span class=\"mr_social_sharing_top\"><fb:share-button type=\"box_count\" href=\"http:\/\/www.blogdopilako.com.br\/wp\/2013\/10\/28\/pegadores-de-conchas-nas-vozes-de-dudu-e-erika-11\/\"><\/fb:share-button><\/span><span class=\"mr_social_sharing\"><a rel=\"nofollow\" class=\"linksalpha_button linksalpha_link\" href=\"\/\/www.linksalpha.com\/social\/mobile\" data-url=\"http:\/\/www.blogdopilako.com.br\/wp\/2013\/10\/28\/pegadores-de-conchas-nas-vozes-de-dudu-e-erika-11\/\" data-text=\"\u201cPegadores de Conchas\u201d nas vozes de Dudu e Erika\" data-desc=\"Ou\u00e7a a m\u00fasica \"Pegadores de Conchas\", composta por\u00a0Aldenisio Tavares,\u00a0na interpreta\u00e7\u00e3o de\u00a0Dudu e Erika. A can\u00e7\u00e3o \u00e9 \u00a0integrante do CD\u00a0\"O Amor de Deus nos uniu\", lan\u00e7ado pelo compositor em dezembro de 2011. Aldenisio Tavares\" data-image=\"\" data-button=\"none\">\n\t\t\t\t\t<img src=\"\/\/www.linksalpha.com\/images\/social_share_button.png\" alt=\"Share\" class=\"linksalpha_image\" \/>\n\t\t\t\t\t<\/a><script type=\"text\/javascript\" src=\"\/\/www.linksalpha.com\/scripts\/loader_iconbox.js?v=2.4\"><\/script><\/span><\/div>","protected":false},"author":1,"featured_media":0,"comment_status":"open","ping_status":"open","sticky":false,"template":"","format":"standard","meta":[],"categories":[17],"tags":[],"_links":{"self":[{"href":"http:\/\/www.blogdopilako.com.br\/wp\/wp-json\/wp\/v2\/posts\/51554"}],"collection":[{"href":"http:\/\/www.blogdopilako.com.br\/wp\/wp-json\/wp\/v2\/posts"}],"about":[{"href":"http:\/\/www.blogdopilako.com.br\/wp\/wp-json\/wp\/v2\/types\/post"}],"author":[{"embeddable":true,"href":"http:\/\/www.blogdopilako.com.br\/wp\/wp-json\/wp\/v2\/users\/1"}],"replies":[{"embeddable":true,"href":"http:\/\/www.blogdopilako.com.br\/wp\/wp-json\/wp\/v2\/comments?post=51554"}],"version-history":[{"count":1,"href":"http:\/\/www.blogdopilako.com.br\/wp\/wp-json\/wp\/v2\/posts\/51554\/revisions"}],"predecessor-version":[{"id":51555,"href":"http:\/\/www.blogdopilako.com.br\/wp\/wp-json\/wp\/v2\/posts\/51554\/revisions\/51555"}],"wp:attachment":[{"href":"http:\/\/www.blogdopilako.com.br\/wp\/wp-json\/wp\/v2\/media?parent=51554"}],"wp:term":[{"taxonomy":"category","embeddable":true,"href":"http:\/\/www.blogdopilako.com.br\/wp\/wp-json\/wp\/v2\/categories?post=51554"},{"taxonomy":"post_tag","embeddable":true,"href":"http:\/\/www.blogdopilako.com.br\/wp\/wp-json\/wp\/v2\/tags?post=51554"}],"curies":[{"name":"wp","href":"https:\/\/api.w.org\/{rel}","templated":true}]}}