{"id":51142,"date":"2013-10-18T14:34:23","date_gmt":"2013-10-18T17:34:23","guid":{"rendered":"http:\/\/www.blogdopilako.com.br\/wp\/?p=51142"},"modified":"2013-10-18T14:34:23","modified_gmt":"2013-10-18T17:34:23","slug":"internauta-carla-priscila-comenta-sobre-ocupacao-de-calcadas-por-barracas","status":"publish","type":"post","link":"http:\/\/www.blogdopilako.com.br\/wp\/2013\/10\/18\/internauta-carla-priscila-comenta-sobre-ocupacao-de-calcadas-por-barracas\/","title":{"rendered":"Internauta Carla Priscila comenta sobre ocupa\u00e7\u00e3o de cal\u00e7adas por barracas"},"content":{"rendered":"\n\t\t\t\t<div class=\"mr_social_sharing_wrapper\">\n\t\t\t\t<!-- Social Sharing Toolkit v2.2 --><span class=\"mr_social_sharing_top\"><span style=\"display: inline-block; width: 55px; height: 62px; overflow: hidden;\"><div class=\"fb-like\" data-href=\"http:\/\/www.blogdopilako.com.br\/wp\/2013\/10\/18\/internauta-carla-priscila-comenta-sobre-ocupacao-de-calcadas-por-barracas\/\" data-send=\"false\" data-layout=\"box_count\" data-width=\"55\" data-show-faces=\"false\"><\/div><\/span><\/span><span class=\"mr_social_sharing_top\"><fb:share-button type=\"box_count\" href=\"http:\/\/www.blogdopilako.com.br\/wp\/2013\/10\/18\/internauta-carla-priscila-comenta-sobre-ocupacao-de-calcadas-por-barracas\/\"><\/fb:share-button><\/span><span class=\"mr_social_sharing\"><a rel=\"nofollow\" class=\"linksalpha_button linksalpha_link\" href=\"\/\/www.linksalpha.com\/social\/mobile\" data-url=\"http:\/\/www.blogdopilako.com.br\/wp\/2013\/10\/18\/internauta-carla-priscila-comenta-sobre-ocupacao-de-calcadas-por-barracas\/\" data-text=\"Internauta Carla Priscila comenta sobre ocupa\u00e7\u00e3o de cal\u00e7adas por barracas\" data-desc=\"Coment\u00e1rio postado na mat\u00e9ria \"Aqui a lei s\u00f3 funciona para vendedor de macaxeira.\". \u00c9 um absurdo o que est\u00e1 acontecendo nas causadas no nosso Munic\u00edpio, barracas (Ex: Enfrente a Escola Dias Cardoso e Jo\u00e3o Cleofas); outro exemplo gritante \u00e9 a rampa existente enfrente a Auto Escola na rua\" data-image=\"\" data-button=\"none\">\n\t\t\t\t\t<img src=\"\/\/www.linksalpha.com\/images\/social_share_button.png\" alt=\"Share\" class=\"linksalpha_image\" \/>\n\t\t\t\t\t<\/a><script type=\"text\/javascript\" src=\"\/\/www.linksalpha.com\/scripts\/loader_iconbox.js?v=2.4\"><\/script><\/span><\/div><p style=\"text-align: justify;\">Coment\u00e1rio postado na mat\u00e9ria &#8220;<a href=\"http:\/\/www.blogdopilako.com.br\/wp\/2013\/10\/17\/aqui-a-lei-so-funciona-para-vendedor-de-macaxeira\/\" target=\"_blank\">Aqui a lei s\u00f3 funciona para vendedor de macaxeira.<\/a>&#8220;.<\/p>\n<blockquote>\n<p style=\"text-align: justify;\">\u00c9 um absurdo o que est\u00e1 acontecendo nas causadas no nosso Munic\u00edpio, barracas (Ex: Enfrente a Escola Dias Cardoso e Jo\u00e3o Cleofas); outro exemplo gritante \u00e9 a rampa existente enfrente a Auto Escola na rua Valois Correia, ela s\u00f3 tem um lado, tire uma foto dela meu amigo Pilako e veja o absurdo; Varias Resid\u00eancias acham que a causada faz parte da continuidade da rampa da sua garagem\u2026.isto \u00e9 uma vergonha! Fico indignada porque tenho v\u00e1rios amigos e amigas cadeirantes e tamb\u00e9m cegos que passam o p\u00e3o que o diabo amassou quando precisam usar as nossas causadas. Como resolver isso meu amigo Pilako?<\/p>\n<p style=\"text-align: justify;\"><strong>Carla Priscila<\/strong><\/p>\n<\/blockquote>\n\n\t\t\t\t<div class=\"mr_social_sharing_wrapper\">\n\t\t\t\t<!-- Social Sharing Toolkit v2.2 --><span class=\"mr_social_sharing_top\"><span style=\"display: inline-block; width: 55px; height: 62px; overflow: hidden;\"><div class=\"fb-like\" data-href=\"http:\/\/www.blogdopilako.com.br\/wp\/2013\/10\/18\/internauta-carla-priscila-comenta-sobre-ocupacao-de-calcadas-por-barracas\/\" data-send=\"false\" data-layout=\"box_count\" data-width=\"55\" data-show-faces=\"false\"><\/div><\/span><\/span><span class=\"mr_social_sharing_top\"><fb:share-button type=\"box_count\" href=\"http:\/\/www.blogdopilako.com.br\/wp\/2013\/10\/18\/internauta-carla-priscila-comenta-sobre-ocupacao-de-calcadas-por-barracas\/\"><\/fb:share-button><\/span><span class=\"mr_social_sharing\"><a rel=\"nofollow\" class=\"linksalpha_button linksalpha_link\" href=\"\/\/www.linksalpha.com\/social\/mobile\" data-url=\"http:\/\/www.blogdopilako.com.br\/wp\/2013\/10\/18\/internauta-carla-priscila-comenta-sobre-ocupacao-de-calcadas-por-barracas\/\" data-text=\"Internauta Carla Priscila comenta sobre ocupa\u00e7\u00e3o de cal\u00e7adas por barracas\" data-desc=\"Coment\u00e1rio postado na mat\u00e9ria \"Aqui a lei s\u00f3 funciona para vendedor de macaxeira.\". \u00c9 um absurdo o que est\u00e1 acontecendo nas causadas no nosso Munic\u00edpio, barracas (Ex: Enfrente a Escola Dias Cardoso e Jo\u00e3o Cleofas); outro exemplo gritante \u00e9 a rampa existente enfrente a Auto Escola na rua\" data-image=\"\" data-button=\"none\">\n\t\t\t\t\t<img src=\"\/\/www.linksalpha.com\/images\/social_share_button.png\" alt=\"Share\" class=\"linksalpha_image\" \/>\n\t\t\t\t\t<\/a><script type=\"text\/javascript\" src=\"\/\/www.linksalpha.com\/scripts\/loader_iconbox.js?v=2.4\"><\/script><\/span><\/div>","protected":false},"excerpt":{"rendered":"\n\t\t\t\t<div class=\"mr_social_sharing_wrapper\">\n\t\t\t\t<!-- Social Sharing Toolkit v2.2 --><span class=\"mr_social_sharing_top\"><span style=\"display: inline-block; width: 55px; height: 62px; overflow: hidden;\"><div class=\"fb-like\" data-href=\"http:\/\/www.blogdopilako.com.br\/wp\/2013\/10\/18\/internauta-carla-priscila-comenta-sobre-ocupacao-de-calcadas-por-barracas\/\" data-send=\"false\" data-layout=\"box_count\" data-width=\"55\" data-show-faces=\"false\"><\/div><\/span><\/span><span class=\"mr_social_sharing_top\"><fb:share-button type=\"box_count\" href=\"http:\/\/www.blogdopilako.com.br\/wp\/2013\/10\/18\/internauta-carla-priscila-comenta-sobre-ocupacao-de-calcadas-por-barracas\/\"><\/fb:share-button><\/span><span class=\"mr_social_sharing\"><a rel=\"nofollow\" class=\"linksalpha_button linksalpha_link\" href=\"\/\/www.linksalpha.com\/social\/mobile\" data-url=\"http:\/\/www.blogdopilako.com.br\/wp\/2013\/10\/18\/internauta-carla-priscila-comenta-sobre-ocupacao-de-calcadas-por-barracas\/\" data-text=\"Internauta Carla Priscila comenta sobre ocupa\u00e7\u00e3o de cal\u00e7adas por barracas\" data-desc=\"Coment\u00e1rio postado na mat\u00e9ria \"Aqui a lei s\u00f3 funciona para vendedor de macaxeira.\". \u00c9 um absurdo o que est\u00e1 acontecendo nas causadas no nosso Munic\u00edpio, barracas (Ex: Enfrente a Escola Dias Cardoso e Jo\u00e3o Cleofas); outro exemplo gritante \u00e9 a rampa existente enfrente a Auto Escola na rua\" data-image=\"\" data-button=\"none\">\n\t\t\t\t\t<img src=\"\/\/www.linksalpha.com\/images\/social_share_button.png\" alt=\"Share\" class=\"linksalpha_image\" \/>\n\t\t\t\t\t<\/a><script type=\"text\/javascript\" src=\"\/\/www.linksalpha.com\/scripts\/loader_iconbox.js?v=2.4\"><\/script><\/span><\/div><p>Coment\u00e1rio postado na mat\u00e9ria &#8220;Aqui a lei s\u00f3 funciona para vendedor de macaxeira.&#8220;. \u00c9 um absurdo o que est\u00e1 acontecendo nas causadas no nosso Munic\u00edpio, barracas (Ex: Enfrente a Escola Dias Cardoso e Jo\u00e3o Cleofas); outro exemplo gritante \u00e9 a &hellip; <a href=\"http:\/\/www.blogdopilako.com.br\/wp\/2013\/10\/18\/internauta-carla-priscila-comenta-sobre-ocupacao-de-calcadas-por-barracas\/\">Continue lendo <span class=\"meta-nav\">&rarr;<\/span><\/a><\/p>\n\n\t\t\t\t<div class=\"mr_social_sharing_wrapper\">\n\t\t\t\t<!-- Social Sharing Toolkit v2.2 --><span class=\"mr_social_sharing_top\"><span style=\"display: inline-block; width: 55px; height: 62px; overflow: hidden;\"><div class=\"fb-like\" data-href=\"http:\/\/www.blogdopilako.com.br\/wp\/2013\/10\/18\/internauta-carla-priscila-comenta-sobre-ocupacao-de-calcadas-por-barracas\/\" data-send=\"false\" data-layout=\"box_count\" data-width=\"55\" data-show-faces=\"false\"><\/div><\/span><\/span><span class=\"mr_social_sharing_top\"><fb:share-button type=\"box_count\" href=\"http:\/\/www.blogdopilako.com.br\/wp\/2013\/10\/18\/internauta-carla-priscila-comenta-sobre-ocupacao-de-calcadas-por-barracas\/\"><\/fb:share-button><\/span><span class=\"mr_social_sharing\"><a rel=\"nofollow\" class=\"linksalpha_button linksalpha_link\" href=\"\/\/www.linksalpha.com\/social\/mobile\" data-url=\"http:\/\/www.blogdopilako.com.br\/wp\/2013\/10\/18\/internauta-carla-priscila-comenta-sobre-ocupacao-de-calcadas-por-barracas\/\" data-text=\"Internauta Carla Priscila comenta sobre ocupa\u00e7\u00e3o de cal\u00e7adas por barracas\" data-desc=\"Coment\u00e1rio postado na mat\u00e9ria \"Aqui a lei s\u00f3 funciona para vendedor de macaxeira.\". \u00c9 um absurdo o que est\u00e1 acontecendo nas causadas no nosso Munic\u00edpio, barracas (Ex: Enfrente a Escola Dias Cardoso e Jo\u00e3o Cleofas); outro exemplo gritante \u00e9 a rampa existente enfrente a Auto Escola na rua\" data-image=\"\" data-button=\"none\">\n\t\t\t\t\t<img src=\"\/\/www.linksalpha.com\/images\/social_share_button.png\" alt=\"Share\" class=\"linksalpha_image\" \/>\n\t\t\t\t\t<\/a><script type=\"text\/javascript\" src=\"\/\/www.linksalpha.com\/scripts\/loader_iconbox.js?v=2.4\"><\/script><\/span><\/div>","protected":false},"author":1,"featured_media":0,"comment_status":"open","ping_status":"open","sticky":false,"template":"","format":"standard","meta":[],"categories":[21,22],"tags":[],"_links":{"self":[{"href":"http:\/\/www.blogdopilako.com.br\/wp\/wp-json\/wp\/v2\/posts\/51142"}],"collection":[{"href":"http:\/\/www.blogdopilako.com.br\/wp\/wp-json\/wp\/v2\/posts"}],"about":[{"href":"http:\/\/www.blogdopilako.com.br\/wp\/wp-json\/wp\/v2\/types\/post"}],"author":[{"embeddable":true,"href":"http:\/\/www.blogdopilako.com.br\/wp\/wp-json\/wp\/v2\/users\/1"}],"replies":[{"embeddable":true,"href":"http:\/\/www.blogdopilako.com.br\/wp\/wp-json\/wp\/v2\/comments?post=51142"}],"version-history":[{"count":1,"href":"http:\/\/www.blogdopilako.com.br\/wp\/wp-json\/wp\/v2\/posts\/51142\/revisions"}],"predecessor-version":[{"id":51146,"href":"http:\/\/www.blogdopilako.com.br\/wp\/wp-json\/wp\/v2\/posts\/51142\/revisions\/51146"}],"wp:attachment":[{"href":"http:\/\/www.blogdopilako.com.br\/wp\/wp-json\/wp\/v2\/media?parent=51142"}],"wp:term":[{"taxonomy":"category","embeddable":true,"href":"http:\/\/www.blogdopilako.com.br\/wp\/wp-json\/wp\/v2\/categories?post=51142"},{"taxonomy":"post_tag","embeddable":true,"href":"http:\/\/www.blogdopilako.com.br\/wp\/wp-json\/wp\/v2\/tags?post=51142"}],"curies":[{"name":"wp","href":"https:\/\/api.w.org\/{rel}","templated":true}]}}