{"id":5103,"date":"2011-09-13T14:30:52","date_gmt":"2011-09-13T17:30:52","guid":{"rendered":"http:\/\/www.blogdopilako.com.br\/wp\/?p=5103"},"modified":"2011-09-26T15:03:59","modified_gmt":"2011-09-26T18:03:59","slug":"o-tempo-voa-tota-fotografo-1978","status":"publish","type":"post","link":"http:\/\/www.blogdopilako.com.br\/wp\/2011\/09\/13\/o-tempo-voa-tota-fotografo-1978\/","title":{"rendered":"O Tempo Voa: Tota Fot\u00f3grafo (1978)"},"content":{"rendered":"\n\t\t\t\t<div class=\"mr_social_sharing_wrapper\">\n\t\t\t\t<!-- Social Sharing Toolkit v2.2 --><span class=\"mr_social_sharing_top\"><span style=\"display: inline-block; width: 55px; height: 62px; overflow: hidden;\"><div class=\"fb-like\" data-href=\"http:\/\/www.blogdopilako.com.br\/wp\/2011\/09\/13\/o-tempo-voa-tota-fotografo-1978\/\" data-send=\"false\" data-layout=\"box_count\" data-width=\"55\" data-show-faces=\"false\"><\/div><\/span><\/span><span class=\"mr_social_sharing_top\"><fb:share-button type=\"box_count\" href=\"http:\/\/www.blogdopilako.com.br\/wp\/2011\/09\/13\/o-tempo-voa-tota-fotografo-1978\/\"><\/fb:share-button><\/span><span class=\"mr_social_sharing\"><a rel=\"nofollow\" class=\"linksalpha_button linksalpha_link\" href=\"\/\/www.linksalpha.com\/social\/mobile\" data-url=\"http:\/\/www.blogdopilako.com.br\/wp\/2011\/09\/13\/o-tempo-voa-tota-fotografo-1978\/\" data-text=\"O Tempo Voa: Tota Fot\u00f3grafo (1978)\" data-desc=\"O conhecido Tota Fot\u00f3grafo, registrado durante a festa de anivers\u00e1rio de 50 anos de Zito Marino, no extinto Recanto Ga\u00facho, ocorrida em 1978.\" data-image=\"http:\/\/www.blogdopilako.com.br\/wp\/wp-content\/uploads\/Otempovoa_13_09.jpg\" data-button=\"none\">\n\t\t\t\t\t<img src=\"\/\/www.linksalpha.com\/images\/social_share_button.png\" alt=\"Share\" class=\"linksalpha_image\" \/>\n\t\t\t\t\t<\/a><script type=\"text\/javascript\" src=\"\/\/www.linksalpha.com\/scripts\/loader_iconbox.js?v=2.4\"><\/script><\/span><\/div><div id=\"attachment_5104\" style=\"width: 390px\" class=\"wp-caption aligncenter\"><a href=\"http:\/\/www.blogdopilako.com.br\/wp\/wp-content\/uploads\/Otempovoa_13_09.jpg\"><img aria-describedby=\"caption-attachment-5104\" loading=\"lazy\" class=\"size-full wp-image-5104\" title=\"Otempovoa_13_09\" src=\"http:\/\/www.blogdopilako.com.br\/wp\/wp-content\/uploads\/Otempovoa_13_09.jpg\" alt=\"\" width=\"380\" height=\"556\" \/><\/a><p id=\"caption-attachment-5104\" class=\"wp-caption-text\">Foto: acervo pessoal do blogueiro<\/p><\/div>\n<p style=\"text-align: center;\">O conhecido <em><strong>Tota Fot\u00f3grafo<\/strong><\/em>, registrado durante a festa de anivers\u00e1rio de 50 anos de <em><strong>Zito Marino<\/strong><\/em>, no extinto <strong>Recanto Ga\u00facho<\/strong>, ocorrida em <strong>1978<\/strong>.<\/p>\n\n\t\t\t\t<div class=\"mr_social_sharing_wrapper\">\n\t\t\t\t<!-- Social Sharing Toolkit v2.2 --><span class=\"mr_social_sharing_top\"><span style=\"display: inline-block; width: 55px; height: 62px; overflow: hidden;\"><div class=\"fb-like\" data-href=\"http:\/\/www.blogdopilako.com.br\/wp\/2011\/09\/13\/o-tempo-voa-tota-fotografo-1978\/\" data-send=\"false\" data-layout=\"box_count\" data-width=\"55\" data-show-faces=\"false\"><\/div><\/span><\/span><span class=\"mr_social_sharing_top\"><fb:share-button type=\"box_count\" href=\"http:\/\/www.blogdopilako.com.br\/wp\/2011\/09\/13\/o-tempo-voa-tota-fotografo-1978\/\"><\/fb:share-button><\/span><span class=\"mr_social_sharing\"><a rel=\"nofollow\" class=\"linksalpha_button linksalpha_link\" href=\"\/\/www.linksalpha.com\/social\/mobile\" data-url=\"http:\/\/www.blogdopilako.com.br\/wp\/2011\/09\/13\/o-tempo-voa-tota-fotografo-1978\/\" data-text=\"O Tempo Voa: Tota Fot\u00f3grafo (1978)\" data-desc=\"O conhecido Tota Fot\u00f3grafo, registrado durante a festa de anivers\u00e1rio de 50 anos de Zito Marino, no extinto Recanto Ga\u00facho, ocorrida em 1978.\" data-image=\"http:\/\/www.blogdopilako.com.br\/wp\/wp-content\/uploads\/Otempovoa_13_09.jpg\" data-button=\"none\">\n\t\t\t\t\t<img src=\"\/\/www.linksalpha.com\/images\/social_share_button.png\" alt=\"Share\" class=\"linksalpha_image\" \/>\n\t\t\t\t\t<\/a><script type=\"text\/javascript\" src=\"\/\/www.linksalpha.com\/scripts\/loader_iconbox.js?v=2.4\"><\/script><\/span><\/div>","protected":false},"excerpt":{"rendered":"\n\t\t\t\t<div class=\"mr_social_sharing_wrapper\">\n\t\t\t\t<!-- Social Sharing Toolkit v2.2 --><span class=\"mr_social_sharing_top\"><span style=\"display: inline-block; width: 55px; height: 62px; overflow: hidden;\"><div class=\"fb-like\" data-href=\"http:\/\/www.blogdopilako.com.br\/wp\/2011\/09\/13\/o-tempo-voa-tota-fotografo-1978\/\" data-send=\"false\" data-layout=\"box_count\" data-width=\"55\" data-show-faces=\"false\"><\/div><\/span><\/span><span class=\"mr_social_sharing_top\"><fb:share-button type=\"box_count\" href=\"http:\/\/www.blogdopilako.com.br\/wp\/2011\/09\/13\/o-tempo-voa-tota-fotografo-1978\/\"><\/fb:share-button><\/span><span class=\"mr_social_sharing\"><a rel=\"nofollow\" class=\"linksalpha_button linksalpha_link\" href=\"\/\/www.linksalpha.com\/social\/mobile\" data-url=\"http:\/\/www.blogdopilako.com.br\/wp\/2011\/09\/13\/o-tempo-voa-tota-fotografo-1978\/\" data-text=\"O Tempo Voa: Tota Fot\u00f3grafo (1978)\" data-desc=\"O conhecido Tota Fot\u00f3grafo, registrado durante a festa de anivers\u00e1rio de 50 anos de Zito Marino, no extinto Recanto Ga\u00facho, ocorrida em 1978.\" data-image=\"\" data-button=\"none\">\n\t\t\t\t\t<img src=\"\/\/www.linksalpha.com\/images\/social_share_button.png\" alt=\"Share\" class=\"linksalpha_image\" \/>\n\t\t\t\t\t<\/a><script type=\"text\/javascript\" src=\"\/\/www.linksalpha.com\/scripts\/loader_iconbox.js?v=2.4\"><\/script><\/span><\/div><p>O conhecido Tota Fot\u00f3grafo, registrado durante a festa de anivers\u00e1rio de 50 anos de Zito Marino, no extinto Recanto Ga\u00facho, ocorrida em 1978.<\/p>\n\n\t\t\t\t<div class=\"mr_social_sharing_wrapper\">\n\t\t\t\t<!-- Social Sharing Toolkit v2.2 --><span class=\"mr_social_sharing_top\"><span style=\"display: inline-block; width: 55px; height: 62px; overflow: hidden;\"><div class=\"fb-like\" data-href=\"http:\/\/www.blogdopilako.com.br\/wp\/2011\/09\/13\/o-tempo-voa-tota-fotografo-1978\/\" data-send=\"false\" data-layout=\"box_count\" data-width=\"55\" data-show-faces=\"false\"><\/div><\/span><\/span><span class=\"mr_social_sharing_top\"><fb:share-button type=\"box_count\" href=\"http:\/\/www.blogdopilako.com.br\/wp\/2011\/09\/13\/o-tempo-voa-tota-fotografo-1978\/\"><\/fb:share-button><\/span><span class=\"mr_social_sharing\"><a rel=\"nofollow\" class=\"linksalpha_button linksalpha_link\" href=\"\/\/www.linksalpha.com\/social\/mobile\" data-url=\"http:\/\/www.blogdopilako.com.br\/wp\/2011\/09\/13\/o-tempo-voa-tota-fotografo-1978\/\" data-text=\"O Tempo Voa: Tota Fot\u00f3grafo (1978)\" data-desc=\"O conhecido Tota Fot\u00f3grafo, registrado durante a festa de anivers\u00e1rio de 50 anos de Zito Marino, no extinto Recanto Ga\u00facho, ocorrida em 1978.\" data-image=\"\" data-button=\"none\">\n\t\t\t\t\t<img src=\"\/\/www.linksalpha.com\/images\/social_share_button.png\" alt=\"Share\" class=\"linksalpha_image\" \/>\n\t\t\t\t\t<\/a><script type=\"text\/javascript\" src=\"\/\/www.linksalpha.com\/scripts\/loader_iconbox.js?v=2.4\"><\/script><\/span><\/div>","protected":false},"author":4,"featured_media":0,"comment_status":"open","ping_status":"open","sticky":false,"template":"","format":"standard","meta":[],"categories":[23],"tags":[],"_links":{"self":[{"href":"http:\/\/www.blogdopilako.com.br\/wp\/wp-json\/wp\/v2\/posts\/5103"}],"collection":[{"href":"http:\/\/www.blogdopilako.com.br\/wp\/wp-json\/wp\/v2\/posts"}],"about":[{"href":"http:\/\/www.blogdopilako.com.br\/wp\/wp-json\/wp\/v2\/types\/post"}],"author":[{"embeddable":true,"href":"http:\/\/www.blogdopilako.com.br\/wp\/wp-json\/wp\/v2\/users\/4"}],"replies":[{"embeddable":true,"href":"http:\/\/www.blogdopilako.com.br\/wp\/wp-json\/wp\/v2\/comments?post=5103"}],"version-history":[{"count":3,"href":"http:\/\/www.blogdopilako.com.br\/wp\/wp-json\/wp\/v2\/posts\/5103\/revisions"}],"predecessor-version":[{"id":5911,"href":"http:\/\/www.blogdopilako.com.br\/wp\/wp-json\/wp\/v2\/posts\/5103\/revisions\/5911"}],"wp:attachment":[{"href":"http:\/\/www.blogdopilako.com.br\/wp\/wp-json\/wp\/v2\/media?parent=5103"}],"wp:term":[{"taxonomy":"category","embeddable":true,"href":"http:\/\/www.blogdopilako.com.br\/wp\/wp-json\/wp\/v2\/categories?post=5103"},{"taxonomy":"post_tag","embeddable":true,"href":"http:\/\/www.blogdopilako.com.br\/wp\/wp-json\/wp\/v2\/tags?post=5103"}],"curies":[{"name":"wp","href":"https:\/\/api.w.org\/{rel}","templated":true}]}}