{"id":50933,"date":"2013-10-15T14:51:34","date_gmt":"2013-10-15T17:51:34","guid":{"rendered":"http:\/\/www.blogdopilako.com.br\/wp\/?p=50933"},"modified":"2013-10-15T14:54:20","modified_gmt":"2013-10-15T17:54:20","slug":"professor-pedro-ferrer-acredita-na-promotora-de-justica","status":"publish","type":"post","link":"http:\/\/www.blogdopilako.com.br\/wp\/2013\/10\/15\/professor-pedro-ferrer-acredita-na-promotora-de-justica\/","title":{"rendered":"Professor Pedro Ferrer acredita na Promotora de Justi\u00e7a"},"content":{"rendered":"\n\t\t\t\t<div class=\"mr_social_sharing_wrapper\">\n\t\t\t\t<!-- Social Sharing Toolkit v2.2 --><span class=\"mr_social_sharing_top\"><span style=\"display: inline-block; width: 55px; height: 62px; overflow: hidden;\"><div class=\"fb-like\" data-href=\"http:\/\/www.blogdopilako.com.br\/wp\/2013\/10\/15\/professor-pedro-ferrer-acredita-na-promotora-de-justica\/\" data-send=\"false\" data-layout=\"box_count\" data-width=\"55\" data-show-faces=\"false\"><\/div><\/span><\/span><span class=\"mr_social_sharing_top\"><fb:share-button type=\"box_count\" href=\"http:\/\/www.blogdopilako.com.br\/wp\/2013\/10\/15\/professor-pedro-ferrer-acredita-na-promotora-de-justica\/\"><\/fb:share-button><\/span><span class=\"mr_social_sharing\"><a rel=\"nofollow\" class=\"linksalpha_button linksalpha_link\" href=\"\/\/www.linksalpha.com\/social\/mobile\" data-url=\"http:\/\/www.blogdopilako.com.br\/wp\/2013\/10\/15\/professor-pedro-ferrer-acredita-na-promotora-de-justica\/\" data-text=\"Professor Pedro Ferrer acredita na Promotora de Justi\u00e7a\" data-desc=\"Coment\u00e1rio postado na mat\u00e9ria \"Vit\u00f3ria: Pol\u00edticos descompromissados, cidade esculhambada.\". Velho sonha e eu continuo sonhando. Nossos gestores n\u00e3o tem sensibilidade e pensam inversamente a n\u00f3s pobres mortais. Repito Pilako, lembra-se: \u201cde que vale uma rede armada com tantos sonhos\" data-image=\"http:\/\/www.blogdopilako.com.br\/wp\/wp-content\/uploads\/promotora.jpg\" data-button=\"none\">\n\t\t\t\t\t<img src=\"\/\/www.linksalpha.com\/images\/social_share_button.png\" alt=\"Share\" class=\"linksalpha_image\" \/>\n\t\t\t\t\t<\/a><script type=\"text\/javascript\" src=\"\/\/www.linksalpha.com\/scripts\/loader_iconbox.js?v=2.4\"><\/script><\/span><\/div><p>Coment\u00e1rio postado na mat\u00e9ria &#8220;<a href=\"http:\/\/www.blogdopilako.com.br\/wp\/2013\/10\/14\/vitoria-politicos-descompromissados-cidade-esculhambada\/\" target=\"_blank\">Vit\u00f3ria: Pol\u00edticos descompromissados, cidade esculhambada.<\/a>&#8220;.<\/p>\n<p><img class=\"aligncenter\" alt=\"promotora\" src=\"http:\/\/www.blogdopilako.com.br\/wp\/wp-content\/uploads\/promotora.jpg\" \/><\/p>\n<blockquote>\n<p style=\"text-align: justify;\">Velho sonha e eu continuo sonhando. Nossos gestores n\u00e3o tem sensibilidade e pensam inversamente a n\u00f3s pobres mortais. Repito Pilako, lembra-se: \u201cde que vale uma rede armada com tantos sonhos perdidos\u201d. Ali\u00e1s, por onde anda a promotora que disse que ia retirar a feira? A doutora recuou? Continuo confiando nela, s\u00f3 que entrou num mutismo\u2026\u2026.. Por que a imprensa blogista, silenciou? Dias atr\u00e1s s\u00f3 se falava em retirar a feira , limpar a 13 de Maio, humanizar a Bandeira e agora? Tudo n\u00e3o passa de ret\u00f3rica, bl\u00e1\u2026bl\u00e1\u2026bl\u00e1, poesia, frases feitas, constru\u00e7\u00f5es liter\u00e1rias bonitas e a cidade se acabando\u2026<\/p>\n<p><strong>Pedro Ferrer<\/strong><\/p><\/blockquote>\n\n\t\t\t\t<div class=\"mr_social_sharing_wrapper\">\n\t\t\t\t<!-- Social Sharing Toolkit v2.2 --><span class=\"mr_social_sharing_top\"><span style=\"display: inline-block; width: 55px; height: 62px; overflow: hidden;\"><div class=\"fb-like\" data-href=\"http:\/\/www.blogdopilako.com.br\/wp\/2013\/10\/15\/professor-pedro-ferrer-acredita-na-promotora-de-justica\/\" data-send=\"false\" data-layout=\"box_count\" data-width=\"55\" data-show-faces=\"false\"><\/div><\/span><\/span><span class=\"mr_social_sharing_top\"><fb:share-button type=\"box_count\" href=\"http:\/\/www.blogdopilako.com.br\/wp\/2013\/10\/15\/professor-pedro-ferrer-acredita-na-promotora-de-justica\/\"><\/fb:share-button><\/span><span class=\"mr_social_sharing\"><a rel=\"nofollow\" class=\"linksalpha_button linksalpha_link\" href=\"\/\/www.linksalpha.com\/social\/mobile\" data-url=\"http:\/\/www.blogdopilako.com.br\/wp\/2013\/10\/15\/professor-pedro-ferrer-acredita-na-promotora-de-justica\/\" data-text=\"Professor Pedro Ferrer acredita na Promotora de Justi\u00e7a\" data-desc=\"Coment\u00e1rio postado na mat\u00e9ria \"Vit\u00f3ria: Pol\u00edticos descompromissados, cidade esculhambada.\". Velho sonha e eu continuo sonhando. Nossos gestores n\u00e3o tem sensibilidade e pensam inversamente a n\u00f3s pobres mortais. Repito Pilako, lembra-se: \u201cde que vale uma rede armada com tantos sonhos\" data-image=\"http:\/\/www.blogdopilako.com.br\/wp\/wp-content\/uploads\/promotora.jpg\" data-button=\"none\">\n\t\t\t\t\t<img src=\"\/\/www.linksalpha.com\/images\/social_share_button.png\" alt=\"Share\" class=\"linksalpha_image\" \/>\n\t\t\t\t\t<\/a><script type=\"text\/javascript\" src=\"\/\/www.linksalpha.com\/scripts\/loader_iconbox.js?v=2.4\"><\/script><\/span><\/div>","protected":false},"excerpt":{"rendered":"\n\t\t\t\t<div class=\"mr_social_sharing_wrapper\">\n\t\t\t\t<!-- Social Sharing Toolkit v2.2 --><span class=\"mr_social_sharing_top\"><span style=\"display: inline-block; width: 55px; height: 62px; overflow: hidden;\"><div class=\"fb-like\" data-href=\"http:\/\/www.blogdopilako.com.br\/wp\/2013\/10\/15\/professor-pedro-ferrer-acredita-na-promotora-de-justica\/\" data-send=\"false\" data-layout=\"box_count\" data-width=\"55\" data-show-faces=\"false\"><\/div><\/span><\/span><span class=\"mr_social_sharing_top\"><fb:share-button type=\"box_count\" href=\"http:\/\/www.blogdopilako.com.br\/wp\/2013\/10\/15\/professor-pedro-ferrer-acredita-na-promotora-de-justica\/\"><\/fb:share-button><\/span><span class=\"mr_social_sharing\"><a rel=\"nofollow\" class=\"linksalpha_button linksalpha_link\" href=\"\/\/www.linksalpha.com\/social\/mobile\" data-url=\"http:\/\/www.blogdopilako.com.br\/wp\/2013\/10\/15\/professor-pedro-ferrer-acredita-na-promotora-de-justica\/\" data-text=\"Professor Pedro Ferrer acredita na Promotora de Justi\u00e7a\" data-desc=\"Coment\u00e1rio postado na mat\u00e9ria \"Vit\u00f3ria: Pol\u00edticos descompromissados, cidade esculhambada.\". Velho sonha e eu continuo sonhando. Nossos gestores n\u00e3o tem sensibilidade e pensam inversamente a n\u00f3s pobres mortais. Repito Pilako, lembra-se: \u201cde que vale uma rede armada com tantos sonhos\" data-image=\"\" data-button=\"none\">\n\t\t\t\t\t<img src=\"\/\/www.linksalpha.com\/images\/social_share_button.png\" alt=\"Share\" class=\"linksalpha_image\" \/>\n\t\t\t\t\t<\/a><script type=\"text\/javascript\" src=\"\/\/www.linksalpha.com\/scripts\/loader_iconbox.js?v=2.4\"><\/script><\/span><\/div><p>Coment\u00e1rio postado na mat\u00e9ria &#8220;Vit\u00f3ria: Pol\u00edticos descompromissados, cidade esculhambada.&#8220;. Velho sonha e eu continuo sonhando. Nossos gestores n\u00e3o tem sensibilidade e pensam inversamente a n\u00f3s pobres mortais. Repito Pilako, lembra-se: \u201cde que vale uma rede armada com tantos sonhos perdidos\u201d. &hellip; <a href=\"http:\/\/www.blogdopilako.com.br\/wp\/2013\/10\/15\/professor-pedro-ferrer-acredita-na-promotora-de-justica\/\">Continue lendo <span class=\"meta-nav\">&rarr;<\/span><\/a><\/p>\n\n\t\t\t\t<div class=\"mr_social_sharing_wrapper\">\n\t\t\t\t<!-- Social Sharing Toolkit v2.2 --><span class=\"mr_social_sharing_top\"><span style=\"display: inline-block; width: 55px; height: 62px; overflow: hidden;\"><div class=\"fb-like\" data-href=\"http:\/\/www.blogdopilako.com.br\/wp\/2013\/10\/15\/professor-pedro-ferrer-acredita-na-promotora-de-justica\/\" data-send=\"false\" data-layout=\"box_count\" data-width=\"55\" data-show-faces=\"false\"><\/div><\/span><\/span><span class=\"mr_social_sharing_top\"><fb:share-button type=\"box_count\" href=\"http:\/\/www.blogdopilako.com.br\/wp\/2013\/10\/15\/professor-pedro-ferrer-acredita-na-promotora-de-justica\/\"><\/fb:share-button><\/span><span class=\"mr_social_sharing\"><a rel=\"nofollow\" class=\"linksalpha_button linksalpha_link\" href=\"\/\/www.linksalpha.com\/social\/mobile\" data-url=\"http:\/\/www.blogdopilako.com.br\/wp\/2013\/10\/15\/professor-pedro-ferrer-acredita-na-promotora-de-justica\/\" data-text=\"Professor Pedro Ferrer acredita na Promotora de Justi\u00e7a\" data-desc=\"Coment\u00e1rio postado na mat\u00e9ria \"Vit\u00f3ria: Pol\u00edticos descompromissados, cidade esculhambada.\". Velho sonha e eu continuo sonhando. Nossos gestores n\u00e3o tem sensibilidade e pensam inversamente a n\u00f3s pobres mortais. Repito Pilako, lembra-se: \u201cde que vale uma rede armada com tantos sonhos\" data-image=\"\" data-button=\"none\">\n\t\t\t\t\t<img src=\"\/\/www.linksalpha.com\/images\/social_share_button.png\" alt=\"Share\" class=\"linksalpha_image\" \/>\n\t\t\t\t\t<\/a><script type=\"text\/javascript\" src=\"\/\/www.linksalpha.com\/scripts\/loader_iconbox.js?v=2.4\"><\/script><\/span><\/div>","protected":false},"author":1,"featured_media":0,"comment_status":"open","ping_status":"open","sticky":false,"template":"","format":"standard","meta":[],"categories":[21,22],"tags":[],"_links":{"self":[{"href":"http:\/\/www.blogdopilako.com.br\/wp\/wp-json\/wp\/v2\/posts\/50933"}],"collection":[{"href":"http:\/\/www.blogdopilako.com.br\/wp\/wp-json\/wp\/v2\/posts"}],"about":[{"href":"http:\/\/www.blogdopilako.com.br\/wp\/wp-json\/wp\/v2\/types\/post"}],"author":[{"embeddable":true,"href":"http:\/\/www.blogdopilako.com.br\/wp\/wp-json\/wp\/v2\/users\/1"}],"replies":[{"embeddable":true,"href":"http:\/\/www.blogdopilako.com.br\/wp\/wp-json\/wp\/v2\/comments?post=50933"}],"version-history":[{"count":2,"href":"http:\/\/www.blogdopilako.com.br\/wp\/wp-json\/wp\/v2\/posts\/50933\/revisions"}],"predecessor-version":[{"id":50936,"href":"http:\/\/www.blogdopilako.com.br\/wp\/wp-json\/wp\/v2\/posts\/50933\/revisions\/50936"}],"wp:attachment":[{"href":"http:\/\/www.blogdopilako.com.br\/wp\/wp-json\/wp\/v2\/media?parent=50933"}],"wp:term":[{"taxonomy":"category","embeddable":true,"href":"http:\/\/www.blogdopilako.com.br\/wp\/wp-json\/wp\/v2\/categories?post=50933"},{"taxonomy":"post_tag","embeddable":true,"href":"http:\/\/www.blogdopilako.com.br\/wp\/wp-json\/wp\/v2\/tags?post=50933"}],"curies":[{"name":"wp","href":"https:\/\/api.w.org\/{rel}","templated":true}]}}