{"id":5049,"date":"2011-09-12T16:50:48","date_gmt":"2011-09-12T19:50:48","guid":{"rendered":"http:\/\/www.blogdopilako.com.br\/wp\/?p=5049"},"modified":"2011-09-15T16:22:48","modified_gmt":"2011-09-15T19:22:48","slug":"47-anos-da-gamela-de-ouro","status":"publish","type":"post","link":"http:\/\/www.blogdopilako.com.br\/wp\/2011\/09\/12\/47-anos-da-gamela-de-ouro\/","title":{"rendered":"47 anos da Gamela de Ouro"},"content":{"rendered":"\n\t\t\t\t<div class=\"mr_social_sharing_wrapper\">\n\t\t\t\t<!-- Social Sharing Toolkit v2.2 --><span class=\"mr_social_sharing_top\"><span style=\"display: inline-block; width: 55px; height: 62px; overflow: hidden;\"><div class=\"fb-like\" data-href=\"http:\/\/www.blogdopilako.com.br\/wp\/2011\/09\/12\/47-anos-da-gamela-de-ouro\/\" data-send=\"false\" data-layout=\"box_count\" data-width=\"55\" data-show-faces=\"false\"><\/div><\/span><\/span><span class=\"mr_social_sharing_top\"><fb:share-button type=\"box_count\" href=\"http:\/\/www.blogdopilako.com.br\/wp\/2011\/09\/12\/47-anos-da-gamela-de-ouro\/\"><\/fb:share-button><\/span><span class=\"mr_social_sharing\"><a rel=\"nofollow\" class=\"linksalpha_button linksalpha_link\" href=\"\/\/www.linksalpha.com\/social\/mobile\" data-url=\"http:\/\/www.blogdopilako.com.br\/wp\/2011\/09\/12\/47-anos-da-gamela-de-ouro\/\" data-text=\"47 anos da Gamela de Ouro\" data-desc=\"S\u00e1bado passado (10) aconteceu no restaurante Gamela de Ouro a festa em comemora\u00e7\u00e3o aos 47 anos daquela casa. O evento foi animado pela conhecida banda vitoriense, Nordestino do Forr\u00f3. \u00c9 oportuno lembrar que praticamente todos os s\u00e1bados, tem festas na Gamela.\" data-image=\"http:\/\/www.blogdopilako.com.br\/wp\/wp-content\/uploads\/gamela02.jpg\" data-button=\"none\">\n\t\t\t\t\t<img src=\"\/\/www.linksalpha.com\/images\/social_share_button.png\" alt=\"Share\" class=\"linksalpha_image\" \/>\n\t\t\t\t\t<\/a><script type=\"text\/javascript\" src=\"\/\/www.linksalpha.com\/scripts\/loader_iconbox.js?v=2.4\"><\/script><\/span><\/div><p style=\"text-align: justify;\"><a href=\"http:\/\/www.blogdopilako.com.br\/wp\/wp-content\/uploads\/gamela02.jpg\"><img loading=\"lazy\" class=\"aligncenter size-full wp-image-5053\" title=\"gamela02\" src=\"http:\/\/www.blogdopilako.com.br\/wp\/wp-content\/uploads\/gamela02.jpg\" alt=\"\" width=\"568\" height=\"426\" \/><\/a><\/p>\n<p style=\"text-align: justify;\">S\u00e1bado passado (10) aconteceu no restaurante <strong>Gamela de Ouro <\/strong>a festa em comemora\u00e7\u00e3o aos<strong> 47 anos daquela casa<\/strong>. O evento foi animado pela conhecida banda vitoriense, <strong>Nordestino do Forr\u00f3<\/strong>. \u00c9 oportuno lembrar que praticamente todos os s\u00e1bados, tem festas na Gamela.<\/p>\n\n\t\t\t\t<div class=\"mr_social_sharing_wrapper\">\n\t\t\t\t<!-- Social Sharing Toolkit v2.2 --><span class=\"mr_social_sharing_top\"><span style=\"display: inline-block; width: 55px; height: 62px; overflow: hidden;\"><div class=\"fb-like\" data-href=\"http:\/\/www.blogdopilako.com.br\/wp\/2011\/09\/12\/47-anos-da-gamela-de-ouro\/\" data-send=\"false\" data-layout=\"box_count\" data-width=\"55\" data-show-faces=\"false\"><\/div><\/span><\/span><span class=\"mr_social_sharing_top\"><fb:share-button type=\"box_count\" href=\"http:\/\/www.blogdopilako.com.br\/wp\/2011\/09\/12\/47-anos-da-gamela-de-ouro\/\"><\/fb:share-button><\/span><span class=\"mr_social_sharing\"><a rel=\"nofollow\" class=\"linksalpha_button linksalpha_link\" href=\"\/\/www.linksalpha.com\/social\/mobile\" data-url=\"http:\/\/www.blogdopilako.com.br\/wp\/2011\/09\/12\/47-anos-da-gamela-de-ouro\/\" data-text=\"47 anos da Gamela de Ouro\" data-desc=\"S\u00e1bado passado (10) aconteceu no restaurante Gamela de Ouro a festa em comemora\u00e7\u00e3o aos 47 anos daquela casa. O evento foi animado pela conhecida banda vitoriense, Nordestino do Forr\u00f3. \u00c9 oportuno lembrar que praticamente todos os s\u00e1bados, tem festas na Gamela.\" data-image=\"http:\/\/www.blogdopilako.com.br\/wp\/wp-content\/uploads\/gamela02.jpg\" data-button=\"none\">\n\t\t\t\t\t<img src=\"\/\/www.linksalpha.com\/images\/social_share_button.png\" alt=\"Share\" class=\"linksalpha_image\" \/>\n\t\t\t\t\t<\/a><script type=\"text\/javascript\" src=\"\/\/www.linksalpha.com\/scripts\/loader_iconbox.js?v=2.4\"><\/script><\/span><\/div>","protected":false},"excerpt":{"rendered":"\n\t\t\t\t<div class=\"mr_social_sharing_wrapper\">\n\t\t\t\t<!-- Social Sharing Toolkit v2.2 --><span class=\"mr_social_sharing_top\"><span style=\"display: inline-block; width: 55px; height: 62px; overflow: hidden;\"><div class=\"fb-like\" data-href=\"http:\/\/www.blogdopilako.com.br\/wp\/2011\/09\/12\/47-anos-da-gamela-de-ouro\/\" data-send=\"false\" data-layout=\"box_count\" data-width=\"55\" data-show-faces=\"false\"><\/div><\/span><\/span><span class=\"mr_social_sharing_top\"><fb:share-button type=\"box_count\" href=\"http:\/\/www.blogdopilako.com.br\/wp\/2011\/09\/12\/47-anos-da-gamela-de-ouro\/\"><\/fb:share-button><\/span><span class=\"mr_social_sharing\"><a rel=\"nofollow\" class=\"linksalpha_button linksalpha_link\" href=\"\/\/www.linksalpha.com\/social\/mobile\" data-url=\"http:\/\/www.blogdopilako.com.br\/wp\/2011\/09\/12\/47-anos-da-gamela-de-ouro\/\" data-text=\"47 anos da Gamela de Ouro\" data-desc=\"S\u00e1bado passado (10) aconteceu no restaurante Gamela de Ouro a festa em comemora\u00e7\u00e3o aos 47 anos daquela casa. O evento foi animado pela conhecida banda vitoriense, Nordestino do Forr\u00f3. \u00c9 oportuno lembrar que praticamente todos os s\u00e1bados, tem festas na Gamela.\" data-image=\"\" data-button=\"none\">\n\t\t\t\t\t<img src=\"\/\/www.linksalpha.com\/images\/social_share_button.png\" alt=\"Share\" class=\"linksalpha_image\" \/>\n\t\t\t\t\t<\/a><script type=\"text\/javascript\" src=\"\/\/www.linksalpha.com\/scripts\/loader_iconbox.js?v=2.4\"><\/script><\/span><\/div><p>S\u00e1bado passado (10) aconteceu no restaurante Gamela de Ouro a festa em comemora\u00e7\u00e3o aos 47 anos daquela casa. O evento foi animado pela conhecida banda vitoriense, Nordestino do Forr\u00f3. \u00c9 oportuno lembrar que praticamente todos os s\u00e1bados, tem festas na &hellip; <a href=\"http:\/\/www.blogdopilako.com.br\/wp\/2011\/09\/12\/47-anos-da-gamela-de-ouro\/\">Continue lendo <span class=\"meta-nav\">&rarr;<\/span><\/a><\/p>\n\n\t\t\t\t<div class=\"mr_social_sharing_wrapper\">\n\t\t\t\t<!-- Social Sharing Toolkit v2.2 --><span class=\"mr_social_sharing_top\"><span style=\"display: inline-block; width: 55px; height: 62px; overflow: hidden;\"><div class=\"fb-like\" data-href=\"http:\/\/www.blogdopilako.com.br\/wp\/2011\/09\/12\/47-anos-da-gamela-de-ouro\/\" data-send=\"false\" data-layout=\"box_count\" data-width=\"55\" data-show-faces=\"false\"><\/div><\/span><\/span><span class=\"mr_social_sharing_top\"><fb:share-button type=\"box_count\" href=\"http:\/\/www.blogdopilako.com.br\/wp\/2011\/09\/12\/47-anos-da-gamela-de-ouro\/\"><\/fb:share-button><\/span><span class=\"mr_social_sharing\"><a rel=\"nofollow\" class=\"linksalpha_button linksalpha_link\" href=\"\/\/www.linksalpha.com\/social\/mobile\" data-url=\"http:\/\/www.blogdopilako.com.br\/wp\/2011\/09\/12\/47-anos-da-gamela-de-ouro\/\" data-text=\"47 anos da Gamela de Ouro\" data-desc=\"S\u00e1bado passado (10) aconteceu no restaurante Gamela de Ouro a festa em comemora\u00e7\u00e3o aos 47 anos daquela casa. O evento foi animado pela conhecida banda vitoriense, Nordestino do Forr\u00f3. \u00c9 oportuno lembrar que praticamente todos os s\u00e1bados, tem festas na Gamela.\" data-image=\"\" data-button=\"none\">\n\t\t\t\t\t<img src=\"\/\/www.linksalpha.com\/images\/social_share_button.png\" alt=\"Share\" class=\"linksalpha_image\" \/>\n\t\t\t\t\t<\/a><script type=\"text\/javascript\" src=\"\/\/www.linksalpha.com\/scripts\/loader_iconbox.js?v=2.4\"><\/script><\/span><\/div>","protected":false},"author":4,"featured_media":0,"comment_status":"open","ping_status":"open","sticky":false,"template":"","format":"standard","meta":[],"categories":[22],"tags":[],"_links":{"self":[{"href":"http:\/\/www.blogdopilako.com.br\/wp\/wp-json\/wp\/v2\/posts\/5049"}],"collection":[{"href":"http:\/\/www.blogdopilako.com.br\/wp\/wp-json\/wp\/v2\/posts"}],"about":[{"href":"http:\/\/www.blogdopilako.com.br\/wp\/wp-json\/wp\/v2\/types\/post"}],"author":[{"embeddable":true,"href":"http:\/\/www.blogdopilako.com.br\/wp\/wp-json\/wp\/v2\/users\/4"}],"replies":[{"embeddable":true,"href":"http:\/\/www.blogdopilako.com.br\/wp\/wp-json\/wp\/v2\/comments?post=5049"}],"version-history":[{"count":4,"href":"http:\/\/www.blogdopilako.com.br\/wp\/wp-json\/wp\/v2\/posts\/5049\/revisions"}],"predecessor-version":[{"id":5264,"href":"http:\/\/www.blogdopilako.com.br\/wp\/wp-json\/wp\/v2\/posts\/5049\/revisions\/5264"}],"wp:attachment":[{"href":"http:\/\/www.blogdopilako.com.br\/wp\/wp-json\/wp\/v2\/media?parent=5049"}],"wp:term":[{"taxonomy":"category","embeddable":true,"href":"http:\/\/www.blogdopilako.com.br\/wp\/wp-json\/wp\/v2\/categories?post=5049"},{"taxonomy":"post_tag","embeddable":true,"href":"http:\/\/www.blogdopilako.com.br\/wp\/wp-json\/wp\/v2\/tags?post=5049"}],"curies":[{"name":"wp","href":"https:\/\/api.w.org\/{rel}","templated":true}]}}